{"id":1658,"date":"2013-03-20T10:04:00","date_gmt":"2013-03-20T09:04:00","guid":{"rendered":"https:\/\/www.slavonski-planinari.hr\/arhiva\/?p=1658"},"modified":"2023-01-03T10:06:24","modified_gmt":"2023-01-03T09:06:24","slug":"potpisan-protokol-o-suradnji-panonskih-planinara","status":"publish","type":"post","link":"https:\/\/www.slavonski-planinari.hr\/arhiva\/potpisan-protokol-o-suradnji-panonskih-planinara\/","title":{"rendered":"Potpisan protokol o suradnji Panonskih planinara"},"content":{"rendered":"<p>[et_pb_section fb_built=&#8221;1&#8243; theme_builder_area=&#8221;post_content&#8221; _builder_version=&#8221;4.19.4&#8243; _module_preset=&#8221;default&#8221;][et_pb_row _builder_version=&#8221;4.19.4&#8243; _module_preset=&#8221;default&#8221; theme_builder_area=&#8221;post_content&#8221;][et_pb_column _builder_version=&#8221;4.19.4&#8243; _module_preset=&#8221;default&#8221; type=&#8221;4_4&#8243; theme_builder_area=&#8221;post_content&#8221;][et_pb_text _builder_version=&#8221;4.19.4&#8243; _module_preset=&#8221;default&#8221; theme_builder_area=&#8221;post_content&#8221; hover_enabled=&#8221;0&#8243; sticky_enabled=&#8221;0&#8243;]<\/p>\n<div class=\"itemIntroText\">\n<p style=\"text-align: justify;\">U subotu 16.o\u017eujka o.g. u Novom Sadu, Otmar Tosenberger, predsjednik Slavonskog planarskog saveza i Iso Plani\u0107, predsjednik Planinarskog saveza Vojvodine potpisali su Protokol o suradnji dvaju saveza.<\/p>\n<\/div>\n<div class=\"itemFullText\">\n<p style=\"text-align: justify;\">\n<p style=\"text-align: justify;\">Potpisivanjem Protokola potpisnici se obvezuju na principima partnerstva, uzajamnosti i tolerancije sudjelovati na prekograni\u010dnim projektima od obostranog interesa.<\/p>\n<p style=\"text-align: justify;\">Potpisnici \u0107e zajedni\u010dki istra\u017eiti planinarske potrebe koje tra\u017ee (koja nisu osigurana u redovitim izvorima financiranja) ili ne tra\u017ee financijska ulaganja.<\/p>\n<p style=\"text-align: justify;\">Na principima prekograni\u010dne suradnje \u0107e se aplicirati na prora\u010dunska sredstva EU fondova u cilju gradnje i opremanja edukacijskih centara za obuku visokogorskih penja\u010da i alpinista, slobodno penjanje, obuku i trening gorskih spa\u0161avatelja, ishodi\u0161ta treking i orijentacijskih natjecanja, ure\u0111enje me\u0111unarodnih pje\u0161a\u010dkih putova i sli\u010dno.<\/p>\n<p style=\"text-align: center;\"><img loading=\"lazy\" decoding=\"async\" src=\"https:\/\/www.slavonski-planinari.hr\/arhiva\/wp-content\/uploads\/2023\/01\/povelja-je-potpisana.jpg\" width=\"571\" height=\"429\" alt=\"\" class=\"wp-image-1661 aligncenter size-full\" srcset=\"https:\/\/www.slavonski-planinari.hr\/arhiva\/wp-content\/uploads\/2023\/01\/povelja-je-potpisana.jpg 571w, https:\/\/www.slavonski-planinari.hr\/arhiva\/wp-content\/uploads\/2023\/01\/povelja-je-potpisana-480x361.jpg 480w\" sizes=\"(min-width: 0px) and (max-width: 480px) 480px, (min-width: 481px) 571px, 100vw\" \/><br \/><em><strong>Iso Plani\u0107 i Otmar Tosenberger<\/strong><\/em><\/p>\n<p style=\"text-align: justify;\">Posebnim aneksima \u0107e se usugla\u0161avati jednogodi\u0161nje zajedni\u010dke aktivnosti.<\/p>\n<p style=\"text-align: justify;\">Predvi\u0111eno je da potpisnici u realizaciju projekata uklju\u010de i druge relevantne \u010dimbenike (npr. \u017eupanije, gradove, parkove prirode i sl.) koji mogu pridonijeti afirmativnom predstavljanju projekata.<\/p>\n<p style=\"text-align: justify;\">Protokol je potpisan na neodre\u0111eni rok, ali uz mogu\u0107nost jednostranog otkazivanja u svakom momentu.<\/p>\n<p style=\"text-align: justify;\">Slijede susreti radi operacionalizacije Protokola.<\/p>\n<p style=\"text-align: justify;\"><img loading=\"lazy\" decoding=\"async\" src=\"https:\/\/www.slavonski-planinari.hr\/arhiva\/wp-content\/uploads\/2023\/01\/potpisani-protokol.jpg\" width=\"600\" height=\"837\" alt=\"\" class=\"wp-image-1660 aligncenter size-full\" srcset=\"https:\/\/www.slavonski-planinari.hr\/arhiva\/wp-content\/uploads\/2023\/01\/potpisani-protokol.jpg 600w, https:\/\/www.slavonski-planinari.hr\/arhiva\/wp-content\/uploads\/2023\/01\/potpisani-protokol-480x670.jpg 480w\" sizes=\"(min-width: 0px) and (max-width: 480px) 480px, (min-width: 481px) 600px, 100vw\" \/><\/p>\n<p style=\"text-align: justify;\">Prekograni\u010dni planinarski put po Fru\u0161koj gori, suradnja na realizaciji E-putova, edukacijski centar kod Batine, susreti, treninzi i natjecanja sportskih penja\u010da i alpinista &#8230; neki su od potencijalnih smjerova suradnje.<\/p>\n<p style=\"text-align: right;\">\u0110or\u0111e Bali\u0107, Osijek<\/p>\n<\/div>\n<p>[\/et_pb_text][\/et_pb_column][\/et_pb_row][\/et_pb_section]<\/p>\n","protected":false},"excerpt":{"rendered":"<p>U subotu 16.o\u017eujka o.g. u Novom Sadu, Otmar Tosenberger, predsjednik Slavonskog planarskog saveza i Iso Plani\u0107, predsjednik Planinarskog saveza Vojvodine potpisali su Protokol o suradnji dvaju saveza. Potpisivanjem Protokola potpisnici se obvezuju na principima partnerstva, uzajamnosti i tolerancije sudjelovati na prekograni\u010dnim projektima od obostranog interesa. Potpisnici \u0107e zajedni\u010dki istra\u017eiti planinarske potrebe koje tra\u017ee (koja nisu [&hellip;]<\/p>\n","protected":false},"author":1,"featured_media":0,"comment_status":"closed","ping_status":"open","sticky":false,"template":"","format":"standard","meta":{"_et_pb_use_builder":"on","_et_pb_old_content":"","_et_gb_content_width":"1080","footnotes":""},"categories":[27],"tags":[],"class_list":["post-1658","post","type-post","status-publish","format-standard","hentry","category-27"],"_links":{"self":[{"href":"https:\/\/www.slavonski-planinari.hr\/arhiva\/wp-json\/wp\/v2\/posts\/1658","targetHints":{"allow":["GET"]}}],"collection":[{"href":"https:\/\/www.slavonski-planinari.hr\/arhiva\/wp-json\/wp\/v2\/posts"}],"about":[{"href":"https:\/\/www.slavonski-planinari.hr\/arhiva\/wp-json\/wp\/v2\/types\/post"}],"author":[{"embeddable":true,"href":"https:\/\/www.slavonski-planinari.hr\/arhiva\/wp-json\/wp\/v2\/users\/1"}],"replies":[{"embeddable":true,"href":"https:\/\/www.slavonski-planinari.hr\/arhiva\/wp-json\/wp\/v2\/comments?post=1658"}],"version-history":[{"count":0,"href":"https:\/\/www.slavonski-planinari.hr\/arhiva\/wp-json\/wp\/v2\/posts\/1658\/revisions"}],"wp:attachment":[{"href":"https:\/\/www.slavonski-planinari.hr\/arhiva\/wp-json\/wp\/v2\/media?parent=1658"}],"wp:term":[{"taxonomy":"category","embeddable":true,"href":"https:\/\/www.slavonski-planinari.hr\/arhiva\/wp-json\/wp\/v2\/categories?post=1658"},{"taxonomy":"post_tag","embeddable":true,"href":"https:\/\/www.slavonski-planinari.hr\/arhiva\/wp-json\/wp\/v2\/tags?post=1658"}],"curies":[{"name":"wp","href":"https:\/\/api.w.org\/{rel}","templated":true}]}}