{"id":1654,"date":"2013-03-13T10:02:00","date_gmt":"2013-03-13T09:02:00","guid":{"rendered":"https:\/\/www.slavonski-planinari.hr\/arhiva\/?p=1654"},"modified":"2023-01-03T10:03:54","modified_gmt":"2023-01-03T09:03:54","slug":"podunavski-pjesacki-put-2","status":"publish","type":"post","link":"https:\/\/www.slavonski-planinari.hr\/arhiva\/podunavski-pjesacki-put-2\/","title":{"rendered":"Podunavski pje\u0161a\u010dki put"},"content":{"rendered":"<p>[et_pb_section fb_built=&#8221;1&#8243; theme_builder_area=&#8221;post_content&#8221; _builder_version=&#8221;4.19.4&#8243; _module_preset=&#8221;default&#8221;][et_pb_row _builder_version=&#8221;4.19.4&#8243; _module_preset=&#8221;default&#8221; theme_builder_area=&#8221;post_content&#8221;][et_pb_column _builder_version=&#8221;4.19.4&#8243; _module_preset=&#8221;default&#8221; type=&#8221;4_4&#8243; theme_builder_area=&#8221;post_content&#8221;][et_pb_text _builder_version=&#8221;4.19.4&#8243; _module_preset=&#8221;default&#8221; theme_builder_area=&#8221;post_content&#8221; hover_enabled=&#8221;0&#8243; sticky_enabled=&#8221;0&#8243;]<\/p>\n<div class=\"itemIntroText\">\n<p style=\"text-align: justify;\"><img loading=\"lazy\" decoding=\"async\" src=\"https:\/\/www.slavonski-planinari.hr\/arhiva\/wp-content\/uploads\/2023\/01\/zanatlija-1.jpg\" width=\"203\" height=\"142\" alt=\"\" class=\"wp-image-1656 alignleft size-full\" \/>Hrvatsko planinarsko dru\u0161tvo &#8220;Zanatlija&#8221; Osijek poziva vas na Podunavski pje\u0161a\u010dki put Mi\u0161ino Brdo \u2013 Aljma\u0161 \u2013 Erdut.<\/p>\n<p style=\"text-align: justify;\">Pohod \u0107e se odr\u017eati u nedjelju, 21. travnja 2013. godine.<\/p>\n<\/div>\n<div class=\"itemFullText\">\n<p style=\"text-align: justify;\">\n<p style=\"text-align: justify;\">Po\u0161tovani!<\/p>\n<p style=\"text-align: justify;\">Pozivamo Vas da svojim prisustvom uveli\u010date tradicionalnu manifestaciju\u00a0 \u201cPodunavski pje\u0161a\u010dki put Mi\u0161ino Brdo \u2013 Aljma\u0161 \u2013 Erdut\u201c.<\/p>\n<h3 style=\"text-align: justify;\">Program:<\/h3>\n<p style=\"text-align: justify;\">Do 09,00 sati predvi\u0111en je dolazak planinara autobusima izravno u Aljma\u0161, jutarnja kava u obli\u017enjem restoranu, posjet sveti\u0161tu \u201ePod lipom\u201c.<\/p>\n<p style=\"text-align: justify;\">U 10,00 polazak na hoda\u010dku turu (3,5 sata) prema Erdutu uz doma\u0107e vodi\u010de. Ovisno o vodostaju Dunava pohod \u0107e biti nastavljen pored same rijeke ili kroz vinograde IPK \u201eErdut\u201c.<\/p>\n<p style=\"text-align: justify;\">U vremenu od 15,00 do 16,00 sati\u00a0 mogu\u0107 je razgled Erdutske vinarije,\u00a0 koja nudi i kvalitetna vina po vrlo povoljnim cijenama. Cijena razgleda je 20,00 kuna.<\/p>\n<p style=\"text-align: justify;\">Od 13,00 sati organiziran je ru\u010dak. Ugostitelji nude grah s junetinom, \u010dobanac s divlja\u010di te riblji paprika\u0161 po cijeni od 20,00 kuna, i naravno, sve vrste pi\u0107a.<\/p>\n<p style=\"text-align: justify;\">U 17,00 sati predvi\u0111en je zavr\u0161etak programa.<\/p>\n<p style=\"text-align: justify;\">Molimo vas da svoj dolazak potvrdite predsjedniku dru\u0161tva do 20. travnja 2013. godine kako bi smo \u0161to kvalitetnije organizurali manifestaciju.<\/p>\n<p style=\"text-align: justify;\">Podatci potrebni za isto su broj sudionika dru\u0161tva, te broj zainteresiranih za obilazak Erdutske vinarije.<\/p>\n<p style=\"text-align: justify;\"><strong>Kontakt osoba:<\/strong><br \/>Marijan \u0160piranec (predsjednik)<br \/>GSM: 091\/540-95-48<\/p>\n<p style=\"text-align: right;\">Predsjednik:<br \/>Marijan \u0160piranec<\/p>\n<\/div>\n<p>[\/et_pb_text][\/et_pb_column][\/et_pb_row][\/et_pb_section]<\/p>\n","protected":false},"excerpt":{"rendered":"<p>Hrvatsko planinarsko dru\u0161tvo &#8220;Zanatlija&#8221; Osijek poziva vas na Podunavski pje\u0161a\u010dki put Mi\u0161ino Brdo \u2013 Aljma\u0161 \u2013 Erdut. Pohod \u0107e se odr\u017eati u nedjelju, 21. travnja 2013. godine. Po\u0161tovani! Pozivamo Vas da svojim prisustvom uveli\u010date tradicionalnu manifestaciju\u00a0 \u201cPodunavski pje\u0161a\u010dki put Mi\u0161ino Brdo \u2013 Aljma\u0161 \u2013 Erdut\u201c. Program: Do 09,00 sati predvi\u0111en je dolazak planinara autobusima izravno [&hellip;]<\/p>\n","protected":false},"author":1,"featured_media":0,"comment_status":"closed","ping_status":"open","sticky":false,"template":"","format":"standard","meta":{"_et_pb_use_builder":"on","_et_pb_old_content":"","_et_gb_content_width":"1080","footnotes":""},"categories":[27],"tags":[],"class_list":["post-1654","post","type-post","status-publish","format-standard","hentry","category-27"],"_links":{"self":[{"href":"https:\/\/www.slavonski-planinari.hr\/arhiva\/wp-json\/wp\/v2\/posts\/1654","targetHints":{"allow":["GET"]}}],"collection":[{"href":"https:\/\/www.slavonski-planinari.hr\/arhiva\/wp-json\/wp\/v2\/posts"}],"about":[{"href":"https:\/\/www.slavonski-planinari.hr\/arhiva\/wp-json\/wp\/v2\/types\/post"}],"author":[{"embeddable":true,"href":"https:\/\/www.slavonski-planinari.hr\/arhiva\/wp-json\/wp\/v2\/users\/1"}],"replies":[{"embeddable":true,"href":"https:\/\/www.slavonski-planinari.hr\/arhiva\/wp-json\/wp\/v2\/comments?post=1654"}],"version-history":[{"count":0,"href":"https:\/\/www.slavonski-planinari.hr\/arhiva\/wp-json\/wp\/v2\/posts\/1654\/revisions"}],"wp:attachment":[{"href":"https:\/\/www.slavonski-planinari.hr\/arhiva\/wp-json\/wp\/v2\/media?parent=1654"}],"wp:term":[{"taxonomy":"category","embeddable":true,"href":"https:\/\/www.slavonski-planinari.hr\/arhiva\/wp-json\/wp\/v2\/categories?post=1654"},{"taxonomy":"post_tag","embeddable":true,"href":"https:\/\/www.slavonski-planinari.hr\/arhiva\/wp-json\/wp\/v2\/tags?post=1654"}],"curies":[{"name":"wp","href":"https:\/\/api.w.org\/{rel}","templated":true}]}}