{"id":1646,"date":"2013-03-13T09:53:00","date_gmt":"2013-03-13T08:53:00","guid":{"rendered":"https:\/\/www.slavonski-planinari.hr\/arhiva\/?p=1646"},"modified":"2023-01-03T09:54:30","modified_gmt":"2023-01-03T08:54:30","slug":"xxxi-papucki-jaglaci","status":"publish","type":"post","link":"https:\/\/www.slavonski-planinari.hr\/arhiva\/xxxi-papucki-jaglaci\/","title":{"rendered":"XXXI Papu\u010dki jaglaci"},"content":{"rendered":"<p>[et_pb_section fb_built=&#8221;1&#8243; theme_builder_area=&#8221;post_content&#8221; _builder_version=&#8221;4.19.4&#8243; _module_preset=&#8221;default&#8221;][et_pb_row _builder_version=&#8221;4.19.4&#8243; _module_preset=&#8221;default&#8221; theme_builder_area=&#8221;post_content&#8221;][et_pb_column _builder_version=&#8221;4.19.4&#8243; _module_preset=&#8221;default&#8221; type=&#8221;4_4&#8243; theme_builder_area=&#8221;post_content&#8221;][et_pb_text _builder_version=&#8221;4.19.4&#8243; _module_preset=&#8221;default&#8221; theme_builder_area=&#8221;post_content&#8221; hover_enabled=&#8221;0&#8243; sticky_enabled=&#8221;0&#8243;]<\/p>\n<div class=\"itemIntroText\">\n<p style=\"text-align: justify;\"><img loading=\"lazy\" decoding=\"async\" src=\"https:\/\/www.slavonski-planinari.hr\/arhiva\/wp-content\/uploads\/2023\/01\/jaglac.jpg\" width=\"221\" height=\"154\" alt=\"\" class=\"wp-image-1648 alignleft size-full\" \/>Obavje\u0161tavamo vas da \u0107e se XXXI \u201ePapu\u010dki jaglaci\u201c, tradicionalana planinarska priredba, odr\u017eati dana 17.o\u017eujka 2013. Godine u Velikoj. Uz poziv \u010dlanovima va\u0161eg dru\u0161tva kao i svim ljubiteljima prirode za sudjelovanje na \u201ePapu\u010dkim jaglacima\u201c dajemo na uvid kra\u0107i\u00a0 sinopsis ove priredbe.<\/p>\n<\/div>\n<div class=\"itemFullText\">\n<p style=\"text-align: justify;\">Okupljanje svih sudionika smo zakazali do 9 sati ispred planinarskog doma \u201eLAPJAK\u201c u Velikoj. Napominjemo kako \u0107e istog dana biti otvoreno prizemlje Doma, te \u0107e kretanje na planinarske izlete, ru\u010dak i planinarska veselica biti organizirani na platou ispred Doma.<\/p>\n<p style=\"text-align: justify;\">Pozdravne rije\u010di organizatora su u 9 sati, a odlazak na planinarske izlete u pratnji vodi\u010da zakazali smo u 09,15 sati. Evo i ponude za ovogodi\u0161nje izlete:<\/p>\n<ol style=\"text-align: justify;\">\n<li>Pl. dom \u2013 Lapjak \u2013 Tauberove stijene \u2013 veli\u010dki grad \u2013 Dom.<\/li>\n<li>Pl. dom \u2013 Mali\u0161\u010dak \u2013 dom.<\/li>\n<li>Pl. dom \u2013 Nevolja\u0161 \u2013 Jankovac \u2013 Duboka \u2013 Dom.<\/li>\n<li>Pl. dom \u2013 Duboka \u2013 Jankovac \u2013 Duboka \u2013 Dom.<\/li>\n<li>Pl. dom \u2013 \u010ce\u0161ljakova\u010dki vis \u2013 Pl.ku\u0107a \u201eTri\u0161njica\u201c \u2013 Duboka i<\/li>\n<li>Pl. dom \u2013 Duboka \u2013 Pl. ku\u0107a \u201eTri\u0161njica\u201c \u2013 Dom.<\/li>\n<\/ol>\n<p style=\"text-align: justify;\">Ru\u010dak za sve sudionike je od 12-14 sati. Prodaja bonova za ru\u010dak, po dolasku (kod Doma) ili po ranijoj narud\u017ebi kod tajnika dru\u0161tva na mobilni tel. 092 254 56 54 (Drago Mikel).<\/p>\n<p style=\"text-align: justify;\">Molimo sva dru\u0161tva da pri dolasku na Jaglace svakako prijave svoje dru\u0161tvo i broj sudionika.<\/p>\n<p style=\"text-align: justify;\">Kao i prija\u0161njih godina, molimo sva planinarska dru\u0161tva koja na \u201ePapu\u010dke jaglace\u201c dolaze auto- busima , da autobuse parkiraju kod \u017dUPNE CRKVE. Osobne automobile treba parkirati isklju\u010divo na parkingu kod bazena. Napominjemo kako \u0107e do 11 sati kod parkirali\u0161ta biti zaprije\u010dena cesta kako bi se promet mogao uredno regulirat, a vozila parkirat.<\/p>\n<p style=\"text-align: right;\">HRVATSKO PLANINARSKO DRU\u0160TVO<br \/>\u201eSOKOLOVAC\u201c\u00a0\u00a0 PO\u017dEGA<\/p>\n<p style=\"text-align: right;\">Predsjednik:<br \/>Dr.sc. Antun Lovri\u0107<\/p>\n<\/div>\n<p>[\/et_pb_text][\/et_pb_column][\/et_pb_row][\/et_pb_section]<\/p>\n","protected":false},"excerpt":{"rendered":"<p>Obavje\u0161tavamo vas da \u0107e se XXXI \u201ePapu\u010dki jaglaci\u201c, tradicionalana planinarska priredba, odr\u017eati dana 17.o\u017eujka 2013. Godine u Velikoj. Uz poziv \u010dlanovima va\u0161eg dru\u0161tva kao i svim ljubiteljima prirode za sudjelovanje na \u201ePapu\u010dkim jaglacima\u201c dajemo na uvid kra\u0107i\u00a0 sinopsis ove priredbe. Okupljanje svih sudionika smo zakazali do 9 sati ispred planinarskog doma \u201eLAPJAK\u201c u Velikoj. Napominjemo [&hellip;]<\/p>\n","protected":false},"author":1,"featured_media":0,"comment_status":"closed","ping_status":"open","sticky":false,"template":"","format":"standard","meta":{"_et_pb_use_builder":"on","_et_pb_old_content":"","_et_gb_content_width":"1080","footnotes":""},"categories":[27],"tags":[],"class_list":["post-1646","post","type-post","status-publish","format-standard","hentry","category-27"],"_links":{"self":[{"href":"https:\/\/www.slavonski-planinari.hr\/arhiva\/wp-json\/wp\/v2\/posts\/1646","targetHints":{"allow":["GET"]}}],"collection":[{"href":"https:\/\/www.slavonski-planinari.hr\/arhiva\/wp-json\/wp\/v2\/posts"}],"about":[{"href":"https:\/\/www.slavonski-planinari.hr\/arhiva\/wp-json\/wp\/v2\/types\/post"}],"author":[{"embeddable":true,"href":"https:\/\/www.slavonski-planinari.hr\/arhiva\/wp-json\/wp\/v2\/users\/1"}],"replies":[{"embeddable":true,"href":"https:\/\/www.slavonski-planinari.hr\/arhiva\/wp-json\/wp\/v2\/comments?post=1646"}],"version-history":[{"count":0,"href":"https:\/\/www.slavonski-planinari.hr\/arhiva\/wp-json\/wp\/v2\/posts\/1646\/revisions"}],"wp:attachment":[{"href":"https:\/\/www.slavonski-planinari.hr\/arhiva\/wp-json\/wp\/v2\/media?parent=1646"}],"wp:term":[{"taxonomy":"category","embeddable":true,"href":"https:\/\/www.slavonski-planinari.hr\/arhiva\/wp-json\/wp\/v2\/categories?post=1646"},{"taxonomy":"post_tag","embeddable":true,"href":"https:\/\/www.slavonski-planinari.hr\/arhiva\/wp-json\/wp\/v2\/tags?post=1646"}],"curies":[{"name":"wp","href":"https:\/\/api.w.org\/{rel}","templated":true}]}}