{"id":1643,"date":"2013-03-01T09:50:00","date_gmt":"2013-03-01T08:50:00","guid":{"rendered":"https:\/\/www.slavonski-planinari.hr\/arhiva\/?p=1643"},"modified":"2023-01-03T09:52:47","modified_gmt":"2023-01-03T08:52:47","slug":"poziv-na-svecanu-skupstinu","status":"publish","type":"post","link":"https:\/\/www.slavonski-planinari.hr\/arhiva\/poziv-na-svecanu-skupstinu\/","title":{"rendered":"Poziv na sve\u010danu skup\u0161tinu"},"content":{"rendered":"<p>[et_pb_section fb_built=&#8221;1&#8243; theme_builder_area=&#8221;post_content&#8221; _builder_version=&#8221;4.19.4&#8243; _module_preset=&#8221;default&#8221;][et_pb_row _builder_version=&#8221;4.19.4&#8243; _module_preset=&#8221;default&#8221; theme_builder_area=&#8221;post_content&#8221;][et_pb_column _builder_version=&#8221;4.19.4&#8243; _module_preset=&#8221;default&#8221; type=&#8221;4_4&#8243; theme_builder_area=&#8221;post_content&#8221;][et_pb_text _builder_version=&#8221;4.19.4&#8243; _module_preset=&#8221;default&#8221; theme_builder_area=&#8221;post_content&#8221; hover_enabled=&#8221;0&#8243; sticky_enabled=&#8221;0&#8243;]<\/p>\n<div class=\"itemIntroText\">\n<p style=\"text-align: justify;\"><img loading=\"lazy\" decoding=\"async\" src=\"https:\/\/www.slavonski-planinari.hr\/arhiva\/wp-content\/uploads\/2023\/01\/sps_logo.jpg\" width=\"69\" height=\"69\" alt=\"\" class=\"wp-image-1307 alignleft size-full\" srcset=\"https:\/\/www.slavonski-planinari.hr\/arhiva\/wp-content\/uploads\/2023\/01\/sps_logo.jpg 292w, https:\/\/www.slavonski-planinari.hr\/arhiva\/wp-content\/uploads\/2023\/01\/sps_logo-150x150.jpg 150w\" sizes=\"(max-width: 69px) 100vw, 69px\" \/>Slavonski planinarski savez obilje\u017eava 50 godina od osnutka. Od samog po\u010detka je bio savez planinarskih udruga s podru\u010dja cijele Slavonije, neovisno o promjenama u nazivu i razgrani\u010denjima dr\u017eavne uprave.<\/p>\n<\/div>\n<div class=\"itemFullText\">\n<p style=\"text-align: justify;\">\n<p style=\"text-align: center;\"><span>POZIVAMO VAS DA NAM SE PRIDRU\u017dITE U OBILJE\u017dAVANJU OVE ZNA\u010cAJNE OBLJETNICE<\/span><\/p>\n<p style=\"text-align: justify;\"><span>i najavljujemo slijede\u0107i program:<\/span><\/p>\n<p style=\"text-align: center;\"><strong><span>\u201e50 GODINA OD PLANINARSKOG SAVEZA KOTARA OSIJEK DO SLAVONSKOG PLANINARSKOG SAVEZA\u201c<\/span><\/strong><\/p>\n<p style=\"text-align: justify;\">02.o\u017eujka 2013.godine (subota) u Osijeku<\/p>\n<ul style=\"text-align: justify;\">\n<li><span>10,00 sati \u2013 Gradska i sveu\u010dili\u0161na knji\u017enica Osijek, Europska avenija 24<br \/><strong>OTVORENJE IZLO\u017dBI:<br \/><\/strong>&#8211; Foto izlo\u017eba izbora radova koji su sudjelovali na Stalnom slavonskom\u00a0planinarskom digitalnom foto festivalu \u201eZbrda-zdola\u201c putem web stranice SPS\u00a0tijekom 2012.<br \/>&#8211; Izlo\u017eba na temu \u201e50 godina od POKO do SPS\u201c , dio projekta \u201eMuzejska zbirka\u00a0slavonskog planinarstva\u201c<\/span><\/li>\n<\/ul>\n<ul style=\"text-align: justify;\">\n<li><span>10,30 sati \u2013 \u00a0&#8211; Trg Slobode, kod &#8220;Supermarketa&#8221;\u00a0<br \/><\/span><span><strong>POKAZNA VJE\u017dBA GORSKE SLU\u017dBE SPA\u0160AVANJA<\/strong><\/span><\/li>\n<\/ul>\n<p style=\"text-align: justify;\">\n<ul style=\"text-align: justify;\">\n<li><span>11,00 sati \u2013 velika dvorana Gradske \u010detvrti \u201eGornji grad\u201c, Trg Lava Mirskog 1.<br \/><strong>SVE\u010cANA SKUP\u0160TINA SPS:<br \/><\/strong>&#8211; kratki referati o povijesti i pogledu na budu\u0107nost SPS<br \/>&#8211; prate\u0107i program uz sudjelovanje zbora, tambura\u0161a i projekciju fotografija<br \/>&#8211; potpisivanje Protokola o prekograni\u010dnoj suradnji s Planinarsko-smu\u010darskim\u00a0savezom Vojvodine\u00a0<br \/>&#8211; dodjela priznanja HPS i SPS<\/span><\/li>\n<\/ul>\n<p style=\"text-align: justify;\">\n<ul style=\"text-align: justify;\">\n<li><span>12,30 sati \u2013 DOMJENAK &#8211; predvorje velike dvorane<\/span><\/li>\n<\/ul>\n<p style=\"text-align: justify;\">\n<ul style=\"text-align: justify;\">\n<li><span>14,00 sati \u2013 mala dvorana u istom objektu &#8211; za delegate \u010dlanica SPS (poseban poziv)<br \/>redovna godi\u0161nja izvje\u0161tajna Skup\u0161tina SPS-a\u00a0<\/span><\/li>\n<\/ul>\n<p style=\"text-align: justify;\">\n<p style=\"text-align: justify;\">Program proslave je pod pokroviteljstvom Osje\u010dko-baranjske \u017eupanije a potvr\u0111eno je sudjelovanje \u017eupana, dr.sc. Vladimira \u0160i\u0161ljagi\u0107a.<\/p>\n<p style=\"text-align: justify;\"><span>Pozivamo \u010dlanice SPS da, osim delegata u Skup\u0161tini, obavijeste te na sve\u010danost povedu i starije planinare koji su stvarali povijest na\u0161e organizacije, neovisno o \u010dlanskom statusu.<\/span><\/p>\n<p style=\"text-align: justify;\"><span>Broj osoba koje dolaze obavezno prijavite do 28.velja\u010de 2013. kako bi lak\u0161e organizirali logistiku.<\/span><\/p>\n<p style=\"text-align: center;\"><span>Otmar Tosenberger, predsjednik SPS<\/span><\/p>\n<\/div>\n<p>[\/et_pb_text][\/et_pb_column][\/et_pb_row][\/et_pb_section]<\/p>\n","protected":false},"excerpt":{"rendered":"<p>Slavonski planinarski savez obilje\u017eava 50 godina od osnutka. Od samog po\u010detka je bio savez planinarskih udruga s podru\u010dja cijele Slavonije, neovisno o promjenama u nazivu i razgrani\u010denjima dr\u017eavne uprave. POZIVAMO VAS DA NAM SE PRIDRU\u017dITE U OBILJE\u017dAVANJU OVE ZNA\u010cAJNE OBLJETNICE i najavljujemo slijede\u0107i program: \u201e50 GODINA OD PLANINARSKOG SAVEZA KOTARA OSIJEK DO SLAVONSKOG PLANINARSKOG SAVEZA\u201c [&hellip;]<\/p>\n","protected":false},"author":1,"featured_media":0,"comment_status":"closed","ping_status":"open","sticky":false,"template":"","format":"standard","meta":{"_et_pb_use_builder":"on","_et_pb_old_content":"","_et_gb_content_width":"1080","footnotes":""},"categories":[27],"tags":[],"class_list":["post-1643","post","type-post","status-publish","format-standard","hentry","category-27"],"_links":{"self":[{"href":"https:\/\/www.slavonski-planinari.hr\/arhiva\/wp-json\/wp\/v2\/posts\/1643","targetHints":{"allow":["GET"]}}],"collection":[{"href":"https:\/\/www.slavonski-planinari.hr\/arhiva\/wp-json\/wp\/v2\/posts"}],"about":[{"href":"https:\/\/www.slavonski-planinari.hr\/arhiva\/wp-json\/wp\/v2\/types\/post"}],"author":[{"embeddable":true,"href":"https:\/\/www.slavonski-planinari.hr\/arhiva\/wp-json\/wp\/v2\/users\/1"}],"replies":[{"embeddable":true,"href":"https:\/\/www.slavonski-planinari.hr\/arhiva\/wp-json\/wp\/v2\/comments?post=1643"}],"version-history":[{"count":0,"href":"https:\/\/www.slavonski-planinari.hr\/arhiva\/wp-json\/wp\/v2\/posts\/1643\/revisions"}],"wp:attachment":[{"href":"https:\/\/www.slavonski-planinari.hr\/arhiva\/wp-json\/wp\/v2\/media?parent=1643"}],"wp:term":[{"taxonomy":"category","embeddable":true,"href":"https:\/\/www.slavonski-planinari.hr\/arhiva\/wp-json\/wp\/v2\/categories?post=1643"},{"taxonomy":"post_tag","embeddable":true,"href":"https:\/\/www.slavonski-planinari.hr\/arhiva\/wp-json\/wp\/v2\/tags?post=1643"}],"curies":[{"name":"wp","href":"https:\/\/api.w.org\/{rel}","templated":true}]}}