{"id":1635,"date":"2013-02-06T09:44:00","date_gmt":"2013-02-06T08:44:00","guid":{"rendered":"https:\/\/www.slavonski-planinari.hr\/arhiva\/?p=1635"},"modified":"2023-01-03T09:45:40","modified_gmt":"2023-01-03T08:45:40","slug":"kalendar-znacajnih-dogadanja-u-2013","status":"publish","type":"post","link":"https:\/\/www.slavonski-planinari.hr\/arhiva\/kalendar-znacajnih-dogadanja-u-2013\/","title":{"rendered":"Kalendar zna\u010dajnih doga\u0111anja u 2013."},"content":{"rendered":"<p>[et_pb_section fb_built=&#8221;1&#8243; theme_builder_area=&#8221;post_content&#8221; _builder_version=&#8221;4.19.4&#8243; _module_preset=&#8221;default&#8221;][et_pb_row _builder_version=&#8221;4.19.4&#8243; _module_preset=&#8221;default&#8221; theme_builder_area=&#8221;post_content&#8221;][et_pb_column _builder_version=&#8221;4.19.4&#8243; _module_preset=&#8221;default&#8221; type=&#8221;4_4&#8243; theme_builder_area=&#8221;post_content&#8221;][et_pb_text _builder_version=&#8221;4.19.4&#8243; _module_preset=&#8221;default&#8221; theme_builder_area=&#8221;post_content&#8221; hover_enabled=&#8221;0&#8243; sticky_enabled=&#8221;0&#8243;]<\/p>\n<p style=\"text-align: center;\"><span>SLAVONSKI PLANINARSKI SAVEZ I NJEGOVE \u010cLANICE<\/span><\/p>\n<h2 style=\"text-align: center;\"><span>Kalendar najavljenih akcija u 2013.\u00a0<\/span><\/h2>\n<p><strong><span>Sije\u010danj\u00a0<\/span><\/strong><\/p>\n<ul>\n<li><span>06.01. 15. Novogodi\u0161nji pohod PP VRA \u201eBljesak\u201c , PD Zmajevac Novska<br \/>(kontakt Davor Augustin, 098\/28 50 04, e-mail\u00a0<span id=\"cloak28fa243d0e0d420f4dc350437aea730f\"><a href=\"mailto:pd.zmajevc@gmail.com\">pd.zmajevc@gmail.com<\/a><\/span>\u00a0\u00a0\u00a0<\/span><\/li>\n<li><span>27.01. \u00a0Zadnji prvoga, Gazije, HPD Sunovrat \u0110ur\u0111enovac<\/span><\/li>\n<\/ul>\n<p><strong><span>\u00a0<\/span><\/strong><\/p>\n<p><strong><span>Velja\u010da<\/span><\/strong><\/p>\n<ul>\n<li><span>17.02. ZIMBA &#8211; zima u Baranji, HPD Zanatlija Osijek<br \/>(Vladimir Pavi\u010di\u0107, mob. 091 22 71 789, e-mail:\u00a0<span id=\"cloakc3839a839c6cb53f332449b133841530\"><a href=\"mailto:vladimir.pavicic@voda.hr\">vladimir.pavicic@voda.hr<\/a><\/span>)\u00a0<\/span><\/li>\n<\/ul>\n<p><strong><span>\u00a0<\/span><\/strong><\/p>\n<p><strong><span>O\u017eujak<\/span><\/strong><\/p>\n<ul>\n<li><strong><span>02.03. Sve\u010dana Godi\u0161nja skup\u0161tina SPS, 50 godina, Osijek<\/span><\/strong><\/li>\n<li><span>16.03. Na\u0161i\u010dki kri\u017eni put, PD Krndija Na\u0161ice\u00a0<br \/>(Dr.Slavko \u017dagar-031\/613-613, Ivan Sporinski -031 611609)<\/span><\/li>\n<li><span>17.03. Papu\u010dki jaglaci, Velika, HPD Sokolovac Po\u017eega<\/span><\/li>\n<\/ul>\n<p><strong><span>\u00a0<\/span><\/strong><\/p>\n<p><strong><span>Travanj<\/span><\/strong><\/p>\n<ul>\n<li><span>14.04. Od Ivane do Tadije, HPD Dilj gora Sl.Brod<\/span><\/li>\n<li><span>21.04. Podunavski pje\u0161a\u010dki put, HPD Zanatlija Osijek<\/span><\/li>\n<\/ul>\n<p><strong><span>\u00a0<\/span><\/strong><\/p>\n<p><strong><span>Svibanj<\/span><\/strong><\/p>\n<ul>\n<li><span>01.05. \u00a016. pohod povodom VRA \u201eBljesak\u201c , PD Zmajevac Novska<br \/>(kontakt Davor Augustin, 098\/28 50 04, e-mail\u00a0<span id=\"cloak119dc609b24fe7f213c750f81473cb6e\"><a href=\"mailto:pd.zmajevc@gmail.com\">pd.zmajevc@gmail.com<\/a><\/span>\u00a0\u00a0\u00a0<\/span><\/li>\n<li><span>11.05. \u00a0Beli\u0161\u0107anski podravski pje\u0161a\u010dki put, HPD Beli\u0161\u0107e<br \/>(mjesto odr\u017eavanja: Kajak klub kod dravskog mosta u Beli\u0161\u0107u, duljina staze:du\u017ea 5 sati, kra\u0107a 3 sata)<\/span><\/li>\n<li><span>12.05. Obilazak Na\u0161i\u010dkog PP, PD Krndija Na\u0161ice<br \/>(Stjepan Mravlin\u010di\u0107-091\/9361702, Branko Budimir-099\/8100050,\u00a0<span id=\"cloak088fcff387da7685727ba8c81df0fcb9\"><a href=\"mailto:pldr.krndija@gmail.com\">pldr.krndija@gmail.com<\/a><\/span>\u00a0)<\/span><\/li>\n<li><strong><span>18. i 19.05. 3. Pohod Slavonskim planinama, dionica Dilj, SPS<\/span><\/strong><\/li>\n<li><strong><span>25.i 26.05. Dani hrvatskih planinara, Vodice (\u017dumberak), organizirani odlazak slavonskih planinara autobusima, SPS i Stanica vodi\u010da Slavonije\u00a0<\/span><\/strong><\/li>\n<li><span>25. i 26.05. Godi\u0161njica PD Mali\u0161\u0107ak Velika \u00a0<\/span><\/li>\n<\/ul>\n<p><strong><span>\u00a0<\/span><\/strong><\/p>\n<p><strong><span>Lipanj<\/span><\/strong><\/p>\n<ul>\n<li><span>02.06. susret planinara pjesnika i slikara na Sovskom jezeru, HPD Sokolovac Po\u017eega<\/span><\/li>\n<li><span>02.06. Viroviti\u010dki susret planinara na ribnjacima, HPD Papuk Virovitica<\/span><\/li>\n<li><span>02.06. \u00a0Pohod Sv. Bernarda, PD Krndija Na\u0161ice<\/span><\/li>\n<li><span>09.06. \u00a0Antunovski piknik, PD Krndija Na\u0161ice\u00a0<br \/>(Stjepan Mravlin\u010di\u0107-091\/9361702, Branko Budimir-099\/8100050,\u00a0<span id=\"cloak2f80ae9ea0a494b80547c55af24bd9c1\"><a href=\"mailto:pldr.krndija@gmail.com\">pldr.krndija@gmail.com<\/a><\/span>\u00a0)<\/span><\/li>\n<li><span>15.06. Lipanj u Lipiku, HPD Lipa Lipik<\/span><\/li>\n<li><strong><span>23.06. Dan Krndije i otvorenje turisti\u010dke sezone u Orahovici, HPD Orahovica \u00a0<\/span><\/strong><\/li>\n<li><span>29.06. i 30.06. Petrovo na Petrovom vrhu, PD Petrov vrh Daruvar<\/span><\/li>\n<\/ul>\n<p><strong><span>\u00a0<\/span><\/strong><\/p>\n<p><strong><span>Srpanj \u2013 nema prijava<\/span><\/strong><\/p>\n<p><strong><span>\u00a0<\/span><\/strong><\/p>\n<p><strong><span>Kolovoz<\/span><\/strong><\/p>\n<ul>\n<li><span>04.i 05.08. Uspon na Dinaru, HPS<\/span><\/li>\n<\/ul>\n<p><strong><span>\u00a0<\/span><\/strong><\/p>\n<p><strong><span>Rujan<\/span><\/strong><\/p>\n<ul>\n<li><strong><span>01.09. 38.Slet planinara Slavonije, SPS i HPD Papuk Virovitica<\/span><\/strong><\/li>\n<li><span>08.09. Tragom zapisa Julija Kempfa &#8211; izlet na Dilj goru, HPD Sokolovac Po\u017eega<\/span><\/li>\n<li><span>29.09. Kroz vinograde i \u0161ume \u2013 HPD Sokol Feri\u010danci<\/span><\/li>\n<\/ul>\n<p><strong><span>\u00a0<\/span><\/strong><\/p>\n<p><strong><span>Listopad<\/span><\/strong><\/p>\n<ul>\n<li><span>12.10. &#8220;Vratimo se prirodi&#8221; &#8211; svjetski Dan pje\u0161a\u010denja \u00a0\u2013 HPD Zanatlija Osijek<\/span><\/li>\n<li><span>13.10. Tragom prvog izleta \u2013 PD Krndija Na\u0161ice<br \/>(Stjepan Mravlin\u010di\u0107-091\/9361702, Branko Budimir-099\/8100050,\u00a0<span id=\"cloakf742547d000ba2669b0e919a53a44f9e\"><a href=\"mailto:pldr.krndija@gmail.com\">pldr.krndija@gmail.com<\/a><\/span>\u00a0)<\/span><\/li>\n<li><span>13.10. Krndijom do zdravlja \u2013 HPD Sunovrat \u0110ur\u0111enovac<\/span><\/li>\n<li><strong><span>12.\/13. i 19\/20.10. Te\u010daj za vodi\u010de A kategorije, HPS i Stanica vodi\u010da Slavonije<\/span><\/strong><\/li>\n<li><strong><span>26.10. Sastanak predsjednika \u010dlanica SPS<\/span><\/strong><\/li>\n<\/ul>\n<p><strong><span>\u00a0<\/span><\/strong><\/p>\n<p><strong><span>Studeni<\/span><\/strong><\/p>\n<ul>\n<li><span>03.11. \u00a0Pohod na najvi\u0161i vrh Slavonije, HPD Strmac Nova Gradi\u0161ka<\/span><\/li>\n<li><span>4.-10.11. Planinarski tjedan u Na\u0161icama, PD Krndija Na\u0161ice<br \/>(Stjepan Mravlin\u010di\u0107-091\/9361702, Branko Budimir-099\/8100050,\u00a0<span id=\"cloak040bfffefa2b9b7aa0cfe4f23a2fe1fb\"><a href=\"mailto:pldr.krndija@gmail.com\">pldr.krndija@gmail.com<\/a><\/span>\u00a0)<\/span><\/li>\n<li><span>9. i 10. 11. Martinje u Kutjevu, PD Vidim Kutjevo<\/span><\/li>\n<li><span>17.11. Jesen na \u010cardaku, pohod i susreti , HPD Tikvica \u017dupanja<br \/>(Kontakti: Ratko Zovki\u0107, 098\/618-337 i Marko Miki\u0107, 099\/56-62-122)<\/span><\/li>\n<\/ul>\n<p><strong><span>\u00a0<\/span><\/strong><\/p>\n<p><strong><span>Prosinac<\/span><\/strong><\/p>\n<ul>\n<li><span>01.12. Mem. pohod na An\u0111inu baraku, PD Mali\u0161\u010dak Velika<\/span><\/li>\n<li><span>01.12. Prvi zadnjega, Gazije, HPD Sunovrat \u0110ur\u0111enovac<\/span><\/li>\n<li><strong><span>08.12. Me\u0111unarodni dan planina \u2013 SPS, PPP \u00a0i HPS<\/span><\/strong><\/li>\n<li><span>14.12. 18. Memorijalni pohod &#8220;Fokinom stazom 1991.&#8221;, PD Psunj Pakrac<br \/>(Kontakti: Kre\u0161o \u010cehuli\u0107 &#8211; 098 185 01 31, \u00a0Borislav \u010cerni &#8211; 098 325 508 &#8211;\u00a0<span id=\"cloakf10830ba06cb4d95846f0beebf1092a4\"><a href=\"mailto:borislav.cerni@po.t-com.hr\">borislav.cerni@po.t-com.hr<\/a><\/span>, \u00a0ili na mail od dru\u0161tva &#8211;\u00a0<span id=\"cloakcfa52b7f18d64cc9317bc2db43eabb8e\"><a href=\"mailto:pakrac@pdpsunj.hr\">pakrac@pdpsunj.hr<\/a><\/span>.)<\/span><\/li>\n<\/ul>\n<p><span><strong>\u00a0<\/strong><\/span><\/p>\n<p><span><strong>Napomena<\/strong>: za detalje o navedenim aktivnostima obratite se \u00a0organizatorima.\u00a0<\/span><\/p>\n<p>Kalendar je sastavljen na temelju prijava doga\u0111anja koje su, kao zna\u010dajne, istaknuli sami organizatori.\u00a0<span>Puno toga nije navedeno, a nalazi se u godi\u0161njim planovima dru\u0161tava.<\/span><\/p>\n<p>Tijekom godine se mogu najavljivati sva zanimljiva doga\u0111anja na web stranici sps:<\/p>\n<p>www.slavonski-planinarski-savez.hr<\/p>\n<p>Podebljano su akcije u kojima je organizator ili suorganizator SPS.<\/p>\n<p>[\/et_pb_text][\/et_pb_column][\/et_pb_row][\/et_pb_section]<\/p>\n","protected":false},"excerpt":{"rendered":"<p>SLAVONSKI PLANINARSKI SAVEZ I NJEGOVE \u010cLANICE Kalendar najavljenih akcija u 2013.\u00a0 Sije\u010danj\u00a0 06.01. 15. Novogodi\u0161nji pohod PP VRA \u201eBljesak\u201c , PD Zmajevac Novska(kontakt Davor Augustin, 098\/28 50 04, e-mail\u00a0pd.zmajevc@gmail.com\u00a0\u00a0\u00a0 27.01. \u00a0Zadnji prvoga, Gazije, HPD Sunovrat \u0110ur\u0111enovac \u00a0 Velja\u010da 17.02. ZIMBA &#8211; zima u Baranji, HPD Zanatlija Osijek(Vladimir Pavi\u010di\u0107, mob. 091 22 71 789, e-mail:\u00a0vladimir.pavicic@voda.hr)\u00a0 \u00a0 [&hellip;]<\/p>\n","protected":false},"author":1,"featured_media":0,"comment_status":"closed","ping_status":"open","sticky":false,"template":"","format":"standard","meta":{"_et_pb_use_builder":"on","_et_pb_old_content":"","_et_gb_content_width":"1080","footnotes":""},"categories":[27],"tags":[],"class_list":["post-1635","post","type-post","status-publish","format-standard","hentry","category-27"],"_links":{"self":[{"href":"https:\/\/www.slavonski-planinari.hr\/arhiva\/wp-json\/wp\/v2\/posts\/1635","targetHints":{"allow":["GET"]}}],"collection":[{"href":"https:\/\/www.slavonski-planinari.hr\/arhiva\/wp-json\/wp\/v2\/posts"}],"about":[{"href":"https:\/\/www.slavonski-planinari.hr\/arhiva\/wp-json\/wp\/v2\/types\/post"}],"author":[{"embeddable":true,"href":"https:\/\/www.slavonski-planinari.hr\/arhiva\/wp-json\/wp\/v2\/users\/1"}],"replies":[{"embeddable":true,"href":"https:\/\/www.slavonski-planinari.hr\/arhiva\/wp-json\/wp\/v2\/comments?post=1635"}],"version-history":[{"count":0,"href":"https:\/\/www.slavonski-planinari.hr\/arhiva\/wp-json\/wp\/v2\/posts\/1635\/revisions"}],"wp:attachment":[{"href":"https:\/\/www.slavonski-planinari.hr\/arhiva\/wp-json\/wp\/v2\/media?parent=1635"}],"wp:term":[{"taxonomy":"category","embeddable":true,"href":"https:\/\/www.slavonski-planinari.hr\/arhiva\/wp-json\/wp\/v2\/categories?post=1635"},{"taxonomy":"post_tag","embeddable":true,"href":"https:\/\/www.slavonski-planinari.hr\/arhiva\/wp-json\/wp\/v2\/tags?post=1635"}],"curies":[{"name":"wp","href":"https:\/\/api.w.org\/{rel}","templated":true}]}}