{"id":1630,"date":"2013-01-27T09:42:00","date_gmt":"2013-01-27T08:42:00","guid":{"rendered":"https:\/\/www.slavonski-planinari.hr\/arhiva\/?p=1630"},"modified":"2023-01-03T09:44:00","modified_gmt":"2023-01-03T08:44:00","slug":"broj-clanova-planinarskih-drustava-claninica-sps-a","status":"publish","type":"post","link":"https:\/\/www.slavonski-planinari.hr\/arhiva\/broj-clanova-planinarskih-drustava-claninica-sps-a\/","title":{"rendered":"Broj \u010dlanova planinarskih dru\u0161tava \u010dlaninica SPS-a"},"content":{"rendered":"<p>[et_pb_section fb_built=&#8221;1&#8243; theme_builder_area=&#8221;post_content&#8221; _builder_version=&#8221;4.19.4&#8243; _module_preset=&#8221;default&#8221;][et_pb_row _builder_version=&#8221;4.19.4&#8243; _module_preset=&#8221;default&#8221; theme_builder_area=&#8221;post_content&#8221;][et_pb_column _builder_version=&#8221;4.19.4&#8243; _module_preset=&#8221;default&#8221; type=&#8221;4_4&#8243; theme_builder_area=&#8221;post_content&#8221;][et_pb_text _builder_version=&#8221;4.19.4&#8243; _module_preset=&#8221;default&#8221; theme_builder_area=&#8221;post_content&#8221; hover_enabled=&#8221;0&#8243; sticky_enabled=&#8221;0&#8243;]<\/p>\n<p><span><img loading=\"lazy\" decoding=\"async\" src=\"https:\/\/www.slavonski-planinari.hr\/arhiva\/wp-content\/uploads\/2023\/01\/hpd_sps2.jpg\" width=\"138\" height=\"98\" alt=\"\" class=\"wp-image-1633 alignleft size-full\" \/>Pogledajte broj \u010dlanova planinarskih dru\u0161tava \u010dlaninica Slavonskog planinarskog saveza sa\u00a0<\/span><span>stanjem na dan 31.12.2012.godine po starosnim skupinama.<\/span><span>\u00a0<\/span><\/p>\n<p style=\"text-align: right;\"><span>Izvor podataka: HPS<br \/><\/span><span>Obrada:SPS<\/span><\/p>\n<p style=\"text-align: right;\"><span><\/span><\/p>\n<p style=\"text-align: right;\"><span><img loading=\"lazy\" decoding=\"async\" src=\"https:\/\/www.slavonski-planinari.hr\/arhiva\/wp-content\/uploads\/2023\/01\/br_clanovaSPS.jpg\" width=\"587\" height=\"696\" alt=\"\" class=\"wp-image-1632 aligncenter size-full\" srcset=\"https:\/\/www.slavonski-planinari.hr\/arhiva\/wp-content\/uploads\/2023\/01\/br_clanovaSPS.jpg 587w, https:\/\/www.slavonski-planinari.hr\/arhiva\/wp-content\/uploads\/2023\/01\/br_clanovaSPS-480x569.jpg 480w\" sizes=\"(min-width: 0px) and (max-width: 480px) 480px, (min-width: 481px) 587px, 100vw\" \/><\/span><\/p>\n<p>[\/et_pb_text][\/et_pb_column][\/et_pb_row][\/et_pb_section]<\/p>\n","protected":false},"excerpt":{"rendered":"<p>Pogledajte broj \u010dlanova planinarskih dru\u0161tava \u010dlaninica Slavonskog planinarskog saveza sa\u00a0stanjem na dan 31.12.2012.godine po starosnim skupinama.\u00a0 Izvor podataka: HPSObrada:SPS<\/p>\n","protected":false},"author":1,"featured_media":0,"comment_status":"closed","ping_status":"open","sticky":false,"template":"","format":"standard","meta":{"_et_pb_use_builder":"on","_et_pb_old_content":"","_et_gb_content_width":"1080","footnotes":""},"categories":[27],"tags":[],"class_list":["post-1630","post","type-post","status-publish","format-standard","hentry","category-27"],"_links":{"self":[{"href":"https:\/\/www.slavonski-planinari.hr\/arhiva\/wp-json\/wp\/v2\/posts\/1630","targetHints":{"allow":["GET"]}}],"collection":[{"href":"https:\/\/www.slavonski-planinari.hr\/arhiva\/wp-json\/wp\/v2\/posts"}],"about":[{"href":"https:\/\/www.slavonski-planinari.hr\/arhiva\/wp-json\/wp\/v2\/types\/post"}],"author":[{"embeddable":true,"href":"https:\/\/www.slavonski-planinari.hr\/arhiva\/wp-json\/wp\/v2\/users\/1"}],"replies":[{"embeddable":true,"href":"https:\/\/www.slavonski-planinari.hr\/arhiva\/wp-json\/wp\/v2\/comments?post=1630"}],"version-history":[{"count":0,"href":"https:\/\/www.slavonski-planinari.hr\/arhiva\/wp-json\/wp\/v2\/posts\/1630\/revisions"}],"wp:attachment":[{"href":"https:\/\/www.slavonski-planinari.hr\/arhiva\/wp-json\/wp\/v2\/media?parent=1630"}],"wp:term":[{"taxonomy":"category","embeddable":true,"href":"https:\/\/www.slavonski-planinari.hr\/arhiva\/wp-json\/wp\/v2\/categories?post=1630"},{"taxonomy":"post_tag","embeddable":true,"href":"https:\/\/www.slavonski-planinari.hr\/arhiva\/wp-json\/wp\/v2\/tags?post=1630"}],"curies":[{"name":"wp","href":"https:\/\/api.w.org\/{rel}","templated":true}]}}