{"id":1609,"date":"2013-01-23T09:25:00","date_gmt":"2013-01-23T08:25:00","guid":{"rendered":"https:\/\/www.slavonski-planinari.hr\/arhiva\/?p=1609"},"modified":"2023-01-03T09:39:03","modified_gmt":"2023-01-03T08:39:03","slug":"pobjednici-digitalnog-foto-festivala-2012","status":"publish","type":"post","link":"https:\/\/www.slavonski-planinari.hr\/arhiva\/pobjednici-digitalnog-foto-festivala-2012\/","title":{"rendered":"Pobjednici digitalnog foto festivala 2012."},"content":{"rendered":"<p>[et_pb_section fb_built=&#8221;1&#8243; _builder_version=&#8221;4.19.4&#8243; _module_preset=&#8221;default&#8221; custom_padding=&#8221;4px||72px|||&#8221; global_colors_info=&#8221;{}&#8221; theme_builder_area=&#8221;post_content&#8221;][et_pb_row _builder_version=&#8221;4.19.4&#8243; _module_preset=&#8221;default&#8221; global_colors_info=&#8221;{}&#8221; theme_builder_area=&#8221;post_content&#8221;][et_pb_column type=&#8221;4_4&#8243; _builder_version=&#8221;4.19.4&#8243; _module_preset=&#8221;default&#8221; global_colors_info=&#8221;{}&#8221; theme_builder_area=&#8221;post_content&#8221;][et_pb_text _builder_version=&#8221;4.19.4&#8243; _module_preset=&#8221;default&#8221; hover_enabled=&#8221;0&#8243; global_colors_info=&#8221;{}&#8221; theme_builder_area=&#8221;post_content&#8221; sticky_enabled=&#8221;0&#8243;]<\/p>\n<p style=\"text-align: justify;\"><span>Ocjenjiva\u010dki sud u sastavu\u00a0<\/span><span>Vlado Obad (predsjednik), Miroslav Adam i Zvonimir Tanocki\u00a0<\/span><span>pregledao je slike prispjele na sve 4 teme u 2012. godini i donio slijede\u0107i zaklju\u010dak:<\/span><\/p>\n<p style=\"text-align: justify;\"><strong><span>TEMA 1, \u00a0ZIMA U SLAVONSKOM GORJU<\/span><\/strong><\/p>\n<ol style=\"text-align: justify;\">\n<li><span>\u017deljko Car: Na rubu \u0161ume\u00a0<\/span><\/li>\n<li><span>Silvijo Leben: Vodopad<\/span><\/li>\n<li><span>Mila Andri\u0107: Rasko\u0161 slapa\u00a0<\/span><\/li>\n<\/ol>\n<p style=\"text-align: justify;\"><strong><span>TEMA 2, STARE GRADINE U SLAVONSKOM GORJU<\/span><\/strong><\/p>\n<ol style=\"text-align: justify;\">\n<li><span>\u017deljko Car: Sje\u0107anje na pro\u0161lost &#8211; broj bodova: 28<\/span><\/li>\n<li><span>Davor Matas: Zidine Ru\u017eica grada &#8211; broj bodova: 24<\/span><\/li>\n<li><span>Berislav Tkalac: Gra\u010danica grad u o\u017eujku &#8211; broj bodova: 21<\/span><\/li>\n<\/ol>\n<p style=\"text-align: justify;\"><strong><span>TEMA 3, VRHOVI SLAVONSKIH GORA<\/span><\/strong><\/p>\n<ol style=\"text-align: justify;\">\n<li><span>Nikolina Tomi\u0107: Panorama Mali\u0161\u010dak &#8211; broj bodova: 22<\/span><\/li>\n<li><span>Davor Matas: Drenova Glava, Tisovac &#8211; broj bodova: 13<\/span><\/li>\n<\/ol>\n<p style=\"text-align: justify;\"><strong><span>TEMA 4, PLANINARSKA DOGA\u0110ANJA\u00a0<\/span><\/strong><\/p>\n<ol style=\"text-align: justify;\">\n<li><span>Davor Matas: Me\u0111unarodni dan planina 2009 &#8211; broj bodova: 28<\/span><\/li>\n<li><span>Davor Matas: Janino bilo ISPO 2010 &#8211; broj bodova: 22<\/span><\/li>\n<\/ol>\n<h3 style=\"text-align: justify;\"><span>ZAKLJU\u010cAK:<\/span><\/h3>\n<p style=\"text-align: justify;\"><span>U temama 3 i 4 nagra\u0111ene su samo 2 fotografije jer su preostale puno lo\u0161ije kvalitete.<\/span><\/p>\n<p style=\"text-align: justify;\"><span>Osim nagra\u0111enih, bit \u0107e izlo\u017eene fotografije do 10. mjesta za teme 1 i 2, do 4. mjesta u temi 3 i do 6. mjesta u temi 4 jer je prijavljen vrlo mali broj fotografija lo\u0161e kvalitete. Ukupno \u0107e biti izlo\u017eeno 30 fotografija.<\/span><\/p>\n<p style=\"text-align: justify;\"><span>Autori izlo\u017eenih fotografija \u00a0dobivaju diplomu za sudjelovanje.<\/span><\/p>\n<p style=\"text-align: justify;\"><span>Autori, \u010dije fotografije ne\u0107e biti izlo\u017eene, dobivaju zahvalnice za sudjelovanje.<\/span><\/p>\n<p style=\"text-align: justify;\"><span>Nagrade, diplome i zahvalnice \u0107e biti uru\u010dene autorima prigodom prvog otvaranja godi\u0161nje izlo\u017ebe\u00a0<\/span><span>2.o\u017eujka,2013. u Gradskoj i sveu\u010dili\u0161noj knji\u017enici Osijek.<\/span><\/p>\n<p style=\"text-align: justify;\"><span>Izlo\u017eba \u0107e se uprili\u010diti tijekom 2013. i u drugim mjestima gdje djeluju planinari ako postoje odgovaraju\u0107i prostorni uvjeti.<\/span><\/p>\n<p style=\"text-align: justify;\"><span>Ocjenjivanje zaklju\u010deno u Osijeku, 16.sije\u010dnja 2013. uz nazo\u010dnost svih \u010dlanova Prosudbenog suda.<\/span><\/p>\n<p style=\"text-align: justify;\"><span>Za to\u010dnost odgovara \u00a0v.d. tajnik festivala \u00a0Otmar Tosenberger.<\/span><\/p>\n<p style=\"text-align: justify;\"><span><\/span><\/p>\n<h3 style=\"text-align: justify;\"><span>Pobjedni\u010dke fotografije<\/span><\/h3>\n<p>[\/et_pb_text][et_pb_gallery _builder_version=&#8221;4.19.4&#8243; _module_preset=&#8221;default&#8221; theme_builder_area=&#8221;post_content&#8221; posts_number=&#8221;10&#8243; gallery_ids=&#8221;1611,1612,1613,1614,1615,1616,1617,1618,1619,1620&#8243; show_title_and_caption=&#8221;off&#8221; hover_enabled=&#8221;0&#8243; sticky_enabled=&#8221;0&#8243;][\/et_pb_gallery][\/et_pb_column][\/et_pb_row][\/et_pb_section]<\/p>\n","protected":false},"excerpt":{"rendered":"<p>Ocjenjiva\u010dki sud u sastavu\u00a0Vlado Obad (predsjednik), Miroslav Adam i Zvonimir Tanocki\u00a0pregledao je slike prispjele na sve 4 teme u 2012. godini i donio slijede\u0107i zaklju\u010dak: TEMA 1, \u00a0ZIMA U SLAVONSKOM GORJU \u017deljko Car: Na rubu \u0161ume\u00a0 Silvijo Leben: Vodopad Mila Andri\u0107: Rasko\u0161 slapa\u00a0 TEMA 2, STARE GRADINE U SLAVONSKOM GORJU \u017deljko Car: Sje\u0107anje na pro\u0161lost [&hellip;]<\/p>\n","protected":false},"author":1,"featured_media":0,"comment_status":"closed","ping_status":"open","sticky":false,"template":"","format":"standard","meta":{"_et_pb_use_builder":"on","_et_pb_old_content":"","_et_gb_content_width":"1080","footnotes":""},"categories":[27],"tags":[],"class_list":["post-1609","post","type-post","status-publish","format-standard","hentry","category-27"],"_links":{"self":[{"href":"https:\/\/www.slavonski-planinari.hr\/arhiva\/wp-json\/wp\/v2\/posts\/1609","targetHints":{"allow":["GET"]}}],"collection":[{"href":"https:\/\/www.slavonski-planinari.hr\/arhiva\/wp-json\/wp\/v2\/posts"}],"about":[{"href":"https:\/\/www.slavonski-planinari.hr\/arhiva\/wp-json\/wp\/v2\/types\/post"}],"author":[{"embeddable":true,"href":"https:\/\/www.slavonski-planinari.hr\/arhiva\/wp-json\/wp\/v2\/users\/1"}],"replies":[{"embeddable":true,"href":"https:\/\/www.slavonski-planinari.hr\/arhiva\/wp-json\/wp\/v2\/comments?post=1609"}],"version-history":[{"count":0,"href":"https:\/\/www.slavonski-planinari.hr\/arhiva\/wp-json\/wp\/v2\/posts\/1609\/revisions"}],"wp:attachment":[{"href":"https:\/\/www.slavonski-planinari.hr\/arhiva\/wp-json\/wp\/v2\/media?parent=1609"}],"wp:term":[{"taxonomy":"category","embeddable":true,"href":"https:\/\/www.slavonski-planinari.hr\/arhiva\/wp-json\/wp\/v2\/categories?post=1609"},{"taxonomy":"post_tag","embeddable":true,"href":"https:\/\/www.slavonski-planinari.hr\/arhiva\/wp-json\/wp\/v2\/tags?post=1609"}],"curies":[{"name":"wp","href":"https:\/\/api.w.org\/{rel}","templated":true}]}}