{"id":1597,"date":"2012-12-27T09:15:00","date_gmt":"2012-12-27T08:15:00","guid":{"rendered":"https:\/\/www.slavonski-planinari.hr\/arhiva\/?p=1597"},"modified":"2023-01-03T09:17:37","modified_gmt":"2023-01-03T08:17:37","slug":"15-novogodisnji-pohod-planinarskim-putem-vra-bljesak","status":"publish","type":"post","link":"https:\/\/www.slavonski-planinari.hr\/arhiva\/15-novogodisnji-pohod-planinarskim-putem-vra-bljesak\/","title":{"rendered":"15. novogodi\u0161nji pohod planinarskim putem VRA &#8220;Bljesak&#8221;"},"content":{"rendered":"<p>[et_pb_section fb_built=&#8221;1&#8243; _builder_version=&#8221;4.19.4&#8243; _module_preset=&#8221;default&#8221; custom_padding=&#8221;4px||72px|||&#8221; global_colors_info=&#8221;{}&#8221; theme_builder_area=&#8221;post_content&#8221;][et_pb_row _builder_version=&#8221;4.19.4&#8243; _module_preset=&#8221;default&#8221; global_colors_info=&#8221;{}&#8221; theme_builder_area=&#8221;post_content&#8221;][et_pb_column type=&#8221;4_4&#8243; _builder_version=&#8221;4.19.4&#8243; _module_preset=&#8221;default&#8221; global_colors_info=&#8221;{}&#8221; theme_builder_area=&#8221;post_content&#8221;][et_pb_text _builder_version=&#8221;4.19.4&#8243; _module_preset=&#8221;default&#8221; hover_enabled=&#8221;0&#8243; global_colors_info=&#8221;{}&#8221; theme_builder_area=&#8221;post_content&#8221; sticky_enabled=&#8221;0&#8243;]<\/p>\n<div class=\"itemIntroText\">\n<p><img loading=\"lazy\" decoding=\"async\" src=\"https:\/\/www.slavonski-planinari.hr\/arhiva\/wp-content\/uploads\/2023\/01\/vra_bljesak.jpg\" width=\"137\" height=\"94\" alt=\"\" class=\"wp-image-1599 alignleft size-full\" srcset=\"https:\/\/www.slavonski-planinari.hr\/arhiva\/wp-content\/uploads\/2023\/01\/vra_bljesak.jpg 321w, https:\/\/www.slavonski-planinari.hr\/arhiva\/wp-content\/uploads\/2023\/01\/vra_bljesak-300x207.jpg 300w\" sizes=\"(max-width: 137px) 100vw, 137px\" \/>15. novogodi\u0161nji pohod planinarskim putem VRA &#8220;Bljesak&#8221; odr\u017eat \u0107e se u nedjelju, 6. sije\u010dnja 2013. godine.<\/p>\n<p>Okupljanje i prijava sudionika pohoda traje u centru grada (Novska) \u2013 kod Gradskog kina od 8,30 do 9,00 sati.<\/p>\n<\/div>\n<div class=\"itemFullText\">\n<p>&nbsp;<\/p>\n<p>Trasa pohoda je planinarskim putem VRA \u00abBljesak\u00bb, a vrijeme hoda 5 sati.<\/p>\n<p>Alternativno se od Vo\u0107ari\u0107kog jarka mo\u017ee produ\u017eiti prema Zmajevcu 467 m\/nv (pe\u010dat) \u2013 vrh nije dostupan, (pogled prema Lipiku, Pakracu, Psunju i Zapadnom Papuku), \u0161to produ\u017eava vrijeme hoda za 1,40 sata.<\/p>\n<p>Dolazak na LK Bukovica je oko 11,30 sati, zadr\u017eavanje do 13,00 sati i povratak u Novsku u 15,30 sati.<\/p>\n<p>Na pohodu \u0107e biti u upotrebi prigodan pe\u010dat.<\/p>\n<p style=\"text-align: right;\">www.pd-zmajevac.hr<\/p>\n<\/div>\n<p>[\/et_pb_text][\/et_pb_column][\/et_pb_row][\/et_pb_section]<\/p>\n","protected":false},"excerpt":{"rendered":"<p>15. novogodi\u0161nji pohod planinarskim putem VRA &#8220;Bljesak&#8221; odr\u017eat \u0107e se u nedjelju, 6. sije\u010dnja 2013. godine. Okupljanje i prijava sudionika pohoda traje u centru grada (Novska) \u2013 kod Gradskog kina od 8,30 do 9,00 sati. &nbsp; Trasa pohoda je planinarskim putem VRA \u00abBljesak\u00bb, a vrijeme hoda 5 sati. Alternativno se od Vo\u0107ari\u0107kog jarka mo\u017ee produ\u017eiti [&hellip;]<\/p>\n","protected":false},"author":1,"featured_media":0,"comment_status":"closed","ping_status":"open","sticky":false,"template":"","format":"standard","meta":{"_et_pb_use_builder":"on","_et_pb_old_content":"","_et_gb_content_width":"1080","footnotes":""},"categories":[26],"tags":[],"class_list":["post-1597","post","type-post","status-publish","format-standard","hentry","category-26"],"_links":{"self":[{"href":"https:\/\/www.slavonski-planinari.hr\/arhiva\/wp-json\/wp\/v2\/posts\/1597","targetHints":{"allow":["GET"]}}],"collection":[{"href":"https:\/\/www.slavonski-planinari.hr\/arhiva\/wp-json\/wp\/v2\/posts"}],"about":[{"href":"https:\/\/www.slavonski-planinari.hr\/arhiva\/wp-json\/wp\/v2\/types\/post"}],"author":[{"embeddable":true,"href":"https:\/\/www.slavonski-planinari.hr\/arhiva\/wp-json\/wp\/v2\/users\/1"}],"replies":[{"embeddable":true,"href":"https:\/\/www.slavonski-planinari.hr\/arhiva\/wp-json\/wp\/v2\/comments?post=1597"}],"version-history":[{"count":0,"href":"https:\/\/www.slavonski-planinari.hr\/arhiva\/wp-json\/wp\/v2\/posts\/1597\/revisions"}],"wp:attachment":[{"href":"https:\/\/www.slavonski-planinari.hr\/arhiva\/wp-json\/wp\/v2\/media?parent=1597"}],"wp:term":[{"taxonomy":"category","embeddable":true,"href":"https:\/\/www.slavonski-planinari.hr\/arhiva\/wp-json\/wp\/v2\/categories?post=1597"},{"taxonomy":"post_tag","embeddable":true,"href":"https:\/\/www.slavonski-planinari.hr\/arhiva\/wp-json\/wp\/v2\/tags?post=1597"}],"curies":[{"name":"wp","href":"https:\/\/api.w.org\/{rel}","templated":true}]}}