{"id":1585,"date":"2012-12-13T09:07:00","date_gmt":"2012-12-13T08:07:00","guid":{"rendered":"https:\/\/www.slavonski-planinari.hr\/arhiva\/?p=1585"},"modified":"2023-01-03T09:11:43","modified_gmt":"2023-01-03T08:11:43","slug":"mdp-2012","status":"publish","type":"post","link":"https:\/\/www.slavonski-planinari.hr\/arhiva\/mdp-2012\/","title":{"rendered":"MDP 2012."},"content":{"rendered":"<p>[et_pb_section fb_built=&#8221;1&#8243; _builder_version=&#8221;4.19.4&#8243; _module_preset=&#8221;default&#8221; custom_padding=&#8221;4px||72px|||&#8221; global_colors_info=&#8221;{}&#8221; theme_builder_area=&#8221;post_content&#8221;][et_pb_row _builder_version=&#8221;4.19.4&#8243; _module_preset=&#8221;default&#8221; global_colors_info=&#8221;{}&#8221; theme_builder_area=&#8221;post_content&#8221;][et_pb_column type=&#8221;4_4&#8243; _builder_version=&#8221;4.19.4&#8243; _module_preset=&#8221;default&#8221; global_colors_info=&#8221;{}&#8221; theme_builder_area=&#8221;post_content&#8221;][et_pb_text _builder_version=&#8221;4.19.4&#8243; _module_preset=&#8221;default&#8221; hover_enabled=&#8221;0&#8243; global_colors_info=&#8221;{}&#8221; theme_builder_area=&#8221;post_content&#8221; sticky_enabled=&#8221;0&#8243;]<\/p>\n<div class=\"itemIntroText\">\n<p style=\"text-align: justify;\"><img loading=\"lazy\" decoding=\"async\" src=\"https:\/\/www.slavonski-planinari.hr\/arhiva\/wp-content\/uploads\/2023\/01\/mdp2012_m.jpg\" width=\"97\" height=\"65\" alt=\"\" class=\"wp-image-1591 alignleft size-full\" \/>U nedjelju, 9.prosinca, uspje\u0161no je obilje\u017een Me\u0111unarodni dan planina. \u00a0Zbog prometnih pote\u0161ko\u0107a uslijed velike koli\u010dine snijega koja je napadala dan ranije, mnogi od najavljenih sudionika su odustali.\u00a0<\/p>\n<p style=\"text-align: justify;\">\n<p style=\"text-align: justify;\">Od najavljenih gotovo 250 sudionika, do\u0161lo je ukupno njih 64 \u00a0iz 9 Slavonskih planinarskih dru\u0161tava, stanice HGSS -a Orahovica i PP Papuk.\u00a0<\/p>\n<\/div>\n<div class=\"itemFullText\">\n<p style=\"text-align: justify;\"><img loading=\"lazy\" decoding=\"async\" src=\"https:\/\/www.slavonski-planinari.hr\/arhiva\/wp-content\/uploads\/2023\/01\/mdp2012_0.jpg\" width=\"536\" height=\"358\" alt=\"\" class=\"wp-image-1587 aligncenter size-full\" srcset=\"https:\/\/www.slavonski-planinari.hr\/arhiva\/wp-content\/uploads\/2023\/01\/mdp2012_0.jpg 536w, https:\/\/www.slavonski-planinari.hr\/arhiva\/wp-content\/uploads\/2023\/01\/mdp2012_0-480x321.jpg 480w\" sizes=\"(min-width: 0px) and (max-width: 480px) 480px, (min-width: 481px) 536px, 100vw\" \/>\u00a0<\/p>\n<p style=\"text-align: justify;\">Moralo se odustati od planiranih staza pa su svi pro\u0161li stazom Me\u0111a &#8211; Kapovac kroz snijeg do koljena i zapuhe u visini \u010duvjeka. Vrijeme je odli\u010dno poslu\u017eilo, bez padalina i uz malo sunca oko podneva. Na vrhu je i slu\u017ebeno otvoren novosagra\u0111eni vidikovac Parka prirode Papuk. Na povratku su \u010dekale tople kobasice i kuhano vino.<\/p>\n<p style=\"text-align: justify;\"><img loading=\"lazy\" decoding=\"async\" src=\"https:\/\/www.slavonski-planinari.hr\/arhiva\/wp-content\/uploads\/2023\/01\/mdp2012_1.jpg\" width=\"536\" height=\"357\" alt=\"\" class=\"wp-image-1588 aligncenter size-full\" srcset=\"https:\/\/www.slavonski-planinari.hr\/arhiva\/wp-content\/uploads\/2023\/01\/mdp2012_1.jpg 536w, https:\/\/www.slavonski-planinari.hr\/arhiva\/wp-content\/uploads\/2023\/01\/mdp2012_1-480x320.jpg 480w\" sizes=\"(min-width: 0px) and (max-width: 480px) 480px, (min-width: 481px) 536px, 100vw\" \/><\/p>\n<p style=\"text-align: justify;\">Svima koji nisu bili mo\u017ee biti \u017eao. Obilje\u017eavanje Me\u0111unarodnog dana planina, organizirali su Slavonski planinarski savez i Park prirode Papuk uz pokroviteljstvo HPS. Suorganizatori su bili TZ \u00a0i Grad Orahovica i HPD Orahovica.\u00a0<\/p>\n<p style=\"text-align: justify;\"><img loading=\"lazy\" decoding=\"async\" src=\"https:\/\/www.slavonski-planinari.hr\/arhiva\/wp-content\/uploads\/2023\/01\/mdp2012_3.jpg\" width=\"543\" height=\"364\" alt=\"\" class=\"wp-image-1589 aligncenter size-full\" srcset=\"https:\/\/www.slavonski-planinari.hr\/arhiva\/wp-content\/uploads\/2023\/01\/mdp2012_3.jpg 543w, https:\/\/www.slavonski-planinari.hr\/arhiva\/wp-content\/uploads\/2023\/01\/mdp2012_3-480x322.jpg 480w\" sizes=\"(min-width: 0px) and (max-width: 480px) 480px, (min-width: 481px) 543px, 100vw\" \/><\/p>\n<p style=\"text-align: justify;\">Prvima zahvaljujemo za materijalnu potporu i ulo\u017eeni napor da cesta Orahovica &#8211; prijevoj Me\u0111a i prostor za parkiranje budu o\u010di\u0161\u0107eni, a \u010dlanovima HPD Orahovica za po\u017ertvovnost i logistiku u vanrednim uvjetima.\u00a0<\/p>\n<p style=\"text-align: justify;\"><img loading=\"lazy\" decoding=\"async\" src=\"https:\/\/www.slavonski-planinari.hr\/arhiva\/wp-content\/uploads\/2023\/01\/mdp2012_4.jpg\" width=\"543\" height=\"364\" alt=\"\" class=\"wp-image-1590 aligncenter size-full\" srcset=\"https:\/\/www.slavonski-planinari.hr\/arhiva\/wp-content\/uploads\/2023\/01\/mdp2012_4.jpg 543w, https:\/\/www.slavonski-planinari.hr\/arhiva\/wp-content\/uploads\/2023\/01\/mdp2012_4-480x322.jpg 480w\" sizes=\"(min-width: 0px) and (max-width: 480px) 480px, (min-width: 481px) 543px, 100vw\" \/><\/p>\n<p style=\"text-align: justify;\">Posebna zahvala \u017deljku, Ru\u017ei i Ga\u0161i za temeljitu pripremu predvi\u0111enih staza (A i B). Na \u017ealost, nije bilo uvjeta da to svi zajedno provjerimo. Bit \u0107e druge prilike.\u00a0<\/p>\n<p style=\"text-align: justify;\">Akciju su osiguravali \u010dlanovi novo osnovane stanice HGSS Orahovica.<\/p>\n<p style=\"text-align: right;\">Otmar Tosenberger<\/p>\n<\/div>\n<p>[\/et_pb_text][\/et_pb_column][\/et_pb_row][\/et_pb_section]<\/p>\n","protected":false},"excerpt":{"rendered":"<p>U nedjelju, 9.prosinca, uspje\u0161no je obilje\u017een Me\u0111unarodni dan planina. \u00a0Zbog prometnih pote\u0161ko\u0107a uslijed velike koli\u010dine snijega koja je napadala dan ranije, mnogi od najavljenih sudionika su odustali.\u00a0 Od najavljenih gotovo 250 sudionika, do\u0161lo je ukupno njih 64 \u00a0iz 9 Slavonskih planinarskih dru\u0161tava, stanice HGSS -a Orahovica i PP Papuk.\u00a0 \u00a0 Moralo se odustati od planiranih [&hellip;]<\/p>\n","protected":false},"author":1,"featured_media":0,"comment_status":"closed","ping_status":"open","sticky":false,"template":"","format":"standard","meta":{"_et_pb_use_builder":"on","_et_pb_old_content":"","_et_gb_content_width":"1080","footnotes":""},"categories":[26],"tags":[],"class_list":["post-1585","post","type-post","status-publish","format-standard","hentry","category-26"],"_links":{"self":[{"href":"https:\/\/www.slavonski-planinari.hr\/arhiva\/wp-json\/wp\/v2\/posts\/1585","targetHints":{"allow":["GET"]}}],"collection":[{"href":"https:\/\/www.slavonski-planinari.hr\/arhiva\/wp-json\/wp\/v2\/posts"}],"about":[{"href":"https:\/\/www.slavonski-planinari.hr\/arhiva\/wp-json\/wp\/v2\/types\/post"}],"author":[{"embeddable":true,"href":"https:\/\/www.slavonski-planinari.hr\/arhiva\/wp-json\/wp\/v2\/users\/1"}],"replies":[{"embeddable":true,"href":"https:\/\/www.slavonski-planinari.hr\/arhiva\/wp-json\/wp\/v2\/comments?post=1585"}],"version-history":[{"count":0,"href":"https:\/\/www.slavonski-planinari.hr\/arhiva\/wp-json\/wp\/v2\/posts\/1585\/revisions"}],"wp:attachment":[{"href":"https:\/\/www.slavonski-planinari.hr\/arhiva\/wp-json\/wp\/v2\/media?parent=1585"}],"wp:term":[{"taxonomy":"category","embeddable":true,"href":"https:\/\/www.slavonski-planinari.hr\/arhiva\/wp-json\/wp\/v2\/categories?post=1585"},{"taxonomy":"post_tag","embeddable":true,"href":"https:\/\/www.slavonski-planinari.hr\/arhiva\/wp-json\/wp\/v2\/tags?post=1585"}],"curies":[{"name":"wp","href":"https:\/\/api.w.org\/{rel}","templated":true}]}}