{"id":1579,"date":"2012-12-11T09:04:00","date_gmt":"2012-12-11T08:04:00","guid":{"rendered":"https:\/\/www.slavonski-planinari.hr\/arhiva\/?p=1579"},"modified":"2023-01-03T09:39:18","modified_gmt":"2023-01-03T08:39:18","slug":"vojno-erarski-kanali-u-osjeckoj-tvrdi","status":"publish","type":"post","link":"https:\/\/www.slavonski-planinari.hr\/arhiva\/vojno-erarski-kanali-u-osjeckoj-tvrdi\/","title":{"rendered":"Vojno-erarski kanali u osje\u010dkoj Tvr\u0111i"},"content":{"rendered":"<p>[et_pb_section fb_built=&#8221;1&#8243; _builder_version=&#8221;4.19.4&#8243; _module_preset=&#8221;default&#8221; custom_padding=&#8221;4px||152px|||&#8221; global_colors_info=&#8221;{}&#8221; theme_builder_area=&#8221;post_content&#8221;][et_pb_row _builder_version=&#8221;4.19.4&#8243; _module_preset=&#8221;default&#8221; global_colors_info=&#8221;{}&#8221; theme_builder_area=&#8221;post_content&#8221;][et_pb_column type=&#8221;4_4&#8243; _builder_version=&#8221;4.19.4&#8243; _module_preset=&#8221;default&#8221; global_colors_info=&#8221;{}&#8221; theme_builder_area=&#8221;post_content&#8221;][et_pb_text _builder_version=&#8221;4.19.4&#8243; _module_preset=&#8221;default&#8221; hover_enabled=&#8221;0&#8243; global_colors_info=&#8221;{}&#8221; theme_builder_area=&#8221;post_content&#8221; sticky_enabled=&#8221;0&#8243;]<\/p>\n<div class=\"itemIntroText\">\n<p style=\"text-align: justify;\"><img loading=\"lazy\" decoding=\"async\" src=\"https:\/\/www.slavonski-planinari.hr\/arhiva\/wp-content\/uploads\/2023\/01\/tvrdja1.jpg\" width=\"110\" height=\"79\" alt=\"\" class=\"wp-image-1583 alignleft size-full\" srcset=\"https:\/\/www.slavonski-planinari.hr\/arhiva\/wp-content\/uploads\/2023\/01\/tvrdja1.jpg 320w, https:\/\/www.slavonski-planinari.hr\/arhiva\/wp-content\/uploads\/2023\/01\/tvrdja1-300x215.jpg 300w\" sizes=\"(max-width: 110px) 100vw, 110px\" \/>Ove godine Slavonski planinarski savez obilje\u017eava 50 godina djelovanja. \u017dele\u0107i da svoj jubilej obilje\u017ei nekim doprinosom lokalnoj zajednici, na inicijativu \u0110or\u0111a Bali\u0107a i uz pomo\u0107 speleologa iz Dru\u0161tva za istra\u017eivanje i snimanje kr\u0161kih fenomena \u201eDinaridi\u201c iz Zagreba organizirano je istra\u017eivanje vojno-erarskih kanala ispod osje\u010dke Tvr\u0111e.<\/p>\n<\/div>\n<div class=\"itemFullText\">\n<p style=\"text-align: justify;\">\n<p style=\"text-align: justify;\">Navedeni kanali su gra\u0111eni prilikom gradnje osje\u010dke Tvr\u0111e nakon 1800-te godine. Kako je namjena bila vojna, njihovi nacrti i sve informacije su bile vojna tajna. Ina\u010de, postoje dvije vrste tih kanala \u2013 mre\u017ea untar gradskih zidina s namjenom prebacivanja vojske i naoru\u017eanja unutar grada, te mre\u017ea za evakuaciju iz grada.<\/p>\n<p style=\"text-align: justify;\"><img loading=\"lazy\" decoding=\"async\" src=\"https:\/\/www.slavonski-planinari.hr\/arhiva\/wp-content\/uploads\/2023\/01\/2012-12-08_11.30.28.jpg\" width=\"682\" height=\"1024\" alt=\"\" class=\"wp-image-1582 aligncenter size-full\" srcset=\"https:\/\/www.slavonski-planinari.hr\/arhiva\/wp-content\/uploads\/2023\/01\/2012-12-08_11.30.28.jpg 682w, https:\/\/www.slavonski-planinari.hr\/arhiva\/wp-content\/uploads\/2023\/01\/2012-12-08_11.30.28-480x721.jpg 480w\" sizes=\"(min-width: 0px) and (max-width: 480px) 480px, (min-width: 481px) 682px, 100vw\" \/><\/p>\n<p style=\"text-align: justify;\">Istra\u017eivanjem koje je organizirano 8. i 9.prosinca spelolozi su u\u0161li u dio mre\u017ee kanala unutar gradskih zidina. Prvi rezultati pokazuju da su kanali u relativno dobrom, ali zapu\u0161tenom stanju. Daljnja istra\u017eivanja \u0107e najvjerojatnije omogu\u0107iti turisti\u010dku eksplataciju ovog interesantnog dijela graditeljskog naslije\u0111a.<\/p>\n<p style=\"text-align: right;\"><em>\u0110or\u0111e Bali\u0107<\/em><\/p>\n<\/div>\n<p>[\/et_pb_text][\/et_pb_column][\/et_pb_row][\/et_pb_section]<\/p>\n","protected":false},"excerpt":{"rendered":"<p>Ove godine Slavonski planinarski savez obilje\u017eava 50 godina djelovanja. \u017dele\u0107i da svoj jubilej obilje\u017ei nekim doprinosom lokalnoj zajednici, na inicijativu \u0110or\u0111a Bali\u0107a i uz pomo\u0107 speleologa iz Dru\u0161tva za istra\u017eivanje i snimanje kr\u0161kih fenomena \u201eDinaridi\u201c iz Zagreba organizirano je istra\u017eivanje vojno-erarskih kanala ispod osje\u010dke Tvr\u0111e. Navedeni kanali su gra\u0111eni prilikom gradnje osje\u010dke Tvr\u0111e nakon 1800-te [&hellip;]<\/p>\n","protected":false},"author":1,"featured_media":0,"comment_status":"closed","ping_status":"open","sticky":false,"template":"","format":"standard","meta":{"_et_pb_use_builder":"on","_et_pb_old_content":"","_et_gb_content_width":"1080","footnotes":""},"categories":[26],"tags":[],"class_list":["post-1579","post","type-post","status-publish","format-standard","hentry","category-26"],"_links":{"self":[{"href":"https:\/\/www.slavonski-planinari.hr\/arhiva\/wp-json\/wp\/v2\/posts\/1579","targetHints":{"allow":["GET"]}}],"collection":[{"href":"https:\/\/www.slavonski-planinari.hr\/arhiva\/wp-json\/wp\/v2\/posts"}],"about":[{"href":"https:\/\/www.slavonski-planinari.hr\/arhiva\/wp-json\/wp\/v2\/types\/post"}],"author":[{"embeddable":true,"href":"https:\/\/www.slavonski-planinari.hr\/arhiva\/wp-json\/wp\/v2\/users\/1"}],"replies":[{"embeddable":true,"href":"https:\/\/www.slavonski-planinari.hr\/arhiva\/wp-json\/wp\/v2\/comments?post=1579"}],"version-history":[{"count":0,"href":"https:\/\/www.slavonski-planinari.hr\/arhiva\/wp-json\/wp\/v2\/posts\/1579\/revisions"}],"wp:attachment":[{"href":"https:\/\/www.slavonski-planinari.hr\/arhiva\/wp-json\/wp\/v2\/media?parent=1579"}],"wp:term":[{"taxonomy":"category","embeddable":true,"href":"https:\/\/www.slavonski-planinari.hr\/arhiva\/wp-json\/wp\/v2\/categories?post=1579"},{"taxonomy":"post_tag","embeddable":true,"href":"https:\/\/www.slavonski-planinari.hr\/arhiva\/wp-json\/wp\/v2\/tags?post=1579"}],"curies":[{"name":"wp","href":"https:\/\/api.w.org\/{rel}","templated":true}]}}