{"id":1572,"date":"2012-12-11T08:59:00","date_gmt":"2012-12-11T07:59:00","guid":{"rendered":"https:\/\/www.slavonski-planinari.hr\/arhiva\/?p=1572"},"modified":"2023-01-03T09:02:36","modified_gmt":"2023-01-03T08:02:36","slug":"o-projektu-muzejske-zbirke-slavonskog-planinarstva","status":"publish","type":"post","link":"https:\/\/www.slavonski-planinari.hr\/arhiva\/o-projektu-muzejske-zbirke-slavonskog-planinarstva\/","title":{"rendered":"O projektu Muzejske zbirke slavonskog planinarstva"},"content":{"rendered":"<p>[et_pb_section fb_built=&#8221;1&#8243; _builder_version=&#8221;4.19.4&#8243; _module_preset=&#8221;default&#8221; custom_padding=&#8221;4px||72px|||&#8221; global_colors_info=&#8221;{}&#8221; theme_builder_area=&#8221;post_content&#8221;][et_pb_row _builder_version=&#8221;4.19.4&#8243; _module_preset=&#8221;default&#8221; global_colors_info=&#8221;{}&#8221; theme_builder_area=&#8221;post_content&#8221;][et_pb_column type=&#8221;4_4&#8243; _builder_version=&#8221;4.19.4&#8243; _module_preset=&#8221;default&#8221; global_colors_info=&#8221;{}&#8221; theme_builder_area=&#8221;post_content&#8221;][et_pb_text _builder_version=&#8221;4.19.4&#8243; _module_preset=&#8221;default&#8221; hover_enabled=&#8221;0&#8243; global_colors_info=&#8221;{}&#8221; theme_builder_area=&#8221;post_content&#8221; sticky_enabled=&#8221;0&#8243;]<\/p>\n<div class=\"itemIntroText\">\n<p style=\"text-align: justify;\"><img loading=\"lazy\" decoding=\"async\" src=\"https:\/\/www.slavonski-planinari.hr\/arhiva\/wp-content\/uploads\/2023\/01\/muzej3.jpg\" width=\"120\" height=\"80\" alt=\"\" class=\"wp-image-1575 alignleft size-full\" srcset=\"https:\/\/www.slavonski-planinari.hr\/arhiva\/wp-content\/uploads\/2023\/01\/muzej3.jpg 481w, https:\/\/www.slavonski-planinari.hr\/arhiva\/wp-content\/uploads\/2023\/01\/muzej3-300x200.jpg 300w\" sizes=\"(max-width: 120px) 100vw, 120px\" \/>Pripremaju\u0107i se za promociju knjige \u0110or\u0111a Bali\u0107a \u201ePrvih 100 godina slavonskoga planinarstva\u201c, Slavonski planinarski savez je odlu\u010dio da iskoristi situciju kada je povjesna gra\u0111a slavonskog planinarsta \u201ena okupu\u201c da je iskoriti i u druge svrhe.<\/p>\n<\/div>\n<div class=\"itemFullText\">\n<p style=\"text-align: justify;\">\n<p style=\"text-align: justify;\">Tako je pokrenut projekt mre\u017ee \u201eMuzejskih zbirki slavonskog planinarstva\u201c u mjestima \u0161irom Slavonije. Sigurno je da \u0107e realizacija ovog projekta pomo\u0107i i potpunijoj turisti\u010dkoj prezentaciji Slavonije. Kao zadnje, ali i ne najmanje va\u017eno ,realizacija ovog projekt \u0107e poslu\u017eiti afirmaciji slavonskog planinarstva, i to u segmentu koji ulazi u samo bi\u0107e planinarstva kao kulturne pojave.<\/p>\n<p style=\"text-align: justify;\"><img loading=\"lazy\" decoding=\"async\" src=\"https:\/\/www.slavonski-planinari.hr\/arhiva\/wp-content\/uploads\/2023\/01\/muzej_cpele.jpg\" width=\"536\" height=\"321\" alt=\"\" class=\"wp-image-1574 aligncenter size-full\" srcset=\"https:\/\/www.slavonski-planinari.hr\/arhiva\/wp-content\/uploads\/2023\/01\/muzej_cpele.jpg 536w, https:\/\/www.slavonski-planinari.hr\/arhiva\/wp-content\/uploads\/2023\/01\/muzej_cpele-480x287.jpg 480w\" sizes=\"(min-width: 0px) and (max-width: 480px) 480px, (min-width: 481px) 536px, 100vw\" \/><\/p>\n<p style=\"text-align: justify;\">Projekt \u201eMUZEJSKA ZBIRKA SLAVONSKOG PLANINARSTVA\u201c \u0107e se realizirati u mjestima Slavonije &#8211; koja iska\u017eu interes za njegovu realizaciju.<\/p>\n<p style=\"text-align: justify;\">Projekt po\u010diva na principima partnerstva pri \u010demu:<\/p>\n<ul style=\"text-align: justify;\">\n<li>Slavonski planinarski savez osigurava \u201esadr\u017eaj\u201c zbirke, njezino postavljanje, obnavljanje, a\u017euriranje,<\/li>\n<li>Lokalno planinarsko dru\u0161tvo (ali mo\u017ee biti i drugi partner) je posrednik i jamac prema lokalnoj samoupravi ili drugim lokalnim subjektima koji u\u010destvuju u realizaciji, i<\/li>\n<li>Lokalna samouprava, gospodarski subjekti ili vlasnici izlaga\u010dkog prostora koji izlaga\u010dki prostor daju na besplatno kori\u0161tenje u du\u017eem vremenskom razdoblju, ure\u0111en i podoban za predmetnu namjenu, te podmiruju tro\u0161kove kori\u0161tenja istog (struja, voda, grijanje, komunalne re\u017eije, \u010di\u0161\u0107enje i sl.).<\/li>\n<\/ul>\n<p style=\"text-align: justify;\"><img loading=\"lazy\" decoding=\"async\" src=\"https:\/\/www.slavonski-planinari.hr\/arhiva\/wp-content\/uploads\/2023\/01\/muzej4.jpg\" width=\"481\" height=\"321\" alt=\"\" class=\"wp-image-1576 aligncenter size-full\" srcset=\"https:\/\/www.slavonski-planinari.hr\/arhiva\/wp-content\/uploads\/2023\/01\/muzej4.jpg 481w, https:\/\/www.slavonski-planinari.hr\/arhiva\/wp-content\/uploads\/2023\/01\/muzej4-300x200.jpg 300w\" sizes=\"(max-width: 481px) 100vw, 481px\" \/><\/p>\n<p style=\"text-align: justify;\">Navedeni subjekti sklapaju ugovor na naprijed navedenim principima. Muzejska zbirka sadr\u017eajno je prilago\u0111ena konkretnom prostoru u konkretnoj sredni. Sastoji se prvom redu od niza panoa sa pisanim i slikovnim prikazom aktvnosti iz pro\u0161losti slavonskog planinarstva. Panoi su tipizirani, imaju zajedni\u010dko likovno rje\u0161enje i realizirani po principu \u201e1 pano = 1 tema\u201c. Sadr\u017eajno, ve\u0107i broj panoa su sa temama iz slavonske planinarske povijesti, a manji dio iz planinarske povijesti lokalnog dru\u0161tva. Panoi su tematski i prenosivi.<\/p>\n<p style=\"text-align: justify;\">Po sadr\u017eaju panoe mo\u017eemo dijeliti na stalnu i povremenu postavu (razne prigode ili?). Osim panoa, ovisno o mogu\u0107nostima prostora, izlo\u0161ci mogu biti i razni predmeti planinarske marketin\u0161ke galanterije,uporabni predmeti iz slavonske planinarske povjesti i sli\u010dno, i to prvenstveno iz lokalne sredine. Uvodni pano je unificiran. \u201eZajedni\u010dka dizajnerski detalj\u201c ( osim likovnog rje\u0161enja panoa) svih zbirki \u0107e biti horizonatala drvena obloga sa vidljivom, neobra\u0111enom stranom drveta (\u201eokrajak\u201c) na koju \u0107e se vje\u0161ati panoi i po kojoj \u0107e se po potrebi pisati oznake ili prigodni naslovi. Projekt se realizira po pozivu lokalnog planinarskog dru\u0161tva ili drugog lokalnog partnera.<\/p>\n<p style=\"text-align: justify;\"><img loading=\"lazy\" decoding=\"async\" src=\"https:\/\/www.slavonski-planinari.hr\/arhiva\/wp-content\/uploads\/2023\/01\/muzej5.jpg\" width=\"481\" height=\"321\" alt=\"\" class=\"wp-image-1577 aligncenter size-full\" srcset=\"https:\/\/www.slavonski-planinari.hr\/arhiva\/wp-content\/uploads\/2023\/01\/muzej5.jpg 481w, https:\/\/www.slavonski-planinari.hr\/arhiva\/wp-content\/uploads\/2023\/01\/muzej5-300x200.jpg 300w\" sizes=\"(max-width: 481px) 100vw, 481px\" \/><\/p>\n<p style=\"text-align: justify;\">Prva realizacija projekta je gradu Kutijevu 10. studenog 2012.godine. Za o\u010dekivati je da se projekt mo\u0107i realizirati i u Feri\u010dancima, Beli\u0161\u0107u, Na\u0161icama, Daruvaru, Pakracu, Novoj Gradi\u0161ki, Po\u017eegi, Slavonskom Brodu, \u0110akovu i drugim mjestima gdje su u funciji planinarska dru\u0161tva.<\/p>\n<p style=\"text-align: justify;\">\n<p style=\"text-align: right;\"><em>\u0110or\u0111e Bali\u0107, Osijek<\/em><\/p>\n<\/div>\n<p>[\/et_pb_text][\/et_pb_column][\/et_pb_row][\/et_pb_section]<\/p>\n","protected":false},"excerpt":{"rendered":"<p>Pripremaju\u0107i se za promociju knjige \u0110or\u0111a Bali\u0107a \u201ePrvih 100 godina slavonskoga planinarstva\u201c, Slavonski planinarski savez je odlu\u010dio da iskoristi situciju kada je povjesna gra\u0111a slavonskog planinarsta \u201ena okupu\u201c da je iskoriti i u druge svrhe. Tako je pokrenut projekt mre\u017ee \u201eMuzejskih zbirki slavonskog planinarstva\u201c u mjestima \u0161irom Slavonije. Sigurno je da \u0107e realizacija ovog projekta [&hellip;]<\/p>\n","protected":false},"author":1,"featured_media":0,"comment_status":"closed","ping_status":"open","sticky":false,"template":"","format":"standard","meta":{"_et_pb_use_builder":"on","_et_pb_old_content":"","_et_gb_content_width":"1080","footnotes":""},"categories":[26],"tags":[],"class_list":["post-1572","post","type-post","status-publish","format-standard","hentry","category-26"],"_links":{"self":[{"href":"https:\/\/www.slavonski-planinari.hr\/arhiva\/wp-json\/wp\/v2\/posts\/1572","targetHints":{"allow":["GET"]}}],"collection":[{"href":"https:\/\/www.slavonski-planinari.hr\/arhiva\/wp-json\/wp\/v2\/posts"}],"about":[{"href":"https:\/\/www.slavonski-planinari.hr\/arhiva\/wp-json\/wp\/v2\/types\/post"}],"author":[{"embeddable":true,"href":"https:\/\/www.slavonski-planinari.hr\/arhiva\/wp-json\/wp\/v2\/users\/1"}],"replies":[{"embeddable":true,"href":"https:\/\/www.slavonski-planinari.hr\/arhiva\/wp-json\/wp\/v2\/comments?post=1572"}],"version-history":[{"count":0,"href":"https:\/\/www.slavonski-planinari.hr\/arhiva\/wp-json\/wp\/v2\/posts\/1572\/revisions"}],"wp:attachment":[{"href":"https:\/\/www.slavonski-planinari.hr\/arhiva\/wp-json\/wp\/v2\/media?parent=1572"}],"wp:term":[{"taxonomy":"category","embeddable":true,"href":"https:\/\/www.slavonski-planinari.hr\/arhiva\/wp-json\/wp\/v2\/categories?post=1572"},{"taxonomy":"post_tag","embeddable":true,"href":"https:\/\/www.slavonski-planinari.hr\/arhiva\/wp-json\/wp\/v2\/tags?post=1572"}],"curies":[{"name":"wp","href":"https:\/\/api.w.org\/{rel}","templated":true}]}}