{"id":1563,"date":"2012-12-11T08:53:00","date_gmt":"2012-12-11T07:53:00","guid":{"rendered":"https:\/\/www.slavonski-planinari.hr\/arhiva\/?p=1563"},"modified":"2023-01-03T08:55:57","modified_gmt":"2023-01-03T07:55:57","slug":"martinje-u-kutjevu","status":"publish","type":"post","link":"https:\/\/www.slavonski-planinari.hr\/arhiva\/martinje-u-kutjevu\/","title":{"rendered":"Martinje u Kutjevu"},"content":{"rendered":"<p>[et_pb_section fb_built=&#8221;1&#8243; _builder_version=&#8221;4.19.4&#8243; _module_preset=&#8221;default&#8221; custom_padding=&#8221;4px||72px|||&#8221; global_colors_info=&#8221;{}&#8221; theme_builder_area=&#8221;post_content&#8221;][et_pb_row _builder_version=&#8221;4.19.4&#8243; _module_preset=&#8221;default&#8221; global_colors_info=&#8221;{}&#8221; theme_builder_area=&#8221;post_content&#8221;][et_pb_column type=&#8221;4_4&#8243; _builder_version=&#8221;4.19.4&#8243; _module_preset=&#8221;default&#8221; global_colors_info=&#8221;{}&#8221; theme_builder_area=&#8221;post_content&#8221;][et_pb_text _builder_version=&#8221;4.19.4&#8243; _module_preset=&#8221;default&#8221; hover_enabled=&#8221;0&#8243; global_colors_info=&#8221;{}&#8221; theme_builder_area=&#8221;post_content&#8221; sticky_enabled=&#8221;0&#8243;]<\/p>\n<div class=\"itemIntroText\">\n<p style=\"text-align: justify;\"><img loading=\"lazy\" decoding=\"async\" src=\"https:\/\/www.slavonski-planinari.hr\/arhiva\/wp-content\/uploads\/2023\/01\/kutjevo1.jpg\" width=\"105\" height=\"70\" alt=\"\" class=\"wp-image-1565 alignleft size-full\" srcset=\"https:\/\/www.slavonski-planinari.hr\/arhiva\/wp-content\/uploads\/2023\/01\/kutjevo1.jpg 481w, https:\/\/www.slavonski-planinari.hr\/arhiva\/wp-content\/uploads\/2023\/01\/kutjevo1-300x200.jpg 300w\" sizes=\"(max-width: 105px) 100vw, 105px\" \/>Tradicionalna svetkovina Svetog Martina, poznatije kao Martinje, u vinorodnim krajevima Slavonije i Baranje odr\u017eavaju se ve\u0107 desetlje\u0107ima. HPD \u201eVidim\u201e iz Kutjeva, ubrzo poslije svog osnivanja, me\u0111u aktivnostima dru\u0161tva osmislilo je i odr\u017eavanje skupa planinara u povodu Martinja.<\/p>\n<\/div>\n<div class=\"itemFullText\">\n<p style=\"text-align: justify;\">Nalaze\u0107i sponzore za organizaciju i odr\u017eavanje te manifestacije \u2013 TD Kutjevo i glavnog pokrovitelja Kutjevo d.d., uspjelo je u kratkom vremenu pro\u0161iriti sudjelovanje na toj manifestaciji ne samo na slavonska planinarska dru\u0161tva, ve\u0107 i na brojna dru\u0161tva iz Hrvatske, pa \u010dak i na susjednih dr\u017eava.<\/p>\n<p style=\"text-align: justify;\">Na ovojesenskom susretu planinara u povodu Martinja, 11.studenog, broj sudionika dostigao je rekordan broj od 77 planinarskih dru\u0161tava i preko 2.200 planinara i drugih gostiju iz Hrvatske, te BiH, Srbije i Makedonije. Tako je ovogodi\u0161nja Martinjska dvodnevna manifestacija postigla epitet najmasovnijeg planinarskog okupljanja u Hrvatskoj. U subotu prvog dana manifestacije Martinja, planinari iz susjednih dr\u017eava koji su do\u0161li dan ranije imali su prigodu sudjelovati na otvorenju prve Muzejske zbirke slavonskog planinarstva u prostoiji suvernirnice vinarije Kutjevo d.d.<\/p>\n<p style=\"text-align: justify;\"><img loading=\"lazy\" decoding=\"async\" src=\"https:\/\/www.slavonski-planinari.hr\/arhiva\/wp-content\/uploads\/2023\/01\/kutjevo2.jpg\" width=\"481\" height=\"304\" alt=\"\" class=\"wp-image-1566 aligncenter size-full\" srcset=\"https:\/\/www.slavonski-planinari.hr\/arhiva\/wp-content\/uploads\/2023\/01\/kutjevo2.jpg 481w, https:\/\/www.slavonski-planinari.hr\/arhiva\/wp-content\/uploads\/2023\/01\/kutjevo2-300x190.jpg 300w\" sizes=\"(max-width: 481px) 100vw, 481px\" \/><\/p>\n<p style=\"text-align: justify;\">Sredi\u0161nje obilje\u017eavanje Martinja, odvijalo se u nedjelju na Trgu Gra\u0161evine u Kutjevu. Ve\u0107 od ranih jutarnjih sati Limena glazba DVD Kutjevo nazna\u010davala je odr\u017eavanje velike fe\u0161te, dok su pristizale kolone planinara na Trg, gdje su vrijedni doma\u0107ini pripremili tople napitke i obavezne slavonske delicije za sve goste. S obzirom na veliki broj prijavljenih planinara, doma\u0107ini su pripremili i nekoliko razli\u010ditih trasa obilaska kutjava\u010dkog kraja, ve\u0107 prema du\u017eini puteva, za po\u010detnike, kao i za iskusnije planinare. Za sve ostale goste na Trgu Gra\u0161evine odvijao se bogat kulturno zabavni program, a nisu nedostojali ni drugi sadr\u017eaji gastro kulinarskih delicija.<\/p>\n<p style=\"text-align: justify;\">Ubrzo po povratku glavnine planinara sa hodanja po vinogradima i bre\u017euljcima Krndije, uslijedila je glavna atrakcija Martinja! Limena glazba dala je naslutiti kako \u0107e ubrzo uslijediti veliko iznena\u0111enje ? U svatovskoj zapre\u017enoj ko\u010diji na Trg Gra\u0161evine ubrzo je stigla Carica Marija Terezija u pratnji Baruna Franje Trenka u sve\u010danim odorama, \u0161to je izmamilo buran pljesak nazo\u010dnih planinara i svih gostiju. Po dolasku njihovo \u201eveli\u010danstvo\u201c izi\u0161lo je u mno\u0161tvo okupljenih i popelo se na pozornicu gdje ih je \u010dekao doma\u0107in gradona\u010delnik Kutjeva sa svojim gostima i vinskim Biskupom. Svrha dolaska Carice Marije Terezije i Baruna Franje Trenka u vinorodni kutjeva\u010dki kraj je prisutvovanje kontroli kr\u0161tenja mo\u0161ta i njegovog pretvaranja u mlado vino, pod budnim okom Carice, \u0161to je i sama istakla u svom pozdravnom govoru mno\u0161tvu koje se okupilo pred pozornicom.<\/p>\n<p style=\"text-align: justify;\">Sve\u010danost kr\u0161tenja mladog vina, obavio je vinski Biskup svojim ceremonijalnim govorom, a ovogodi\u0161nji kum kr\u0161tenja bio je gradona\u010delink Opatije. Radost i veselje u povodu ovogodi\u0161njeg Martinja nastavilo se do duboko u no\u0107 sa glazbom nekoliko sastava i pjeva\u010da. Lijepo jesensko vrijeme pridonijelo je uz bogat program organizatora, da ovogodi\u0161nje Martinje u Kutjevu ostane nezaboravno u sje\u0107anjima brojnih planinara i nadu kako \u0107e i idu\u0107e godine Martinje biti jo\u0161 posje\u0107enije. Ovim putem izra\u017eavamo zahvalnost tisu\u0107a planinara doma\u0107inima, a posebno \u010dlanovima HPD \u201eVidim\u201c i njihovom predsjedniku Antunu Korenu. (Zlatko Lon\u010dari\u0107)<\/p>\n<\/div>\n<p>[\/et_pb_text][\/et_pb_column][\/et_pb_row][\/et_pb_section]<\/p>\n","protected":false},"excerpt":{"rendered":"<p>Tradicionalna svetkovina Svetog Martina, poznatije kao Martinje, u vinorodnim krajevima Slavonije i Baranje odr\u017eavaju se ve\u0107 desetlje\u0107ima. HPD \u201eVidim\u201e iz Kutjeva, ubrzo poslije svog osnivanja, me\u0111u aktivnostima dru\u0161tva osmislilo je i odr\u017eavanje skupa planinara u povodu Martinja. Nalaze\u0107i sponzore za organizaciju i odr\u017eavanje te manifestacije \u2013 TD Kutjevo i glavnog pokrovitelja Kutjevo d.d., uspjelo je [&hellip;]<\/p>\n","protected":false},"author":1,"featured_media":0,"comment_status":"closed","ping_status":"open","sticky":false,"template":"","format":"standard","meta":{"_et_pb_use_builder":"on","_et_pb_old_content":"","_et_gb_content_width":"1080","footnotes":""},"categories":[26],"tags":[],"class_list":["post-1563","post","type-post","status-publish","format-standard","hentry","category-26"],"_links":{"self":[{"href":"https:\/\/www.slavonski-planinari.hr\/arhiva\/wp-json\/wp\/v2\/posts\/1563","targetHints":{"allow":["GET"]}}],"collection":[{"href":"https:\/\/www.slavonski-planinari.hr\/arhiva\/wp-json\/wp\/v2\/posts"}],"about":[{"href":"https:\/\/www.slavonski-planinari.hr\/arhiva\/wp-json\/wp\/v2\/types\/post"}],"author":[{"embeddable":true,"href":"https:\/\/www.slavonski-planinari.hr\/arhiva\/wp-json\/wp\/v2\/users\/1"}],"replies":[{"embeddable":true,"href":"https:\/\/www.slavonski-planinari.hr\/arhiva\/wp-json\/wp\/v2\/comments?post=1563"}],"version-history":[{"count":0,"href":"https:\/\/www.slavonski-planinari.hr\/arhiva\/wp-json\/wp\/v2\/posts\/1563\/revisions"}],"wp:attachment":[{"href":"https:\/\/www.slavonski-planinari.hr\/arhiva\/wp-json\/wp\/v2\/media?parent=1563"}],"wp:term":[{"taxonomy":"category","embeddable":true,"href":"https:\/\/www.slavonski-planinari.hr\/arhiva\/wp-json\/wp\/v2\/categories?post=1563"},{"taxonomy":"post_tag","embeddable":true,"href":"https:\/\/www.slavonski-planinari.hr\/arhiva\/wp-json\/wp\/v2\/tags?post=1563"}],"curies":[{"name":"wp","href":"https:\/\/api.w.org\/{rel}","templated":true}]}}