{"id":1558,"date":"2012-11-22T08:49:00","date_gmt":"2012-11-22T07:49:00","guid":{"rendered":"https:\/\/www.slavonski-planinari.hr\/arhiva\/?p=1558"},"modified":"2023-01-03T08:52:39","modified_gmt":"2023-01-03T07:52:39","slug":"17-memorijalni-planinarski-pohod-fokinom-stazom-1991","status":"publish","type":"post","link":"https:\/\/www.slavonski-planinari.hr\/arhiva\/17-memorijalni-planinarski-pohod-fokinom-stazom-1991\/","title":{"rendered":"17. memorijalni planinarski pohod &#8220;Fokinom stazom 1991.&#8221;"},"content":{"rendered":"<p>[et_pb_section fb_built=&#8221;1&#8243; _builder_version=&#8221;4.19.4&#8243; _module_preset=&#8221;default&#8221; custom_padding=&#8221;4px||72px|||&#8221; global_colors_info=&#8221;{}&#8221;][et_pb_row _builder_version=&#8221;4.19.4&#8243; _module_preset=&#8221;default&#8221; global_colors_info=&#8221;{}&#8221;][et_pb_column type=&#8221;4_4&#8243; _builder_version=&#8221;4.19.4&#8243; _module_preset=&#8221;default&#8221; global_colors_info=&#8221;{}&#8221;][et_pb_text _builder_version=&#8221;4.19.4&#8243; _module_preset=&#8221;default&#8221; hover_enabled=&#8221;0&#8243; global_colors_info=&#8221;{}&#8221; sticky_enabled=&#8221;0&#8243;]<\/p>\n<div class=\"itemIntroText\">\n<p style=\"text-align: justify;\"><img loading=\"lazy\" decoding=\"async\" src=\"https:\/\/www.slavonski-planinari.hr\/arhiva\/wp-content\/uploads\/2023\/01\/fokina.jpg\" width=\"221\" height=\"154\" alt=\"\" class=\"wp-image-1560 alignleft size-full\" \/>I ove godine planinarsko dru\u0161tvo \u201ePsunj\u201c iz Pakraca, organizira u znak sje\u0107anja na pogibije branitelja, tradicionalni memorijalni planinarski pohod \u00a0&#8220;FOKINOM STAZOM 1991.&#8221;.<\/p>\n<\/div>\n<div class=\"itemFullText\">\n<p style=\"text-align: justify;\"><span>Pohod \u0107e biti odr\u017ean u subotu 15. prosinca 2012. god., a okupljanje \u00a0je na Trgu bana Josipa Jela\u010di\u0107a u Pakracu, u vremenu od 9:00 do 9:30. Potom se u organiziranoj koloni polazi prema spomen obilje\u017eju u podru\u010dju \u010cukur, gdje \u0107e se polo\u017eiti vijenci i zapaliti svije\u0107e uz prisje\u0107anje na Domovinski rat, te odati po\u010dast na\u0161im poginulim Braniteljima. Zatim se nastavlja prema planinarskom domu Omanovac utrtim planinarskim stazama.<\/span><\/p>\n<p style=\"text-align: justify;\">Pohodu pristupate na vlastitu odgovornost uz po\u0161tivanje pravila sigurnog boravka u planinama. Tijekom Pohoda du\u017eni ste slu\u0161ati upute vodi\u010da.<\/p>\n<p style=\"text-align: justify;\">Na domu \u0107e nas do\u010dekati topli \u010daj i planinarski grah po cijeni od 20 kuna za porciju. Dom je u najmu ugostiteljske tvrtke \u201eOmanovac\u201c d.o.o. koji \u0107e prirediti jelo i \u010daj. Zakupoprimac nas je zamolio da ne unosimo svoje pi\u0107e i hranu u dom i to treba po\u0161tivati. Pona\u0161at \u0107emo se kako to i prili\u010di planinarima, u manirima dobrih gostiju.<\/p>\n<p style=\"text-align: justify;\">Kontakt osobe za Dom su: Zvonimir Miler \u00a0098 436 176 \u00a0i \u00a0Dra\u017een Ivanovi\u0107 \u00a0098 415 150.<\/p>\n<p style=\"text-align: justify;\">Po\u0161tovani planinari, prijatelji, molimo Vas da nam zbog sveobuhvatne organizacije pohoda svakako najavite svoj dolazak, sa brojnim stanjem va\u0161ih u\u010desnika i brojem planinara koji \u017eele planinarski grah za ru\u010dak i to do 11. prosinca 2012. godine, na jedan od telefonskih brojeva; 098 325 508 Borislav \u010cerni, Kre\u0161o \u010cehuli\u0107 0981850131, 099 850 54 60 \u00a0\u017darko Ro\u010dek ili na na\u0161 e-mail<span>\u00a0<\/span><span id=\"cloak851540c012f0bb3c850e5628f3dbdc3f\"><a href=\"mailto:pakrac@pdpsunj.hr\">pakrac@pdpsunj.hr<\/a><\/span>.<\/p>\n<p style=\"text-align: center;\"><strong>ZBOG BUDU\u0106NOSTI, NE ZABORAVITE SVOJU PRO\u0160LOST.<\/strong><\/p>\n<p style=\"text-align: center;\"><strong>OPROSTITI TKO MO\u017dE ALI ZABORAVITI NIKADA.<\/strong><\/p>\n<p style=\"text-align: justify;\">Po\u0161tovani planinari, obavje\u0161tavamo Vas da \u0107e prije organiziranog polaska na 17. memorijalni pohod &#8220;Fokinom stazom&#8221; u subotu 15.12.2012. u vremenu od 08:30 \u2013 09:30 sati, svi zainteresirani mo\u0107i posjetiti stalni izlo\u017ebeni postav vojne i ratne povijesti, kojeg je izlo\u017eio Klub ratni\u010dkih vje\u0161tina Pakrac i idejni za\u010detnik ovog projekta Mario Tu\u0161ek.<\/p>\n<p style=\"text-align: justify;\">Postav se nalazi na mjestu okupljanja sudionika pohoda, iznad ureda Turisti\u010dke zajednice grada Pakraca. Stoga Vas molimo ukoliko \u017eelite vidjeti izlo\u017ebeni postav, da svoj dolazak u Pakrac planirate ne\u0161to ranije.<\/p>\n<\/div>\n<p>[\/et_pb_text][\/et_pb_column][\/et_pb_row][\/et_pb_section]<\/p>\n","protected":false},"excerpt":{"rendered":"<p>I ove godine planinarsko dru\u0161tvo \u201ePsunj\u201c iz Pakraca, organizira u znak sje\u0107anja na pogibije branitelja, tradicionalni memorijalni planinarski pohod \u00a0&#8220;FOKINOM STAZOM 1991.&#8221;. Pohod \u0107e biti odr\u017ean u subotu 15. prosinca 2012. god., a okupljanje \u00a0je na Trgu bana Josipa Jela\u010di\u0107a u Pakracu, u vremenu od 9:00 do 9:30. Potom se u organiziranoj koloni polazi prema [&hellip;]<\/p>\n","protected":false},"author":1,"featured_media":0,"comment_status":"closed","ping_status":"open","sticky":false,"template":"","format":"standard","meta":{"_et_pb_use_builder":"on","_et_pb_old_content":"","_et_gb_content_width":"1080","footnotes":""},"categories":[26],"tags":[],"class_list":["post-1558","post","type-post","status-publish","format-standard","hentry","category-26"],"_links":{"self":[{"href":"https:\/\/www.slavonski-planinari.hr\/arhiva\/wp-json\/wp\/v2\/posts\/1558","targetHints":{"allow":["GET"]}}],"collection":[{"href":"https:\/\/www.slavonski-planinari.hr\/arhiva\/wp-json\/wp\/v2\/posts"}],"about":[{"href":"https:\/\/www.slavonski-planinari.hr\/arhiva\/wp-json\/wp\/v2\/types\/post"}],"author":[{"embeddable":true,"href":"https:\/\/www.slavonski-planinari.hr\/arhiva\/wp-json\/wp\/v2\/users\/1"}],"replies":[{"embeddable":true,"href":"https:\/\/www.slavonski-planinari.hr\/arhiva\/wp-json\/wp\/v2\/comments?post=1558"}],"version-history":[{"count":0,"href":"https:\/\/www.slavonski-planinari.hr\/arhiva\/wp-json\/wp\/v2\/posts\/1558\/revisions"}],"wp:attachment":[{"href":"https:\/\/www.slavonski-planinari.hr\/arhiva\/wp-json\/wp\/v2\/media?parent=1558"}],"wp:term":[{"taxonomy":"category","embeddable":true,"href":"https:\/\/www.slavonski-planinari.hr\/arhiva\/wp-json\/wp\/v2\/categories?post=1558"},{"taxonomy":"post_tag","embeddable":true,"href":"https:\/\/www.slavonski-planinari.hr\/arhiva\/wp-json\/wp\/v2\/tags?post=1558"}],"curies":[{"name":"wp","href":"https:\/\/api.w.org\/{rel}","templated":true}]}}