{"id":1545,"date":"2012-11-20T08:40:00","date_gmt":"2012-11-20T07:40:00","guid":{"rendered":"https:\/\/www.slavonski-planinari.hr\/arhiva\/?p=1545"},"modified":"2023-01-03T09:39:35","modified_gmt":"2023-01-03T08:39:35","slug":"medunarodni-dan-planina-2012","status":"publish","type":"post","link":"https:\/\/www.slavonski-planinari.hr\/arhiva\/medunarodni-dan-planina-2012\/","title":{"rendered":"Me\u0111unarodni dan planina 2012."},"content":{"rendered":"<p>[et_pb_section fb_built=&#8221;1&#8243; _builder_version=&#8221;4.19.4&#8243; _module_preset=&#8221;default&#8221; custom_padding=&#8221;4px||72px|||&#8221; global_colors_info=&#8221;{}&#8221; theme_builder_area=&#8221;post_content&#8221;][et_pb_row _builder_version=&#8221;4.19.4&#8243; _module_preset=&#8221;default&#8221; global_colors_info=&#8221;{}&#8221; theme_builder_area=&#8221;post_content&#8221;][et_pb_column type=&#8221;4_4&#8243; _builder_version=&#8221;4.19.4&#8243; _module_preset=&#8221;default&#8221; global_colors_info=&#8221;{}&#8221; theme_builder_area=&#8221;post_content&#8221;][et_pb_text _builder_version=&#8221;4.19.4&#8243; _module_preset=&#8221;default&#8221; hover_enabled=&#8221;0&#8243; global_colors_info=&#8221;{}&#8221; theme_builder_area=&#8221;post_content&#8221; sticky_enabled=&#8221;0&#8243;]<\/p>\n<div class=\"itemIntroText\">\n<p style=\"text-align: justify;\"><span><img loading=\"lazy\" decoding=\"async\" src=\"https:\/\/www.slavonski-planinari.hr\/arhiva\/wp-content\/uploads\/2023\/01\/mdp-1.jpg\" width=\"94\" height=\"58\" alt=\"\" class=\"wp-image-1549 alignleft size-full\" \/>Slavonski planinarski savez i Park prirode Papuk,\u00a0<\/span><span>uz pokroviteljstvo HPS, pozivaju vas na\u00a0<\/span><span>obilje\u017eavanje \u00a0Me\u0111unarodni dan planina 2012. na Krndiji,\u00a0<\/span><span>u nedjelju 9. prosinca 2012. \u00a0<\/span><\/p>\n<\/div>\n<div class=\"itemFullText\">\n<p style=\"text-align: justify;\">\n<ul style=\"text-align: justify;\">\n<li>9,00 sati okupljanje kod manastira Sv.Nikolaj, uz cestu Orahovica-Kutjevo, do manastira mogu si\u0107i osobna i kombi vozila, autobusi se moraju, nakon iskrcaja, parkirati na Me\u0111i ili nekom drugom mjestu<\/li>\n<li>9,30 sati, polazak prema Kapovcu \u00a0oko 1h30min hoda nezahtjevnom stazom<\/li>\n<li>11,00 sati, slu\u017ebeno otvorenje vidikovca<\/li>\n<li>11,20 sati \u00a0polazak prema manastiru sv. Nikolaj u dvije grupe:<br \/>grupa A &#8211; zahtjevnijim putem preko Lukova\u010dkog brda i Sokolina do manastira &#8211; oko 3 sata hoda<br \/>grupa B &#8211; manje zahtjevnim putem, preko Dedovog nosa do manastira &#8211; oko 2 sata hoda<\/li>\n<li>16,30 sati, o\u010dekivani zavr\u0161etak akcije<\/li>\n<\/ul>\n<p style=\"text-align: justify;\">Na kraju puta \u010deka vas domjenak i razgledavanje manastira.<\/p>\n<p style=\"text-align: justify;\">Pe\u010dat (manifestacije), letak i vodi\u010di izleta osigurani. Za va\u0161u sigurnost brinut \u0107e se \u010dlanovi HGSS Orahovica.<\/p>\n<p style=\"text-align: justify;\"><img loading=\"lazy\" decoding=\"async\" src=\"https:\/\/www.slavonski-planinari.hr\/arhiva\/wp-content\/uploads\/2023\/01\/mdp1.jpg\" width=\"421\" height=\"465\" alt=\"\" class=\"wp-image-1550 aligncenter size-full\" srcset=\"https:\/\/www.slavonski-planinari.hr\/arhiva\/wp-content\/uploads\/2023\/01\/mdp1.jpg 421w, https:\/\/www.slavonski-planinari.hr\/arhiva\/wp-content\/uploads\/2023\/01\/mdp1-272x300.jpg 272w\" sizes=\"(max-width: 421px) 100vw, 421px\" \/><\/p>\n<p style=\"text-align: justify;\">Planinarsku obu\u0107u, odje\u0107u i opremu potrebno prilagoditi dobu godine (mogu\u0107nost ki\u0161e ili snijega, hladno\u0107a).<\/p>\n<p style=\"text-align: justify;\">Suorganizatori manifestacije su \u00a0HPD Orahovica, Grad Orahovica i TZ grada Orahovice.<\/p>\n<p style=\"text-align: justify;\">Molimo da prijavite broj sudionika i na\u010din prijevoza (autobus, kombi osobna vozila), najkasnije do 5.12.2012. (srijeda) kako bi mogli organizirati logistiku. \u00a0<\/p>\n<p style=\"text-align: justify;\"><strong>Info:<\/strong><br \/>Otmar Tosenberger, 091\/181-4119,<span>\u00a0<\/span><span id=\"cloak171761e9b1dfca22805d2cd66c4bb858\"><a href=\"mailto:slavonski.planinari@gmail.com\">slavonski.planinari@gmail.com<\/a><\/span><br \/>PP Papuk, 034\/313 030,<span>\u00a0<\/span><span id=\"cloaka6afcfab1ed6f4203878279b85b043ca\"><a href=\"mailto:kontakt@pp-papuk.hr\">kontakt@pp-papuk.hr<\/a><\/span><\/p>\n<p style=\"text-align: center;\"><img loading=\"lazy\" decoding=\"async\" src=\"https:\/\/www.slavonski-planinari.hr\/arhiva\/wp-content\/uploads\/2023\/01\/manastir.jpg\" width=\"621\" height=\"421\" alt=\"\" class=\"wp-image-1548 aligncenter size-full\" srcset=\"https:\/\/www.slavonski-planinari.hr\/arhiva\/wp-content\/uploads\/2023\/01\/manastir.jpg 621w, https:\/\/www.slavonski-planinari.hr\/arhiva\/wp-content\/uploads\/2023\/01\/manastir-480x325.jpg 480w\" sizes=\"(min-width: 0px) and (max-width: 480px) 480px, (min-width: 481px) 621px, 100vw\" \/><br \/><strong>kod manastira sv. Nikolaja<\/strong><\/p>\n<p style=\"text-align: center;\"><strong><img loading=\"lazy\" decoding=\"async\" src=\"https:\/\/www.slavonski-planinari.hr\/arhiva\/wp-content\/uploads\/2023\/01\/vidikovac.jpg\" width=\"571\" height=\"603\" alt=\"\" class=\"wp-image-1553 aligncenter size-full\" srcset=\"https:\/\/www.slavonski-planinari.hr\/arhiva\/wp-content\/uploads\/2023\/01\/vidikovac.jpg 571w, https:\/\/www.slavonski-planinari.hr\/arhiva\/wp-content\/uploads\/2023\/01\/vidikovac-480x507.jpg 480w\" sizes=\"(min-width: 0px) and (max-width: 480px) 480px, (min-width: 481px) 571px, 100vw\" \/><\/strong><strong>novi vidikovac na Kapovcu<\/strong><\/p>\n<p style=\"text-align: center;\"><strong><img loading=\"lazy\" decoding=\"async\" src=\"https:\/\/www.slavonski-planinari.hr\/arhiva\/wp-content\/uploads\/2023\/01\/pogled.jpg\" width=\"571\" height=\"388\" alt=\"\" class=\"wp-image-1551 aligncenter size-full\" srcset=\"https:\/\/www.slavonski-planinari.hr\/arhiva\/wp-content\/uploads\/2023\/01\/pogled.jpg 571w, https:\/\/www.slavonski-planinari.hr\/arhiva\/wp-content\/uploads\/2023\/01\/pogled-480x326.jpg 480w\" sizes=\"(min-width: 0px) and (max-width: 480px) 480px, (min-width: 481px) 571px, 100vw\" \/><br \/>na grebenu Lukova\u010dkog brda<\/strong><\/p>\n<p style=\"text-align: center;\"><strong><img loading=\"lazy\" decoding=\"async\" src=\"https:\/\/www.slavonski-planinari.hr\/arhiva\/wp-content\/uploads\/2023\/01\/pogled2.jpg\" width=\"571\" height=\"388\" alt=\"\" class=\"wp-image-1552 aligncenter size-full\" srcset=\"https:\/\/www.slavonski-planinari.hr\/arhiva\/wp-content\/uploads\/2023\/01\/pogled2.jpg 571w, https:\/\/www.slavonski-planinari.hr\/arhiva\/wp-content\/uploads\/2023\/01\/pogled2-480x326.jpg 480w\" sizes=\"(min-width: 0px) and (max-width: 480px) 480px, (min-width: 481px) 571px, 100vw\" \/><br \/>pogled prema Kapovcu<\/strong><\/p>\n<\/div>\n<p>[\/et_pb_text][\/et_pb_column][\/et_pb_row][\/et_pb_section]<\/p>\n","protected":false},"excerpt":{"rendered":"<p>Slavonski planinarski savez i Park prirode Papuk,\u00a0uz pokroviteljstvo HPS, pozivaju vas na\u00a0obilje\u017eavanje \u00a0Me\u0111unarodni dan planina 2012. na Krndiji,\u00a0u nedjelju 9. prosinca 2012. \u00a0 9,00 sati okupljanje kod manastira Sv.Nikolaj, uz cestu Orahovica-Kutjevo, do manastira mogu si\u0107i osobna i kombi vozila, autobusi se moraju, nakon iskrcaja, parkirati na Me\u0111i ili nekom drugom mjestu 9,30 sati, polazak [&hellip;]<\/p>\n","protected":false},"author":1,"featured_media":0,"comment_status":"closed","ping_status":"open","sticky":false,"template":"","format":"standard","meta":{"_et_pb_use_builder":"on","_et_pb_old_content":"","_et_gb_content_width":"1080","footnotes":""},"categories":[26],"tags":[],"class_list":["post-1545","post","type-post","status-publish","format-standard","hentry","category-26"],"_links":{"self":[{"href":"https:\/\/www.slavonski-planinari.hr\/arhiva\/wp-json\/wp\/v2\/posts\/1545","targetHints":{"allow":["GET"]}}],"collection":[{"href":"https:\/\/www.slavonski-planinari.hr\/arhiva\/wp-json\/wp\/v2\/posts"}],"about":[{"href":"https:\/\/www.slavonski-planinari.hr\/arhiva\/wp-json\/wp\/v2\/types\/post"}],"author":[{"embeddable":true,"href":"https:\/\/www.slavonski-planinari.hr\/arhiva\/wp-json\/wp\/v2\/users\/1"}],"replies":[{"embeddable":true,"href":"https:\/\/www.slavonski-planinari.hr\/arhiva\/wp-json\/wp\/v2\/comments?post=1545"}],"version-history":[{"count":0,"href":"https:\/\/www.slavonski-planinari.hr\/arhiva\/wp-json\/wp\/v2\/posts\/1545\/revisions"}],"wp:attachment":[{"href":"https:\/\/www.slavonski-planinari.hr\/arhiva\/wp-json\/wp\/v2\/media?parent=1545"}],"wp:term":[{"taxonomy":"category","embeddable":true,"href":"https:\/\/www.slavonski-planinari.hr\/arhiva\/wp-json\/wp\/v2\/categories?post=1545"},{"taxonomy":"post_tag","embeddable":true,"href":"https:\/\/www.slavonski-planinari.hr\/arhiva\/wp-json\/wp\/v2\/tags?post=1545"}],"curies":[{"name":"wp","href":"https:\/\/api.w.org\/{rel}","templated":true}]}}