{"id":1540,"date":"2012-11-05T14:43:00","date_gmt":"2012-11-05T13:43:00","guid":{"rendered":"https:\/\/www.slavonski-planinari.hr\/arhiva\/?p=1540"},"modified":"2023-01-03T07:44:22","modified_gmt":"2023-01-03T06:44:22","slug":"muzejska-zbirka-slavonskoga-planinarstva","status":"publish","type":"post","link":"https:\/\/www.slavonski-planinari.hr\/arhiva\/muzejska-zbirka-slavonskoga-planinarstva\/","title":{"rendered":"Muzejska zbirka slavonskoga planinarstva"},"content":{"rendered":"<p>[et_pb_section fb_built=&#8221;1&#8243; _builder_version=&#8221;4.19.4&#8243; _module_preset=&#8221;default&#8221; custom_padding=&#8221;4px||421px|||&#8221; global_colors_info=&#8221;{}&#8221;][et_pb_row _builder_version=&#8221;4.19.4&#8243; _module_preset=&#8221;default&#8221; global_colors_info=&#8221;{}&#8221;][et_pb_column type=&#8221;4_4&#8243; _builder_version=&#8221;4.19.4&#8243; _module_preset=&#8221;default&#8221; global_colors_info=&#8221;{}&#8221;][et_pb_text _builder_version=&#8221;4.19.4&#8243; _module_preset=&#8221;default&#8221; hover_enabled=&#8221;0&#8243; global_colors_info=&#8221;{}&#8221; sticky_enabled=&#8221;0&#8243;]<\/p>\n<div class=\"itemIntroText\">\n<p style=\"text-align: justify;\"><img loading=\"lazy\" decoding=\"async\" src=\"https:\/\/www.slavonski-planinari.hr\/arhiva\/wp-content\/uploads\/2023\/01\/sps_logo1.jpg\" width=\"84\" height=\"82\" alt=\"\" class=\"wp-image-1542 alignleft size-full\" srcset=\"https:\/\/www.slavonski-planinari.hr\/arhiva\/wp-content\/uploads\/2023\/01\/sps_logo1.jpg 400w, https:\/\/www.slavonski-planinari.hr\/arhiva\/wp-content\/uploads\/2023\/01\/sps_logo1-300x293.jpg 300w\" sizes=\"(max-width: 84px) 100vw, 84px\" \/>U subotu 10. studenog 2012.g. u 17,30 sati u Kutijevu se otvara &#8220;Muzejska zbirka slavonskoga planinarstva&#8221;. Muzejska zbirka \u0107e biti trajno izlo\u017eena u prostoru pored suvenirnice u sastavu Kutijeva\u010dke vinarije.<\/p>\n<\/div>\n<div class=\"itemFullText\">\n<p style=\"text-align: justify;\">U Kutijevu se otvara prva od desetak zbirki koje \u0107e biti postavljene u po slavonskim mjestima u suradnji s planinarskim dru\u0161tvima i lokalnom zajednicom. Uskoro op\u0161irniji prikaz postave zbirke, te programa po kome se realizira.<\/p>\n<\/div>\n<p>[\/et_pb_text][\/et_pb_column][\/et_pb_row][\/et_pb_section]<\/p>\n","protected":false},"excerpt":{"rendered":"<p>U subotu 10. studenog 2012.g. u 17,30 sati u Kutijevu se otvara &#8220;Muzejska zbirka slavonskoga planinarstva&#8221;. Muzejska zbirka \u0107e biti trajno izlo\u017eena u prostoru pored suvenirnice u sastavu Kutijeva\u010dke vinarije. U Kutijevu se otvara prva od desetak zbirki koje \u0107e biti postavljene u po slavonskim mjestima u suradnji s planinarskim dru\u0161tvima i lokalnom zajednicom. Uskoro [&hellip;]<\/p>\n","protected":false},"author":1,"featured_media":0,"comment_status":"closed","ping_status":"open","sticky":false,"template":"","format":"standard","meta":{"_et_pb_use_builder":"on","_et_pb_old_content":"","_et_gb_content_width":"1080","footnotes":""},"categories":[26],"tags":[],"class_list":["post-1540","post","type-post","status-publish","format-standard","hentry","category-26"],"_links":{"self":[{"href":"https:\/\/www.slavonski-planinari.hr\/arhiva\/wp-json\/wp\/v2\/posts\/1540","targetHints":{"allow":["GET"]}}],"collection":[{"href":"https:\/\/www.slavonski-planinari.hr\/arhiva\/wp-json\/wp\/v2\/posts"}],"about":[{"href":"https:\/\/www.slavonski-planinari.hr\/arhiva\/wp-json\/wp\/v2\/types\/post"}],"author":[{"embeddable":true,"href":"https:\/\/www.slavonski-planinari.hr\/arhiva\/wp-json\/wp\/v2\/users\/1"}],"replies":[{"embeddable":true,"href":"https:\/\/www.slavonski-planinari.hr\/arhiva\/wp-json\/wp\/v2\/comments?post=1540"}],"version-history":[{"count":0,"href":"https:\/\/www.slavonski-planinari.hr\/arhiva\/wp-json\/wp\/v2\/posts\/1540\/revisions"}],"wp:attachment":[{"href":"https:\/\/www.slavonski-planinari.hr\/arhiva\/wp-json\/wp\/v2\/media?parent=1540"}],"wp:term":[{"taxonomy":"category","embeddable":true,"href":"https:\/\/www.slavonski-planinari.hr\/arhiva\/wp-json\/wp\/v2\/categories?post=1540"},{"taxonomy":"post_tag","embeddable":true,"href":"https:\/\/www.slavonski-planinari.hr\/arhiva\/wp-json\/wp\/v2\/tags?post=1540"}],"curies":[{"name":"wp","href":"https:\/\/api.w.org\/{rel}","templated":true}]}}