{"id":1535,"date":"2012-11-05T14:39:00","date_gmt":"2012-11-05T13:39:00","guid":{"rendered":"https:\/\/www.slavonski-planinari.hr\/arhiva\/?p=1535"},"modified":"2023-01-03T09:39:46","modified_gmt":"2023-01-03T08:39:46","slug":"kutjevacko-martinje","status":"publish","type":"post","link":"https:\/\/www.slavonski-planinari.hr\/arhiva\/kutjevacko-martinje\/","title":{"rendered":"Kutjeva\u010dko Martinje"},"content":{"rendered":"<p>[et_pb_section fb_built=&#8221;1&#8243; _builder_version=&#8221;4.19.4&#8243; _module_preset=&#8221;default&#8221; custom_padding=&#8221;4px||72px|||&#8221; global_colors_info=&#8221;{}&#8221; theme_builder_area=&#8221;post_content&#8221;][et_pb_row _builder_version=&#8221;4.19.4&#8243; _module_preset=&#8221;default&#8221; global_colors_info=&#8221;{}&#8221; theme_builder_area=&#8221;post_content&#8221;][et_pb_column type=&#8221;4_4&#8243; _builder_version=&#8221;4.19.4&#8243; _module_preset=&#8221;default&#8221; global_colors_info=&#8221;{}&#8221; theme_builder_area=&#8221;post_content&#8221;][et_pb_text _builder_version=&#8221;4.19.4&#8243; _module_preset=&#8221;default&#8221; hover_enabled=&#8221;0&#8243; global_colors_info=&#8221;{}&#8221; theme_builder_area=&#8221;post_content&#8221; sticky_enabled=&#8221;0&#8243;]<\/p>\n<div class=\"itemIntroText\">\n<p style=\"text-align: justify;\"><img loading=\"lazy\" decoding=\"async\" src=\"https:\/\/www.slavonski-planinari.hr\/arhiva\/wp-content\/uploads\/2023\/01\/vidim_logo.jpg\" width=\"121\" height=\"81\" alt=\"\" class=\"wp-image-1538 alignleft size-full\" \/>Grad Kutjevo, TZ Kutjevo i HPD \u201cVidim\u201d Kutjevo u subotu i nedjelju, 10. i 11. studenoga, u prigodi Sv. Martina organiziraju 15. tradicionalni izlet za planinare, izletnike i sve ljubitelje vrhunske kutjeva\u010dke vinske kapljice.<span>\u00a0<\/span><\/p>\n<\/div>\n<div class=\"itemFullText\">\n<p style=\"text-align: justify;\">\u00a0Okupljanje planinara po\u010dinje u subotu u jutarnjim satima, a na pohod se kre\u0107e u nedjelju u 9:30.<\/p>\n<p style=\"text-align: justify;\">U nastavku pogledajte detaljan program doga\u0111anja:<\/p>\n<p style=\"text-align: justify;\"><strong>10.11.2012. \u2013 subota<\/strong><\/p>\n<ul style=\"text-align: justify;\">\n<li>\u00a0\u00a0\u00a0 od 10:00 \u2013 okupljanje prvih planinara i planinarskih dru\u0161tava<\/li>\n<li>\u00a0\u00a0\u00a0 17:30 \u2013 sve\u010dano otvorenje muzeja planinara<\/li>\n<li>\u00a0\u00a0\u00a0 18:00 \u2013 paljenje velike vatre i po\u010detak pe\u010denja vola na ra\u017enju<\/li>\n<li>\u00a0\u00a0\u00a0 glazbeni program:<\/li>\n<li>\u00a0\u00a0\u00a0 &#8211; Beznadni slu\u010daj<\/li>\n<li>\u00a0\u00a0\u00a0 &#8211; Ritam band i Berija<\/li>\n<li>\u00a0\u00a0\u00a0 &#8211; Tihomir Ko\u017eina (i Matea Timrak)<\/li>\n<li>\u00a0\u00a0\u00a0 ples na otvorenom i bogata ponuda jela i pi\u0107a<\/li>\n<\/ul>\n<p style=\"text-align: justify;\"><img loading=\"lazy\" decoding=\"async\" src=\"https:\/\/www.slavonski-planinari.hr\/arhiva\/wp-content\/uploads\/2023\/01\/martinje4.jpg\" width=\"571\" height=\"433\" alt=\"\" class=\"wp-image-1537 aligncenter size-full\" srcset=\"https:\/\/www.slavonski-planinari.hr\/arhiva\/wp-content\/uploads\/2023\/01\/martinje4.jpg 571w, https:\/\/www.slavonski-planinari.hr\/arhiva\/wp-content\/uploads\/2023\/01\/martinje4-480x364.jpg 480w\" sizes=\"(min-width: 0px) and (max-width: 480px) 480px, (min-width: 481px) 571px, 100vw\" \/><\/p>\n<p style=\"text-align: justify;\"><strong>11.11.2012. \u2013 nedjelja<\/strong><\/p>\n<ul>\n<li style=\"text-align: justify;\">\u00a0 \u00a0 08:00 \u2013 08:30 \u2013 budnica i do\u010dek planinara<\/li>\n<li style=\"text-align: justify;\">\u00a0\u00a0\u00a0 08:30 \u2013 09:15 \u2013 okupljanje planinara i izletnika na Trgu gra\u0161evine<\/li>\n<li style=\"text-align: justify;\">\u00a0\u00a0\u00a0 &#8211; prigodni do\u010dek uz puha\u010dki orkestar Kutjevo<\/li>\n<li style=\"text-align: justify;\">\u00a0\u00a0\u00a0 &#8211; prijava i upis u knjigu gostiju dru\u0161tva na \u0161tandu HPD vidim<\/li>\n<li style=\"text-align: justify;\">\u00a0\u00a0\u00a0 &#8211; tradicionalna slavonska orkijepa za planinare, izletnike i goste<\/li>\n<li style=\"text-align: justify;\">\u00a0\u00a0\u00a0 09:15 \u2013 rije\u010di dobrodo\u0161lice doma\u0107ina<\/li>\n<li style=\"text-align: justify;\">\u00a0\u00a0\u00a0 09:30 \u2013 planinarski izlet \u2013 3 staze<\/li>\n<li style=\"text-align: justify;\">\u00a0\u00a0\u00a0 09:30 \u2013 glazbeni program<\/li>\n<li style=\"text-align: justify;\">\u00a0\u00a0\u00a0 &#8211; Kutjeva\u010dki tambura\u0161ki orkestar<\/li>\n<li style=\"text-align: justify;\">\u00a0\u00a0\u00a0 &#8211; TS Bisernica<\/li>\n<li style=\"text-align: justify;\">\u00a0\u00a0\u00a0 &#8211; TS K\u0107eri Ravnice<\/li>\n<li style=\"text-align: justify;\">\u00a0\u00a0\u00a0 &#8211; TS \u017dute Dunje<\/li>\n<li style=\"text-align: justify;\">\u00a0\u00a0\u00a0 &#8211; dru\u017eenje sa vinskim bi\u0161kupima na Trgu gra\u0161evine<\/li>\n<li style=\"text-align: justify;\">\u00a0\u00a0\u00a0 14:30 \u2013 povorka, Carica Marija Terezija i Franjo Barun Trenk s KUD-ovima<\/li>\n<li style=\"text-align: justify;\">\u00a0\u00a0\u00a0 14:45 \u2013 KUD Poljadijka, Grabarje<\/li>\n<li style=\"text-align: justify;\">\u00a0\u00a0\u00a0 15:00 \u2013 prigodno otvorenje Martinja u Kutjevu<\/li>\n<li style=\"text-align: justify;\">\u00a0\u00a0\u00a0 15:15 \u2013 program kr\u0161tenja mo\u0161ta<\/li>\n<li style=\"text-align: justify;\">\u00a0\u00a0\u00a0 16:00 \u2013 nastavak glazbenog programa<\/li>\n<li style=\"text-align: justify;\">\u00a0\u00a0\u00a0 &#8211; TS Garavu\u0161e i gosti<\/li>\n<li style=\"text-align: justify;\">\u00a0\u00a0\u00a0 17:30 \u2013 MINEA koncert 1. dio<\/li>\n<li style=\"text-align: justify;\">\u00a0\u00a0\u00a0 18:15 \u2013 KUD Hrvoje Vuk\u010di\u0107 Hrvatini\u0107, Velika<\/li>\n<li style=\"text-align: justify;\">\u00a0\u00a0\u00a0 18:30 \u2013 TS Veli\u010dke legende (grofovi)<\/li>\n<li style=\"text-align: justify;\">\u00a0\u00a0\u00a0 20:00 \u2013 TS Da Capo<\/li>\n<li style=\"text-align: justify;\">\u00a0\u00a0\u00a0 21:00 \u2013 MINEA koncert 2. dio<\/li>\n<li style=\"text-align: justify;\">\u00a0\u00a0\u00a0 22:00 \u2013 Tihomir Ko\u017eina<\/li>\n<\/ul>\n<\/div>\n<p>[\/et_pb_text][\/et_pb_column][\/et_pb_row][\/et_pb_section]<\/p>\n","protected":false},"excerpt":{"rendered":"<p>Grad Kutjevo, TZ Kutjevo i HPD \u201cVidim\u201d Kutjevo u subotu i nedjelju, 10. i 11. studenoga, u prigodi Sv. Martina organiziraju 15. tradicionalni izlet za planinare, izletnike i sve ljubitelje vrhunske kutjeva\u010dke vinske kapljice.\u00a0 \u00a0Okupljanje planinara po\u010dinje u subotu u jutarnjim satima, a na pohod se kre\u0107e u nedjelju u 9:30. U nastavku pogledajte detaljan [&hellip;]<\/p>\n","protected":false},"author":1,"featured_media":0,"comment_status":"closed","ping_status":"open","sticky":false,"template":"","format":"standard","meta":{"_et_pb_use_builder":"on","_et_pb_old_content":"","_et_gb_content_width":"1080","footnotes":""},"categories":[26],"tags":[],"class_list":["post-1535","post","type-post","status-publish","format-standard","hentry","category-26"],"_links":{"self":[{"href":"https:\/\/www.slavonski-planinari.hr\/arhiva\/wp-json\/wp\/v2\/posts\/1535","targetHints":{"allow":["GET"]}}],"collection":[{"href":"https:\/\/www.slavonski-planinari.hr\/arhiva\/wp-json\/wp\/v2\/posts"}],"about":[{"href":"https:\/\/www.slavonski-planinari.hr\/arhiva\/wp-json\/wp\/v2\/types\/post"}],"author":[{"embeddable":true,"href":"https:\/\/www.slavonski-planinari.hr\/arhiva\/wp-json\/wp\/v2\/users\/1"}],"replies":[{"embeddable":true,"href":"https:\/\/www.slavonski-planinari.hr\/arhiva\/wp-json\/wp\/v2\/comments?post=1535"}],"version-history":[{"count":0,"href":"https:\/\/www.slavonski-planinari.hr\/arhiva\/wp-json\/wp\/v2\/posts\/1535\/revisions"}],"wp:attachment":[{"href":"https:\/\/www.slavonski-planinari.hr\/arhiva\/wp-json\/wp\/v2\/media?parent=1535"}],"wp:term":[{"taxonomy":"category","embeddable":true,"href":"https:\/\/www.slavonski-planinari.hr\/arhiva\/wp-json\/wp\/v2\/categories?post=1535"},{"taxonomy":"post_tag","embeddable":true,"href":"https:\/\/www.slavonski-planinari.hr\/arhiva\/wp-json\/wp\/v2\/tags?post=1535"}],"curies":[{"name":"wp","href":"https:\/\/api.w.org\/{rel}","templated":true}]}}