{"id":1532,"date":"2012-10-26T14:37:00","date_gmt":"2012-10-26T13:37:00","guid":{"rendered":"https:\/\/www.slavonski-planinari.hr\/arhiva\/?p=1532"},"modified":"2023-01-02T14:39:07","modified_gmt":"2023-01-02T13:39:07","slug":"vazno-sastanak-predsjednika-clanica-sps","status":"publish","type":"post","link":"https:\/\/www.slavonski-planinari.hr\/arhiva\/vazno-sastanak-predsjednika-clanica-sps\/","title":{"rendered":"Va\u017eno &#8211; Sastanak predsjednika \u010dlanica SPS"},"content":{"rendered":"<p>[et_pb_section fb_built=&#8221;1&#8243; _builder_version=&#8221;4.19.4&#8243; _module_preset=&#8221;default&#8221; custom_padding=&#8221;4px||72px|||&#8221; global_colors_info=&#8221;{}&#8221; theme_builder_area=&#8221;post_content&#8221;][et_pb_row _builder_version=&#8221;4.19.4&#8243; _module_preset=&#8221;default&#8221; global_colors_info=&#8221;{}&#8221; theme_builder_area=&#8221;post_content&#8221;][et_pb_column type=&#8221;4_4&#8243; _builder_version=&#8221;4.19.4&#8243; _module_preset=&#8221;default&#8221; global_colors_info=&#8221;{}&#8221; theme_builder_area=&#8221;post_content&#8221;][et_pb_text _builder_version=&#8221;4.19.4&#8243; _module_preset=&#8221;default&#8221; hover_enabled=&#8221;0&#8243; global_colors_info=&#8221;{}&#8221; theme_builder_area=&#8221;post_content&#8221; sticky_enabled=&#8221;0&#8243;]<\/p>\n<div class=\"itemIntroText\">\n<p style=\"text-align: justify;\">Sastanak predsjednika planinarskih dru\u0161tava-\u010dlanica Slavonskog planinarskog saveza, najavljen za 27.10.2012., odr\u017eat \u0107e se tjedan kasnije: 3.11.2012. u pl. domu Lapjak, Velika, po\u010detak u 16,00 sati.<\/p>\n<\/div>\n<div class=\"itemFullText\">\n<p style=\"text-align: justify;\">Do odgode je do\u0161lo jer nekoliko predsjednika i tajnika poha\u0111aju te\u010daj Vodi\u010da dru\u0161tvenih izleta 20\/21. i 27\/28.10.2012. u pl.domu Petrov vrh.<\/p>\n<p style=\"text-align: right;\">UO SPS<\/p>\n<\/div>\n<p>[\/et_pb_text][\/et_pb_column][\/et_pb_row][\/et_pb_section]<\/p>\n","protected":false},"excerpt":{"rendered":"<p>Sastanak predsjednika planinarskih dru\u0161tava-\u010dlanica Slavonskog planinarskog saveza, najavljen za 27.10.2012., odr\u017eat \u0107e se tjedan kasnije: 3.11.2012. u pl. domu Lapjak, Velika, po\u010detak u 16,00 sati. Do odgode je do\u0161lo jer nekoliko predsjednika i tajnika poha\u0111aju te\u010daj Vodi\u010da dru\u0161tvenih izleta 20\/21. i 27\/28.10.2012. u pl.domu Petrov vrh. UO SPS<\/p>\n","protected":false},"author":1,"featured_media":0,"comment_status":"closed","ping_status":"open","sticky":false,"template":"","format":"standard","meta":{"_et_pb_use_builder":"on","_et_pb_old_content":"","_et_gb_content_width":"1080","footnotes":""},"categories":[26],"tags":[],"class_list":["post-1532","post","type-post","status-publish","format-standard","hentry","category-26"],"_links":{"self":[{"href":"https:\/\/www.slavonski-planinari.hr\/arhiva\/wp-json\/wp\/v2\/posts\/1532","targetHints":{"allow":["GET"]}}],"collection":[{"href":"https:\/\/www.slavonski-planinari.hr\/arhiva\/wp-json\/wp\/v2\/posts"}],"about":[{"href":"https:\/\/www.slavonski-planinari.hr\/arhiva\/wp-json\/wp\/v2\/types\/post"}],"author":[{"embeddable":true,"href":"https:\/\/www.slavonski-planinari.hr\/arhiva\/wp-json\/wp\/v2\/users\/1"}],"replies":[{"embeddable":true,"href":"https:\/\/www.slavonski-planinari.hr\/arhiva\/wp-json\/wp\/v2\/comments?post=1532"}],"version-history":[{"count":0,"href":"https:\/\/www.slavonski-planinari.hr\/arhiva\/wp-json\/wp\/v2\/posts\/1532\/revisions"}],"wp:attachment":[{"href":"https:\/\/www.slavonski-planinari.hr\/arhiva\/wp-json\/wp\/v2\/media?parent=1532"}],"wp:term":[{"taxonomy":"category","embeddable":true,"href":"https:\/\/www.slavonski-planinari.hr\/arhiva\/wp-json\/wp\/v2\/categories?post=1532"},{"taxonomy":"post_tag","embeddable":true,"href":"https:\/\/www.slavonski-planinari.hr\/arhiva\/wp-json\/wp\/v2\/tags?post=1532"}],"curies":[{"name":"wp","href":"https:\/\/api.w.org\/{rel}","templated":true}]}}