{"id":1528,"date":"2012-09-12T14:35:00","date_gmt":"2012-09-12T13:35:00","guid":{"rendered":"https:\/\/www.slavonski-planinari.hr\/arhiva\/?p=1528"},"modified":"2023-01-02T14:37:27","modified_gmt":"2023-01-02T13:37:27","slug":"kroz-vinograde-i-sume","status":"publish","type":"post","link":"https:\/\/www.slavonski-planinari.hr\/arhiva\/kroz-vinograde-i-sume\/","title":{"rendered":"Kroz vinograde i \u0161ume"},"content":{"rendered":"<p>[et_pb_section fb_built=&#8221;1&#8243; _builder_version=&#8221;4.19.4&#8243; _module_preset=&#8221;default&#8221; custom_padding=&#8221;4px||219px|||&#8221; global_colors_info=&#8221;{}&#8221; theme_builder_area=&#8221;post_content&#8221;][et_pb_row _builder_version=&#8221;4.19.4&#8243; _module_preset=&#8221;default&#8221; global_colors_info=&#8221;{}&#8221; theme_builder_area=&#8221;post_content&#8221;][et_pb_column type=&#8221;4_4&#8243; _builder_version=&#8221;4.19.4&#8243; _module_preset=&#8221;default&#8221; global_colors_info=&#8221;{}&#8221; theme_builder_area=&#8221;post_content&#8221;][et_pb_text _builder_version=&#8221;4.19.4&#8243; _module_preset=&#8221;default&#8221; hover_enabled=&#8221;0&#8243; global_colors_info=&#8221;{}&#8221; theme_builder_area=&#8221;post_content&#8221; sticky_enabled=&#8221;0&#8243;]<\/p>\n<div class=\"itemIntroText\">\n<p><img loading=\"lazy\" decoding=\"async\" src=\"https:\/\/www.slavonski-planinari.hr\/arhiva\/wp-content\/uploads\/2023\/01\/sokol.jpg\" width=\"179\" height=\"122\" alt=\"\" class=\"wp-image-1530 alignleft size-full\" srcset=\"https:\/\/www.slavonski-planinari.hr\/arhiva\/wp-content\/uploads\/2023\/01\/sokol.jpg 398w, https:\/\/www.slavonski-planinari.hr\/arhiva\/wp-content\/uploads\/2023\/01\/sokol-300x205.jpg 300w\" sizes=\"(max-width: 179px) 100vw, 179px\" \/>HPD Sokol Feri\u010danci poziva na tradicionalni izlet &#8220;Kroz vinograde i \u0161ume&#8221; nedjelja, 23. rujna 2012.<\/p>\n<\/div>\n<div class=\"itemFullText\">\n<p>&nbsp;<\/p>\n<p>&nbsp;<\/p>\n<p>&nbsp;<\/p>\n<\/div>\n<p>[\/et_pb_text][et_pb_text _builder_version=&#8221;4.19.4&#8243; _module_preset=&#8221;default&#8221; theme_builder_area=&#8221;post_content&#8221; hover_enabled=&#8221;0&#8243; sticky_enabled=&#8221;0&#8243;]<\/p>\n<p><strong>Program:<\/strong><\/p>\n<ul>\n<li>okupljanje pred \u0161kolom u Feri\u010dancima, prijava dru\u0161tava, izlo\u017eba prigodom 20 godina Sokola, razgledavanje podruma Feravina, degustacija i mogu\u0107nost kupnje vina<\/li>\n<li>polazak na staze po izboru u 9,30 sati<\/li>\n<li>izleti\u0161te Srednjak: ru\u010dak, gro\u017e\u0111e, dru\u017eenje, tambura\u0161i<\/li>\n<li>povratak u Feri\u010dance<\/li>\n<\/ul>\n<p>Info: Zlatko Brki\u0107, 0994603095<\/p>\n<p>[\/et_pb_text][\/et_pb_column][\/et_pb_row][\/et_pb_section]<\/p>\n","protected":false},"excerpt":{"rendered":"<p>HPD Sokol Feri\u010danci poziva na tradicionalni izlet &#8220;Kroz vinograde i \u0161ume&#8221; nedjelja, 23. rujna 2012. &nbsp; &nbsp; &nbsp; Program: okupljanje pred \u0161kolom u Feri\u010dancima, prijava dru\u0161tava, izlo\u017eba prigodom 20 godina Sokola, razgledavanje podruma Feravina, degustacija i mogu\u0107nost kupnje vina polazak na staze po izboru u 9,30 sati izleti\u0161te Srednjak: ru\u010dak, gro\u017e\u0111e, dru\u017eenje, tambura\u0161i povratak u [&hellip;]<\/p>\n","protected":false},"author":1,"featured_media":0,"comment_status":"closed","ping_status":"open","sticky":false,"template":"","format":"standard","meta":{"_et_pb_use_builder":"on","_et_pb_old_content":"","_et_gb_content_width":"1080","footnotes":""},"categories":[26],"tags":[],"class_list":["post-1528","post","type-post","status-publish","format-standard","hentry","category-26"],"_links":{"self":[{"href":"https:\/\/www.slavonski-planinari.hr\/arhiva\/wp-json\/wp\/v2\/posts\/1528","targetHints":{"allow":["GET"]}}],"collection":[{"href":"https:\/\/www.slavonski-planinari.hr\/arhiva\/wp-json\/wp\/v2\/posts"}],"about":[{"href":"https:\/\/www.slavonski-planinari.hr\/arhiva\/wp-json\/wp\/v2\/types\/post"}],"author":[{"embeddable":true,"href":"https:\/\/www.slavonski-planinari.hr\/arhiva\/wp-json\/wp\/v2\/users\/1"}],"replies":[{"embeddable":true,"href":"https:\/\/www.slavonski-planinari.hr\/arhiva\/wp-json\/wp\/v2\/comments?post=1528"}],"version-history":[{"count":0,"href":"https:\/\/www.slavonski-planinari.hr\/arhiva\/wp-json\/wp\/v2\/posts\/1528\/revisions"}],"wp:attachment":[{"href":"https:\/\/www.slavonski-planinari.hr\/arhiva\/wp-json\/wp\/v2\/media?parent=1528"}],"wp:term":[{"taxonomy":"category","embeddable":true,"href":"https:\/\/www.slavonski-planinari.hr\/arhiva\/wp-json\/wp\/v2\/categories?post=1528"},{"taxonomy":"post_tag","embeddable":true,"href":"https:\/\/www.slavonski-planinari.hr\/arhiva\/wp-json\/wp\/v2\/tags?post=1528"}],"curies":[{"name":"wp","href":"https:\/\/api.w.org\/{rel}","templated":true}]}}