{"id":1510,"date":"2012-09-07T14:23:00","date_gmt":"2012-09-07T13:23:00","guid":{"rendered":"https:\/\/www.slavonski-planinari.hr\/arhiva\/?p=1510"},"modified":"2023-01-02T14:26:50","modified_gmt":"2023-01-02T13:26:50","slug":"odrzan-37-slet-planinara-slavonije","status":"publish","type":"post","link":"https:\/\/www.slavonski-planinari.hr\/arhiva\/odrzan-37-slet-planinara-slavonije\/","title":{"rendered":"Odr\u017ean 37. slet planinara Slavonije"},"content":{"rendered":"<p>[et_pb_section fb_built=&#8221;1&#8243; _builder_version=&#8221;4.19.4&#8243; _module_preset=&#8221;default&#8221; custom_padding=&#8221;4px||72px|||&#8221; global_colors_info=&#8221;{}&#8221; theme_builder_area=&#8221;post_content&#8221;][et_pb_row _builder_version=&#8221;4.19.4&#8243; _module_preset=&#8221;default&#8221; global_colors_info=&#8221;{}&#8221; theme_builder_area=&#8221;post_content&#8221;][et_pb_column type=&#8221;4_4&#8243; _builder_version=&#8221;4.19.4&#8243; _module_preset=&#8221;default&#8221; global_colors_info=&#8221;{}&#8221; theme_builder_area=&#8221;post_content&#8221;][et_pb_text _builder_version=&#8221;4.19.4&#8243; _module_preset=&#8221;default&#8221; hover_enabled=&#8221;0&#8243; global_colors_info=&#8221;{}&#8221; theme_builder_area=&#8221;post_content&#8221; sticky_enabled=&#8221;0&#8243;]<\/p>\n<div class=\"itemIntroText\">\n<p style=\"text-align: justify;\"><img loading=\"lazy\" decoding=\"async\" src=\"https:\/\/www.slavonski-planinari.hr\/arhiva\/wp-content\/uploads\/2023\/01\/slet1.jpg\" width=\"151\" height=\"105\" alt=\"\" class=\"wp-image-1512 alignleft size-full\" \/>U nedjelju, 2. rujna, odr\u017ean je u Na\u0161icama Slet planinara Slavonije, 37. po redu.<\/p>\n<p style=\"text-align: justify;\">Doma\u0107ini, PD &#8220;Krndija&#8221; Na\u0161ice, aktivnostima tokom godine obilje\u017eavaju 50 godina od osnutka i 90 godina organiziranog planinarstva u Na\u0161icama a Slavonski planinarski savez 55 godina Slavonskog planinarskog puta i, tako\u0111er, 50 godina od osnutka.<\/p>\n<\/div>\n<div class=\"itemFullText\" style=\"text-align: justify;\">\n<p>&nbsp;<\/p>\n<p>Sredi\u0161nje mjesto odr\u017eavanja bio je Veliki park, prostor u blizini Dorinog paviljona i jezera. Sve\u010danost otvaranja je uprili\u010dena na \u017eeljezni\u010dkoj postaji Lond\u017eica koja je bila polazi\u0161te prve trase Slavonskog planinarskog puta otvorenog prije 55 godina.<\/p>\n<p><img loading=\"lazy\" decoding=\"async\" src=\"https:\/\/www.slavonski-planinari.hr\/arhiva\/wp-content\/uploads\/2023\/01\/slet2.jpg\" width=\"571\" height=\"388\" alt=\"\" class=\"wp-image-1513 aligncenter size-full\" srcset=\"https:\/\/www.slavonski-planinari.hr\/arhiva\/wp-content\/uploads\/2023\/01\/slet2.jpg 571w, https:\/\/www.slavonski-planinari.hr\/arhiva\/wp-content\/uploads\/2023\/01\/slet2-480x326.jpg 480w\" sizes=\"(min-width: 0px) and (max-width: 480px) 480px, (min-width: 481px) 571px, 100vw\" \/><\/p>\n<p>Postaja vi\u0161e nije u funkciji jer je pruga Na\u0161ice-\u010caglin zatvorena za sav promet. Mlade snage Gradske glazbe Na\u0161ice odsvirale su &#8220;Lijepu na\u0161u&#8221;, minutom \u0161utnje sjetili smo se Ivice Kramari\u0107a i drugih prijatelja-planinara koji su preminuli od pro\u0161log dru\u017eenja. Gradona\u010delnik Na\u0161ica i \u010dlan PD Krndija, Kre\u0161imir \u017dagar, pozdravio je sudionike i otvorio Slet. U trajni spomen na po\u010detke SPP-a, otkrivena je spomen plo\u010da a u \u010dekaonici postavljena prigodna izlo\u017eba.<\/p>\n<p><img loading=\"lazy\" decoding=\"async\" src=\"https:\/\/www.slavonski-planinari.hr\/arhiva\/wp-content\/uploads\/2023\/01\/slet3.jpg\" width=\"571\" height=\"388\" alt=\"\" class=\"wp-image-1514 aligncenter size-full\" srcset=\"https:\/\/www.slavonski-planinari.hr\/arhiva\/wp-content\/uploads\/2023\/01\/slet3.jpg 571w, https:\/\/www.slavonski-planinari.hr\/arhiva\/wp-content\/uploads\/2023\/01\/slet3-480x326.jpg 480w\" sizes=\"(min-width: 0px) and (max-width: 480px) 480px, (min-width: 481px) 571px, 100vw\" \/><\/p>\n<p>Trasa izleta je i\u0161la \u0161umom od\u00a0 Lond\u017eice do Velikog parka u gradu, s odmorom na Pali\u010devcu, oko 3 sata hoda. De\u017eurala je ekipa HGSS stanica Osijek.<\/p>\n<p>U parku su, poslije ru\u010dka, odr\u017eana zanimljiva natjecanja u organizaciji Udruge starih \u0161portova &#8220;Slavonac&#8221; iz Na\u0161ica: potezanje konopa, bacanje potkove, bacanje kamena, trke u vre\u010dama &#8230;\u00a0 Najboljim pojedincima i ekipama dodijeljene su zaslu\u017eene medalje i pehari. Glazba je mamila na ples i dobro raspolo\u017eenje a klupe na odmor, svakom na izbor.<\/p>\n<p><img loading=\"lazy\" decoding=\"async\" src=\"https:\/\/www.slavonski-planinari.hr\/arhiva\/wp-content\/uploads\/2023\/01\/slet4.jpg\" width=\"571\" height=\"388\" alt=\"\" class=\"wp-image-1515 aligncenter size-full\" srcset=\"https:\/\/www.slavonski-planinari.hr\/arhiva\/wp-content\/uploads\/2023\/01\/slet4.jpg 571w, https:\/\/www.slavonski-planinari.hr\/arhiva\/wp-content\/uploads\/2023\/01\/slet4-480x326.jpg 480w\" sizes=\"(min-width: 0px) and (max-width: 480px) 480px, (min-width: 481px) 571px, 100vw\" \/><\/p>\n<p>Prema evidenciji, bilo je preko 350 prijavljenih planinara iz Slavonije i gostiju iz BiH: PD &#8220;Paklarske stijene&#8221; Paklarevo, &#8220;Cincar&#8221; Livno, &#8220;\u010ci\u010dak&#8221; Ora\u0161je i DPP &#8220;Lipa&#8221;Od\u017eak.<\/p>\n<p>Slijede\u0107e godine u istom terminu, prve nedjelje u rujnu, doma\u0107ini su HPD &#8220;Papuk&#8221; iz Virovitice.<\/p>\n<\/div>\n<p>[\/et_pb_text][\/et_pb_column][\/et_pb_row][\/et_pb_section]<\/p>\n","protected":false},"excerpt":{"rendered":"<p>U nedjelju, 2. rujna, odr\u017ean je u Na\u0161icama Slet planinara Slavonije, 37. po redu. Doma\u0107ini, PD &#8220;Krndija&#8221; Na\u0161ice, aktivnostima tokom godine obilje\u017eavaju 50 godina od osnutka i 90 godina organiziranog planinarstva u Na\u0161icama a Slavonski planinarski savez 55 godina Slavonskog planinarskog puta i, tako\u0111er, 50 godina od osnutka. &nbsp; Sredi\u0161nje mjesto odr\u017eavanja bio je Veliki [&hellip;]<\/p>\n","protected":false},"author":1,"featured_media":0,"comment_status":"closed","ping_status":"open","sticky":false,"template":"","format":"standard","meta":{"_et_pb_use_builder":"on","_et_pb_old_content":"","_et_gb_content_width":"1080","footnotes":""},"categories":[26],"tags":[],"class_list":["post-1510","post","type-post","status-publish","format-standard","hentry","category-26"],"_links":{"self":[{"href":"https:\/\/www.slavonski-planinari.hr\/arhiva\/wp-json\/wp\/v2\/posts\/1510","targetHints":{"allow":["GET"]}}],"collection":[{"href":"https:\/\/www.slavonski-planinari.hr\/arhiva\/wp-json\/wp\/v2\/posts"}],"about":[{"href":"https:\/\/www.slavonski-planinari.hr\/arhiva\/wp-json\/wp\/v2\/types\/post"}],"author":[{"embeddable":true,"href":"https:\/\/www.slavonski-planinari.hr\/arhiva\/wp-json\/wp\/v2\/users\/1"}],"replies":[{"embeddable":true,"href":"https:\/\/www.slavonski-planinari.hr\/arhiva\/wp-json\/wp\/v2\/comments?post=1510"}],"version-history":[{"count":0,"href":"https:\/\/www.slavonski-planinari.hr\/arhiva\/wp-json\/wp\/v2\/posts\/1510\/revisions"}],"wp:attachment":[{"href":"https:\/\/www.slavonski-planinari.hr\/arhiva\/wp-json\/wp\/v2\/media?parent=1510"}],"wp:term":[{"taxonomy":"category","embeddable":true,"href":"https:\/\/www.slavonski-planinari.hr\/arhiva\/wp-json\/wp\/v2\/categories?post=1510"},{"taxonomy":"post_tag","embeddable":true,"href":"https:\/\/www.slavonski-planinari.hr\/arhiva\/wp-json\/wp\/v2\/tags?post=1510"}],"curies":[{"name":"wp","href":"https:\/\/api.w.org\/{rel}","templated":true}]}}