{"id":1506,"date":"2012-09-04T14:21:00","date_gmt":"2012-09-04T13:21:00","guid":{"rendered":"https:\/\/www.slavonski-planinari.hr\/arhiva\/?p=1506"},"modified":"2023-01-02T14:22:59","modified_gmt":"2023-01-02T13:22:59","slug":"in-memoriam-tomislav-milobara-1963-2012","status":"publish","type":"post","link":"https:\/\/www.slavonski-planinari.hr\/arhiva\/in-memoriam-tomislav-milobara-1963-2012\/","title":{"rendered":"In memoriam &#8211; Tomislav Milobara 1963- 2012"},"content":{"rendered":"<p>[et_pb_section fb_built=&#8221;1&#8243; _builder_version=&#8221;4.19.4&#8243; _module_preset=&#8221;default&#8221; custom_padding=&#8221;4px||72px|||&#8221; global_colors_info=&#8221;{}&#8221; theme_builder_area=&#8221;post_content&#8221;][et_pb_row _builder_version=&#8221;4.19.4&#8243; _module_preset=&#8221;default&#8221; global_colors_info=&#8221;{}&#8221; theme_builder_area=&#8221;post_content&#8221;][et_pb_column type=&#8221;4_4&#8243; _builder_version=&#8221;4.19.4&#8243; _module_preset=&#8221;default&#8221; global_colors_info=&#8221;{}&#8221; theme_builder_area=&#8221;post_content&#8221;][et_pb_text _builder_version=&#8221;4.19.4&#8243; _module_preset=&#8221;default&#8221; hover_enabled=&#8221;0&#8243; global_colors_info=&#8221;{}&#8221; theme_builder_area=&#8221;post_content&#8221; sticky_enabled=&#8221;0&#8243;]<\/p>\n<div class=\"itemIntroText\">\n<p style=\"text-align: justify;\"><img loading=\"lazy\" decoding=\"async\" src=\"https:\/\/www.slavonski-planinari.hr\/arhiva\/wp-content\/uploads\/2023\/01\/tm.jpg\" width=\"132\" height=\"185\" alt=\"\" class=\"wp-image-1508 alignleft size-full\" srcset=\"https:\/\/www.slavonski-planinari.hr\/arhiva\/wp-content\/uploads\/2023\/01\/tm.jpg 331w, https:\/\/www.slavonski-planinari.hr\/arhiva\/wp-content\/uploads\/2023\/01\/tm-214x300.jpg 214w\" sizes=\"(max-width: 132px) 100vw, 132px\" \/>Sa\u00a0 boli i tugom javljamo da nas je na\u0161 prijatelj i \u010dlan HGSS-a\u00a0 Stanice Vinkovci, Tomislav Milobara iznenada i prerano napustio.<\/p>\n<p style=\"text-align: justify;\">\n<p style=\"text-align: justify;\">Tomislav je bio obiteljski \u010dovjek, suprug i otac, blag i uvijek vedar, zaljubljenik u planine sa nagla\u0161enim darom da pomogne u nevolji.<\/p>\n<\/div>\n<div class=\"itemFullText\">\n<p style=\"text-align: justify;\">\n<p style=\"text-align: justify;\">Bio je vrlo aktivan na svim poljima dru\u0161tvenog \u017eivota, u domovinskom ratu je bio hrvatski dragovoljac, radio je kao profesor na Poljoprivredno-\u0161umarskoj \u0161koli u Vinkovcima, bio predsjednik Nadzornog odbora HGSS Stanice Vinkovci,\u00a0 \u010dlan Izvr\u0161nog odbora HPS-a, \u010dlan\u00a0 Upravnog odbora HPD Dirov Brijeg\u00a0 Vinkovci, \u010dlan Gradskog sto\u017eera za\u0161tite i spa\u0161avanja\u2026<\/p>\n<p style=\"text-align: justify;\">Uvijek \u0107emo se sje\u0107ati tvog plemenitog lika i na svakom planinarskom pohodu u u\u0161ima \u0107e nam odzvanjati: \u201eIdemo de\u010dki, mrak \u0107e\u201c.<\/p>\n<p style=\"text-align: justify;\">Neka ti je laka hrvatska zemlja, uvijek \u0107e\u0161 ostati u na\u0161im mislima.<\/p>\n<p style=\"text-align: justify;\">Posljednji ispra\u0107aj je 4. rujna u 14 sati na Gradskom groblju u Vinkovcima.<\/p>\n<p style=\"text-align: right;\">Zbogom, dragi prijatelju<br \/>\u010clanovi HGSS Stanice Vinkovci<\/p>\n<\/div>\n<p>[\/et_pb_text][\/et_pb_column][\/et_pb_row][\/et_pb_section]<\/p>\n","protected":false},"excerpt":{"rendered":"<p>Sa\u00a0 boli i tugom javljamo da nas je na\u0161 prijatelj i \u010dlan HGSS-a\u00a0 Stanice Vinkovci, Tomislav Milobara iznenada i prerano napustio. Tomislav je bio obiteljski \u010dovjek, suprug i otac, blag i uvijek vedar, zaljubljenik u planine sa nagla\u0161enim darom da pomogne u nevolji. Bio je vrlo aktivan na svim poljima dru\u0161tvenog \u017eivota, u domovinskom ratu [&hellip;]<\/p>\n","protected":false},"author":1,"featured_media":0,"comment_status":"closed","ping_status":"open","sticky":false,"template":"","format":"standard","meta":{"_et_pb_use_builder":"on","_et_pb_old_content":"","_et_gb_content_width":"1080","footnotes":""},"categories":[26],"tags":[],"class_list":["post-1506","post","type-post","status-publish","format-standard","hentry","category-26"],"_links":{"self":[{"href":"https:\/\/www.slavonski-planinari.hr\/arhiva\/wp-json\/wp\/v2\/posts\/1506","targetHints":{"allow":["GET"]}}],"collection":[{"href":"https:\/\/www.slavonski-planinari.hr\/arhiva\/wp-json\/wp\/v2\/posts"}],"about":[{"href":"https:\/\/www.slavonski-planinari.hr\/arhiva\/wp-json\/wp\/v2\/types\/post"}],"author":[{"embeddable":true,"href":"https:\/\/www.slavonski-planinari.hr\/arhiva\/wp-json\/wp\/v2\/users\/1"}],"replies":[{"embeddable":true,"href":"https:\/\/www.slavonski-planinari.hr\/arhiva\/wp-json\/wp\/v2\/comments?post=1506"}],"version-history":[{"count":0,"href":"https:\/\/www.slavonski-planinari.hr\/arhiva\/wp-json\/wp\/v2\/posts\/1506\/revisions"}],"wp:attachment":[{"href":"https:\/\/www.slavonski-planinari.hr\/arhiva\/wp-json\/wp\/v2\/media?parent=1506"}],"wp:term":[{"taxonomy":"category","embeddable":true,"href":"https:\/\/www.slavonski-planinari.hr\/arhiva\/wp-json\/wp\/v2\/categories?post=1506"},{"taxonomy":"post_tag","embeddable":true,"href":"https:\/\/www.slavonski-planinari.hr\/arhiva\/wp-json\/wp\/v2\/tags?post=1506"}],"curies":[{"name":"wp","href":"https:\/\/api.w.org\/{rel}","templated":true}]}}