{"id":1493,"date":"2012-08-22T14:12:00","date_gmt":"2012-08-22T13:12:00","guid":{"rendered":"https:\/\/www.slavonski-planinari.hr\/arhiva\/?p=1493"},"modified":"2023-01-02T14:17:05","modified_gmt":"2023-01-02T13:17:05","slug":"izlozba-hpd-strmac","status":"publish","type":"post","link":"https:\/\/www.slavonski-planinari.hr\/arhiva\/izlozba-hpd-strmac\/","title":{"rendered":"Izlo\u017eba HPD Strmac"},"content":{"rendered":"<p>[et_pb_section fb_built=&#8221;1&#8243; _builder_version=&#8221;4.19.4&#8243; _module_preset=&#8221;default&#8221; custom_padding=&#8221;4px||72px|||&#8221; global_colors_info=&#8221;{}&#8221;][et_pb_row _builder_version=&#8221;4.19.4&#8243; _module_preset=&#8221;default&#8221; global_colors_info=&#8221;{}&#8221;][et_pb_column type=&#8221;4_4&#8243; _builder_version=&#8221;4.19.4&#8243; _module_preset=&#8221;default&#8221; global_colors_info=&#8221;{}&#8221;][et_pb_text _builder_version=&#8221;4.19.4&#8243; _module_preset=&#8221;default&#8221; hover_enabled=&#8221;0&#8243; global_colors_info=&#8221;{}&#8221; sticky_enabled=&#8221;0&#8243;]<\/p>\n<div class=\"itemIntroText\">\n<p style=\"text-align: justify;\"><img loading=\"lazy\" decoding=\"async\" src=\"https:\/\/www.slavonski-planinari.hr\/arhiva\/wp-content\/uploads\/2023\/01\/strmac_m.jpg\" width=\"123\" height=\"85\" alt=\"\" class=\"wp-image-1495 alignleft size-full\" srcset=\"https:\/\/www.slavonski-planinari.hr\/arhiva\/wp-content\/uploads\/2023\/01\/strmac_m.jpg 309w, https:\/\/www.slavonski-planinari.hr\/arhiva\/wp-content\/uploads\/2023\/01\/strmac_m-300x207.jpg 300w\" sizes=\"(max-width: 123px) 100vw, 123px\" \/>HPD Strmac iz Nove Gradi\u0161ke obilje\u017eava 80 godina postojanja nizom aktivnosti kroz ovu godinu.Tijekom Novogradi\u0161kog glazbenog ljeta, 16. &#8211; 19. kolovoza, postavili su izlo\u017ebu koja ilustrira povijest i sada\u0161njost Dru\u0161tva. Prostor stare knji\u017eare posred pje\u0161a\u010dke zone, sa\u0161ti\u0107enog spomenika kulture, idealno je poslu\u017eio ovoj namjeni.<\/p>\n<p style=\"text-align: justify;\">\n<\/div>\n<div class=\"itemFullText\">\n<p style=\"text-align: justify;\">Osim planinarskih eksponata, zanimljiva je bila maketa srednjovjekovne gradine Gra\u010danica &#8211; rekonstrukcija njenog negda\u0161njeg oblika.<\/p>\n<p style=\"text-align: justify;\"><img loading=\"lazy\" decoding=\"async\" src=\"https:\/\/www.slavonski-planinari.hr\/arhiva\/wp-content\/uploads\/2023\/01\/strmac1.jpg\" width=\"571\" height=\"388\" alt=\"\" class=\"wp-image-1496 aligncenter size-full\" srcset=\"https:\/\/www.slavonski-planinari.hr\/arhiva\/wp-content\/uploads\/2023\/01\/strmac1.jpg 571w, https:\/\/www.slavonski-planinari.hr\/arhiva\/wp-content\/uploads\/2023\/01\/strmac1-480x326.jpg 480w\" sizes=\"(min-width: 0px) and (max-width: 480px) 480px, (min-width: 481px) 571px, 100vw\" \/><\/p>\n<p style=\"text-align: justify;\">Poznato je da za pokretanje radova na \u010di\u0161\u0107enju, istra\u017eivanju i konzerviranju tog objekta posebno treba &#8220;okriviti&#8221; novogradi\u0161ke planinare koji su ih inicirali i u njima neposredno sudjelovali.<\/p>\n<p style=\"text-align: justify;\"><img loading=\"lazy\" decoding=\"async\" src=\"https:\/\/www.slavonski-planinari.hr\/arhiva\/wp-content\/uploads\/2023\/01\/strmac2.jpg\" width=\"572\" height=\"470\" alt=\"\" class=\"wp-image-1497 aligncenter size-full\" srcset=\"https:\/\/www.slavonski-planinari.hr\/arhiva\/wp-content\/uploads\/2023\/01\/strmac2.jpg 572w, https:\/\/www.slavonski-planinari.hr\/arhiva\/wp-content\/uploads\/2023\/01\/strmac2-480x394.jpg 480w\" sizes=\"(min-width: 0px) and (max-width: 480px) 480px, (min-width: 481px) 572px, 100vw\" \/><\/p>\n<p style=\"text-align: justify;\">Na terenu se upravo odr\u017eavaju radovi na konzervaciji i rekonstrukciji glavne kule.<\/p>\n<p style=\"text-align: justify;\"><img loading=\"lazy\" decoding=\"async\" src=\"https:\/\/www.slavonski-planinari.hr\/arhiva\/wp-content\/uploads\/2023\/01\/strmac3.jpg\" width=\"571\" height=\"388\" alt=\"\" class=\"wp-image-1498 aligncenter size-full\" srcset=\"https:\/\/www.slavonski-planinari.hr\/arhiva\/wp-content\/uploads\/2023\/01\/strmac3.jpg 571w, https:\/\/www.slavonski-planinari.hr\/arhiva\/wp-content\/uploads\/2023\/01\/strmac3-480x326.jpg 480w\" sizes=\"(min-width: 0px) and (max-width: 480px) 480px, (min-width: 481px) 571px, 100vw\" \/><\/p>\n<\/div>\n<p>[\/et_pb_text][\/et_pb_column][\/et_pb_row][\/et_pb_section]<\/p>\n","protected":false},"excerpt":{"rendered":"<p>HPD Strmac iz Nove Gradi\u0161ke obilje\u017eava 80 godina postojanja nizom aktivnosti kroz ovu godinu.Tijekom Novogradi\u0161kog glazbenog ljeta, 16. &#8211; 19. kolovoza, postavili su izlo\u017ebu koja ilustrira povijest i sada\u0161njost Dru\u0161tva. Prostor stare knji\u017eare posred pje\u0161a\u010dke zone, sa\u0161ti\u0107enog spomenika kulture, idealno je poslu\u017eio ovoj namjeni. Osim planinarskih eksponata, zanimljiva je bila maketa srednjovjekovne gradine Gra\u010danica &#8211; [&hellip;]<\/p>\n","protected":false},"author":1,"featured_media":0,"comment_status":"closed","ping_status":"open","sticky":false,"template":"","format":"standard","meta":{"_et_pb_use_builder":"on","_et_pb_old_content":"","_et_gb_content_width":"1080","footnotes":""},"categories":[26],"tags":[],"class_list":["post-1493","post","type-post","status-publish","format-standard","hentry","category-26"],"_links":{"self":[{"href":"https:\/\/www.slavonski-planinari.hr\/arhiva\/wp-json\/wp\/v2\/posts\/1493","targetHints":{"allow":["GET"]}}],"collection":[{"href":"https:\/\/www.slavonski-planinari.hr\/arhiva\/wp-json\/wp\/v2\/posts"}],"about":[{"href":"https:\/\/www.slavonski-planinari.hr\/arhiva\/wp-json\/wp\/v2\/types\/post"}],"author":[{"embeddable":true,"href":"https:\/\/www.slavonski-planinari.hr\/arhiva\/wp-json\/wp\/v2\/users\/1"}],"replies":[{"embeddable":true,"href":"https:\/\/www.slavonski-planinari.hr\/arhiva\/wp-json\/wp\/v2\/comments?post=1493"}],"version-history":[{"count":0,"href":"https:\/\/www.slavonski-planinari.hr\/arhiva\/wp-json\/wp\/v2\/posts\/1493\/revisions"}],"wp:attachment":[{"href":"https:\/\/www.slavonski-planinari.hr\/arhiva\/wp-json\/wp\/v2\/media?parent=1493"}],"wp:term":[{"taxonomy":"category","embeddable":true,"href":"https:\/\/www.slavonski-planinari.hr\/arhiva\/wp-json\/wp\/v2\/categories?post=1493"},{"taxonomy":"post_tag","embeddable":true,"href":"https:\/\/www.slavonski-planinari.hr\/arhiva\/wp-json\/wp\/v2\/tags?post=1493"}],"curies":[{"name":"wp","href":"https:\/\/api.w.org\/{rel}","templated":true}]}}