{"id":1483,"date":"2012-08-22T14:05:00","date_gmt":"2012-08-22T13:05:00","guid":{"rendered":"https:\/\/www.slavonski-planinari.hr\/arhiva\/?p=1483"},"modified":"2023-01-02T14:09:22","modified_gmt":"2023-01-02T13:09:22","slug":"37-slet-planinara-slavonije","status":"publish","type":"post","link":"https:\/\/www.slavonski-planinari.hr\/arhiva\/37-slet-planinara-slavonije\/","title":{"rendered":"37. slet planinara Slavonije"},"content":{"rendered":"<p>[et_pb_section fb_built=&#8221;1&#8243; _builder_version=&#8221;4.19.4&#8243; _module_preset=&#8221;default&#8221; custom_padding=&#8221;4px||72px|||&#8221; global_colors_info=&#8221;{}&#8221; theme_builder_area=&#8221;post_content&#8221;][et_pb_row _builder_version=&#8221;4.19.4&#8243; _module_preset=&#8221;default&#8221; global_colors_info=&#8221;{}&#8221; theme_builder_area=&#8221;post_content&#8221;][et_pb_column type=&#8221;4_4&#8243; _builder_version=&#8221;4.19.4&#8243; _module_preset=&#8221;default&#8221; global_colors_info=&#8221;{}&#8221; theme_builder_area=&#8221;post_content&#8221;][et_pb_text _builder_version=&#8221;4.19.4&#8243; _module_preset=&#8221;default&#8221; hover_enabled=&#8221;0&#8243; global_colors_info=&#8221;{}&#8221; theme_builder_area=&#8221;post_content&#8221; sticky_enabled=&#8221;0&#8243;]<\/p>\n<div class=\"itemIntroText\">\n<p style=\"text-align: justify;\"><img loading=\"lazy\" decoding=\"async\" src=\"https:\/\/www.slavonski-planinari.hr\/arhiva\/wp-content\/uploads\/2023\/01\/slet.jpg\" width=\"120\" height=\"85\" alt=\"\" class=\"wp-image-1487 alignleft size-full\" \/>Planinarsko dru\u0161tvo &#8220;Krndija&#8221; Na\u0161ice i Slavonski planinarski savez u ozra\u010dju jubileja: 50 godina PD &#8220;Krndija&#8221;, 90 godina organiziranog planinarstva u Na\u0161icama, 50 godina Slavonskog planinarskog saveza i 55 godina Slavonskog planinarskog puta, pozivaju Vas na:<strong><\/strong><\/p>\n<p style=\"text-align: center;\"><strong>37. slet planinara Slavonije<\/strong>,<br \/>u nedjelju, 2. rujna 2012. u Na\u0161icama, \u017eelj.post. Lond\u017eica &#8211; Veliki park Na\u0161ice, kod Dorinog paviljona.<\/p>\n<\/div>\n<div class=\"itemFullText\">\n<p style=\"text-align: justify;\"><strong>Program:<\/strong><\/p>\n<ul style=\"text-align: justify;\">\n<li>8:30 do 9:00 sati &#8211; okupljanje sudionika kod \u017ep Lond\u017eica.<br \/>Pristup svim vozilima asfaltnom cestom iz Gradca Na\u0161i\u010dkog, ukupno oko 12 km od Na\u0161ica.<br \/>Parkiranje autobusa i osobnih vozila pod nadzorom organizatora. Za one koji \u0107e vozila ostaviti u Na\u0161icama, na parkirali\u0161tu sleti\u0161ta, bit \u0107e organiziran prijevoz (ako su prethodno najavljeni).<br \/>Tko ne \u017eeli i\u0107i na otvorenje mo\u017ee u\u017eivati u ljepotama Velikog parka ili razgledati grad.<br \/>Organizirani polazak iz Na\u0161ica najkasnije u 8,30.<\/li>\n<\/ul>\n<p style=\"text-align: justify;\">\n<p style=\"text-align: justify;\"><img loading=\"lazy\" decoding=\"async\" src=\"https:\/\/www.slavonski-planinari.hr\/arhiva\/wp-content\/uploads\/2023\/01\/nasice1.jpg\" width=\"578\" height=\"687\" alt=\"\" class=\"wp-image-1485 aligncenter size-full\" srcset=\"https:\/\/www.slavonski-planinari.hr\/arhiva\/wp-content\/uploads\/2023\/01\/nasice1.jpg 578w, https:\/\/www.slavonski-planinari.hr\/arhiva\/wp-content\/uploads\/2023\/01\/nasice1-480x571.jpg 480w\" sizes=\"(min-width: 0px) and (max-width: 480px) 480px, (min-width: 481px) 578px, 100vw\" \/><\/p>\n<ul style=\"text-align: justify;\">\n<li>9:00 do 9:30 sati program kod \u017ep Lond\u017eica<br \/>Otvaranje 37. Sleta planinara Slavonije, postavljanje spomen plo\u010de, otvorenje izlo\u017ebe prigodom 55 god. i promocija nove zna\u010dke SPP-a. Izlo\u017eba \u0107e biti postavljena u \u010dekaonici \u017e.p. Lond\u017eica na pruzi Na\u0161ice &#8211; \u010caglin kojom vi\u0161e ne prometuju vlakovi. Postaja je neko\u0107 bila KT1 prve, linijske, a danas KT 17 kru\u017ene trase SPP-a.<\/li>\n<\/ul>\n<ul style=\"text-align: justify;\">\n<li>9:30 polazak na hodanje<br \/>\u017e.p. Lond\u017eica &#8211; odmori\u0161te Pali\u010devac &#8211; Na\u0161ice, oko 3 sata laganog hoda, gotovo cijelim putem kroz \u0161umu, sve do Velikog parka u Na\u0161icama.<br \/>Oni koji \u017eele manje hodati trebaju se vratiti u Veliki park &#8211; centralno mjesto Sleta. Bit \u0107e organiziran obilazak parka i Dvorca Peja\u010devi\u0107 uz stru\u010dno vodstvo, u trajanju oko 2 sata.<br \/>Predvidiv polazak grupe oko 10:30 kod Dorinog paviljona.<\/li>\n<\/ul>\n<ul style=\"text-align: justify;\">\n<li>13:00 &#8211; 14:00 ru\u010dak &#8211; veliki \u0161ator u parku, informacije o ponudi i kupovini bonova na info pultu<\/li>\n<\/ul>\n<ul style=\"text-align: justify;\">\n<li>14:00 &#8211; rekreativno &#8211; zabavni program &#8211; informacije i prijave za natjecanja kod info pulta<br \/>Natjecanja u starim sportovima (povla\u010denje konopa, bacanje potkove, kopitanje, trke u vre\u0107ama, hodanje na \u0161tulama&#8230;, \u017eiva glazba za ples itd.)<\/li>\n<\/ul>\n<p style=\"text-align: justify;\"><img loading=\"lazy\" decoding=\"async\" src=\"https:\/\/www.slavonski-planinari.hr\/arhiva\/wp-content\/uploads\/2023\/01\/nasice2.jpg\" width=\"912\" height=\"608\" alt=\"\" class=\"wp-image-1486 aligncenter size-full\" srcset=\"https:\/\/www.slavonski-planinari.hr\/arhiva\/wp-content\/uploads\/2023\/01\/nasice2.jpg 912w, https:\/\/www.slavonski-planinari.hr\/arhiva\/wp-content\/uploads\/2023\/01\/nasice2-480x320.jpg 480w\" sizes=\"(min-width: 0px) and (max-width: 480px) 480px, (min-width: 481px) 912px, 100vw\" \/><\/p>\n<p style=\"text-align: justify;\">Iskoristite priliku za posjet Na\u0161icama s obitelji i prijateljima. Za one koji dolaze dan ranije, no\u0107enje je mogu\u0107e u nekoliko turisti\u010dkih objekata ili besplatno u vlastitim \u0161atorima u parku. Subotu mo\u017eete iskoristiti za kupanje u obli\u017enjem jezeru Lapovac, posjet ZOO parku Bizik,<br \/>razgledanje znamenitosti grada, opu\u0161tanje uz ve\u010dernji program Na\u0161ickog ljeta &#8230;<\/p>\n<p style=\"text-align: justify;\">Smje\u0161taj dogovorite u sklopu redovne turisti\u010dke ponude grada, info na www.tznasice.hr .<\/p>\n<p style=\"text-align: justify;\">Za besplatno kampiranje u parku informacije i prijave kod doma\u0107ina (PD Krndija).<\/p>\n<p style=\"text-align: justify;\">Molimo sva Dru\u0161tva da izvr\u0161e prijave najkasnije do 29.08.2012. na dolje navedene kontakte:<\/p>\n<ul style=\"text-align: justify;\">\n<li>Stjepan Mravlincic (PD Krndija): 091\/ 936 1702 ili 098\/ 992 0841, e-mail:<span>\u00a0<\/span><span id=\"cloak12b72417e5eef81ddf7909d9522570ce\"><a href=\"mailto:pldr.krndija@gmail.com\">pldr.krndija@gmail.com<\/a><\/span><\/li>\n<li>Otmar Tosenberger (SPS): 091\/ 181 4119, e-mail:<span>\u00a0<\/span><span id=\"cloak858ad57d92c83864c03efa42837d7ef8\"><a href=\"mailto:slavonski.planinari@gmail.com\">slavonski.planinari@gmail.com<\/a><\/span><\/li>\n<\/ul>\n<p style=\"text-align: center;\"><strong>DOBRO NAM DO\u0160LI !!!<\/strong><\/p>\n<p style=\"text-align: justify;\">Pokrovitelji: Grad Na\u0161ice i TZ Na\u0161ice<\/p>\n<\/div>\n<p>[\/et_pb_text][\/et_pb_column][\/et_pb_row][\/et_pb_section]<\/p>\n","protected":false},"excerpt":{"rendered":"<p>Planinarsko dru\u0161tvo &#8220;Krndija&#8221; Na\u0161ice i Slavonski planinarski savez u ozra\u010dju jubileja: 50 godina PD &#8220;Krndija&#8221;, 90 godina organiziranog planinarstva u Na\u0161icama, 50 godina Slavonskog planinarskog saveza i 55 godina Slavonskog planinarskog puta, pozivaju Vas na: 37. slet planinara Slavonije,u nedjelju, 2. rujna 2012. u Na\u0161icama, \u017eelj.post. Lond\u017eica &#8211; Veliki park Na\u0161ice, kod Dorinog paviljona. Program: [&hellip;]<\/p>\n","protected":false},"author":1,"featured_media":0,"comment_status":"closed","ping_status":"open","sticky":false,"template":"","format":"standard","meta":{"_et_pb_use_builder":"on","_et_pb_old_content":"","_et_gb_content_width":"1080","footnotes":""},"categories":[26],"tags":[],"class_list":["post-1483","post","type-post","status-publish","format-standard","hentry","category-26"],"_links":{"self":[{"href":"https:\/\/www.slavonski-planinari.hr\/arhiva\/wp-json\/wp\/v2\/posts\/1483","targetHints":{"allow":["GET"]}}],"collection":[{"href":"https:\/\/www.slavonski-planinari.hr\/arhiva\/wp-json\/wp\/v2\/posts"}],"about":[{"href":"https:\/\/www.slavonski-planinari.hr\/arhiva\/wp-json\/wp\/v2\/types\/post"}],"author":[{"embeddable":true,"href":"https:\/\/www.slavonski-planinari.hr\/arhiva\/wp-json\/wp\/v2\/users\/1"}],"replies":[{"embeddable":true,"href":"https:\/\/www.slavonski-planinari.hr\/arhiva\/wp-json\/wp\/v2\/comments?post=1483"}],"version-history":[{"count":0,"href":"https:\/\/www.slavonski-planinari.hr\/arhiva\/wp-json\/wp\/v2\/posts\/1483\/revisions"}],"wp:attachment":[{"href":"https:\/\/www.slavonski-planinari.hr\/arhiva\/wp-json\/wp\/v2\/media?parent=1483"}],"wp:term":[{"taxonomy":"category","embeddable":true,"href":"https:\/\/www.slavonski-planinari.hr\/arhiva\/wp-json\/wp\/v2\/categories?post=1483"},{"taxonomy":"post_tag","embeddable":true,"href":"https:\/\/www.slavonski-planinari.hr\/arhiva\/wp-json\/wp\/v2\/tags?post=1483"}],"curies":[{"name":"wp","href":"https:\/\/api.w.org\/{rel}","templated":true}]}}