{"id":1474,"date":"2012-06-08T14:00:00","date_gmt":"2012-06-08T13:00:00","guid":{"rendered":"https:\/\/www.slavonski-planinari.hr\/arhiva\/?p=1474"},"modified":"2023-01-02T14:05:00","modified_gmt":"2023-01-02T13:05:00","slug":"od-ivane-do-tadije-planinarski-pohod-hpd-dilj-gora-slavonski-brod","status":"publish","type":"post","link":"https:\/\/www.slavonski-planinari.hr\/arhiva\/od-ivane-do-tadije-planinarski-pohod-hpd-dilj-gora-slavonski-brod\/","title":{"rendered":"&#8220;Od Ivane do Tadije&#8221; &#8211; planinarski Pohod HPD &#8220;Dilj gora&#8221;, Slavonski Brod"},"content":{"rendered":"<p>[et_pb_section fb_built=&#8221;1&#8243; _builder_version=&#8221;4.19.4&#8243; _module_preset=&#8221;default&#8221; custom_padding=&#8221;4px||72px|||&#8221; global_colors_info=&#8221;{}&#8221; theme_builder_area=&#8221;post_content&#8221;][et_pb_row _builder_version=&#8221;4.19.4&#8243; _module_preset=&#8221;default&#8221; global_colors_info=&#8221;{}&#8221; theme_builder_area=&#8221;post_content&#8221;][et_pb_column type=&#8221;4_4&#8243; _builder_version=&#8221;4.19.4&#8243; _module_preset=&#8221;default&#8221; global_colors_info=&#8221;{}&#8221; theme_builder_area=&#8221;post_content&#8221;][et_pb_text _builder_version=&#8221;4.19.4&#8243; _module_preset=&#8221;default&#8221; hover_enabled=&#8221;0&#8243; global_colors_info=&#8221;{}&#8221; theme_builder_area=&#8221;post_content&#8221; sticky_enabled=&#8221;0&#8243;]<\/p>\n<div class=\"itemIntroText\">\n<p style=\"text-align: justify;\"><img loading=\"lazy\" decoding=\"async\" src=\"https:\/\/www.slavonski-planinari.hr\/arhiva\/wp-content\/uploads\/2023\/01\/sv_petka.jpg\" width=\"130\" height=\"90\" alt=\"\" class=\"wp-image-1479 alignleft size-full\" srcset=\"https:\/\/www.slavonski-planinari.hr\/arhiva\/wp-content\/uploads\/2023\/01\/sv_petka.jpg 309w, https:\/\/www.slavonski-planinari.hr\/arhiva\/wp-content\/uploads\/2023\/01\/sv_petka-300x207.jpg 300w\" sizes=\"(max-width: 130px) 100vw, 130px\" \/>Dana 17.04.2011. godine planinari HPD \u201eDilj gora\u201c Slavonski Brod zapo\u010deli su sa planinarskom manifestacijom \u201eOd Ivane do Tadije\u201c koja je posve\u0107ena velikim knji\u017eevnicima i pjesnicima, Ivani Brli\u0107-Ma\u017eurani\u0107 i Dragutinu Tadijanovi\u0107u, kojom prilikom je otvorena i nova planinarska staza istoga imena.<\/p>\n<\/div>\n<div class=\"itemFullText\">\n<p style=\"text-align: justify;\">Ovom prigodom dru\u0161tvo je izdalo i trodijelni letak A4 formata koji sa jedne strane donosi vrlo preciznu planinarsku kartu sa du\u017einama dionica staze i vremenom potrebnim za obilazak a sa druge strane nas informira o tome tko su bili \u201eIvana i Tadija\u201c. Na letak je mogu\u0107e utisnuti prigodni pe\u010dat Pohoda koji se izdaje za svaku godinu.<\/p>\n<p style=\"text-align: justify;\"><img loading=\"lazy\" decoding=\"async\" src=\"https:\/\/www.slavonski-planinari.hr\/arhiva\/wp-content\/uploads\/2023\/01\/pohod_ivan_tadija.jpg\" width=\"621\" height=\"415\" alt=\"\" class=\"wp-image-1476 aligncenter size-full\" srcset=\"https:\/\/www.slavonski-planinari.hr\/arhiva\/wp-content\/uploads\/2023\/01\/pohod_ivan_tadija.jpg 621w, https:\/\/www.slavonski-planinari.hr\/arhiva\/wp-content\/uploads\/2023\/01\/pohod_ivan_tadija-480x321.jpg 480w\" sizes=\"(min-width: 0px) and (max-width: 480px) 480px, (min-width: 481px) 621px, 100vw\" \/><\/p>\n<p>Manifestacija je zapo\u010dela okupljanjem planinara i ljubitelja pisane rije\u010di pred Planinarskim domom \u201e\u0110uro Pilar\u201c na Brodskom brdu.<span> <img loading=\"lazy\" decoding=\"async\" src=\"https:\/\/www.slavonski-planinari.hr\/arhiva\/wp-content\/uploads\/2023\/01\/pohod_ivan_tadija2.jpg\" width=\"201\" height=\"264\" alt=\"\" class=\"wp-image-1477 alignleft size-full\" style=\"float: right;\" srcset=\"https:\/\/www.slavonski-planinari.hr\/arhiva\/wp-content\/uploads\/2023\/01\/pohod_ivan_tadija2.jpg 396w, https:\/\/www.slavonski-planinari.hr\/arhiva\/wp-content\/uploads\/2023\/01\/pohod_ivan_tadija2-228x300.jpg 228w\" sizes=\"(max-width: 201px) 100vw, 201px\" \/><\/span>Ono najva\u017enije, odazvalo se puno mladih i \u0161kolske djece. Nakon doru\u010dka i pozdravne rije\u010di predsjednice HPD \u201eDilj gora\u201c Marice Petri\u010devi\u0107, krenulo se prema Brli\u0107evcu, gdje je pored ku\u0107e u kojoj je \u017eivjela i stvarala Ivana Brli\u0107-Ma\u017eurani\u0107 sudionicima pohoda prof. Tandari\u0107 pribli\u017eio stvarala\u0161tvo i \u017eivot knji\u017eevnice.<\/p>\n<p style=\"text-align: justify;\">Od Brli\u0107evca put vodi dalje prema kapelici Sv. Petke, koju su obnovili i uredili planinari Slavonskog Broda. To je omiljeno izleti\u0161tu Bro\u0111ana i hodo\u010dasnika sve tri konfesije koje \u0161tuju ovo sveto mjesto. Tu se odmorilo, a na\u0161 planinarski prijatelj Zlatko Gorec upoznao nas je s radovima brodskih planinara na obnovi kapele, izvora i ure\u0111enju okolnog\u00a0 prostora.<\/p>\n<p style=\"text-align: justify;\">Put smo nastavili dalje prema\u00a0 Rastu\u0161ju, rodnom selu pjesnika Dragutina Tadijanovi\u0107a. Ispred pjesnikove rodne ku\u0107e u Rastu\u0161ju, sudionike pohoda pozdravio je pjesnikov praunuk, koji je zatim sve pozvao u dvori\u0161te gdje je slijedilo detaljnije upoznavanje sa \u017eivotom i radom pjesnika Dragutina Tadijanovi\u0107a. Sjedili smo uz potok od \u010dijih su vrba nastajale \u201esrebrne svirale\u201c, gledali polja na kojima su rasla \u201evisoka \u017euta \u017eita\u201c i prozore iza kojih je \u201edugo u no\u0107, u gluhu zimsku no\u0107\u201c Tadijina mati bijelo platno tkala. Naime, pjesnik je od ro\u0111enja 1905. godine pa do 1923. \u017eivio u Rastu\u0161ju i tu su nastale njegove najljep\u0161e i najemotivnije pjesme. Na ovom pohodu mogli smo ih uistinu do\u017eivjeti. Umro je u Zagrebu 27.06.2007. godine.<\/p>\n<p style=\"text-align: center;\"><img loading=\"lazy\" decoding=\"async\" src=\"https:\/\/www.slavonski-planinari.hr\/arhiva\/wp-content\/uploads\/2023\/01\/tadijina_kuca.jpg\" width=\"621\" height=\"471\" alt=\"\" class=\"wp-image-1480 aligncenter size-full\" srcset=\"https:\/\/www.slavonski-planinari.hr\/arhiva\/wp-content\/uploads\/2023\/01\/tadijina_kuca.jpg 621w, https:\/\/www.slavonski-planinari.hr\/arhiva\/wp-content\/uploads\/2023\/01\/tadijina_kuca-480x364.jpg 480w\" sizes=\"(min-width: 0px) and (max-width: 480px) 480px, (min-width: 481px) 621px, 100vw\" \/><br \/><em>Rodna ku\u0107a Dragutina Tadijanovi\u0107a u Rastu\u0161ju<\/em><\/p>\n<p style=\"text-align: justify;\">Planinarska staza vodi kroz polja Rastu\u0161ja, preko potoka, lagano uzbrdo u \u0161umu, sve do izleti\u0161ta \u201e\u0160uma Striborova\u201c. Likovi od drveta iz carstva ma\u0161te na\u0161e knji\u017eevnice Ivane Brli\u0107-Ma\u017eurani\u0107, okru\u017euju lijepo ure\u0111eno dje\u010dje igrali\u0161te. Tu se odmara, i vra\u0107a mislima u djetinjstvo kroz\u00a0 \u201epri\u010de iz davnine\u201c koje su nas nekad ispunjavale i odu\u0161evljavale. Ivana je ro\u0111ena u Ogulinu 18.04.1874. a umrla u Zagrebu 21.09.1938. godine. Od 1892. seli se sa mu\u017eem u Brod na Savi gdje je \u017eivjela ve\u0107inu \u017eivota koji je posvetila svojoj obitelji, obrazovanju i knji\u017eevnom radu. Zadnja dionica staze ide Brodskim brdom do Planinarskog doma \u201e\u0110uro Pilar\u201c, gdje slijedi odmor, objed i planinarska veselica. Planinar je, bez sumnje, emotivna osoba i ova manifestacija, koja sjedinjenje pjesmu i prozu, prirodu i planinarstvo, \u017eivot grada i \u017eivot sela, ispunila je sva o\u010dekivanja svakog planinara.<\/p>\n<p style=\"text-align: justify;\"><img loading=\"lazy\" decoding=\"async\" src=\"https:\/\/www.slavonski-planinari.hr\/arhiva\/wp-content\/uploads\/2023\/01\/staza_odivanadotadije.jpg\" width=\"721\" height=\"518\" alt=\"\" class=\"wp-image-1478 aligncenter size-full\" srcset=\"https:\/\/www.slavonski-planinari.hr\/arhiva\/wp-content\/uploads\/2023\/01\/staza_odivanadotadije.jpg 721w, https:\/\/www.slavonski-planinari.hr\/arhiva\/wp-content\/uploads\/2023\/01\/staza_odivanadotadije-480x345.jpg 480w\" sizes=\"(min-width: 0px) and (max-width: 480px) 480px, (min-width: 481px) 721px, 100vw\" \/><\/p>\n<p style=\"text-align: justify;\">Drugi Pohod \u201eOd Ivane do Tadije\u201c odr\u017ean je 15.04.2012. okupiv\u0161i, sada ve\u0107 tradicionalno planinare sa obadvije strane Save kao i goste iz ostalih krajeva Lijepe na\u0161e. Ove godine Brli\u010devac smo mogli vidjeti samo sa ceste jer je dvori\u0161te bilo zaklju\u010dano ali se nadamo da \u0107e dogodine biti otklju\u010dano kako bi iz blizine u\u017eivali u njegovoj ljepoti. Ve\u0107 sad se veselimo tre\u0107em Pohodu 2013. i susretu sa dragim nam prijateljima, planinarima. Sve \u010destitke doma\u0107inima, HPD \u201eDilj gora\u201c Slavonski Brod, na izvrsnoj organizaciji planinarskog Pohoda \u201eOd Ivane do Tadije\u201c, kao i na odli\u010dno ure\u0111enoj planinarskoj stazi istog naziva koja se pro\u0111e za oko 3,5 sata laganog hoda.<\/p>\n<\/div>\n<p>[\/et_pb_text][\/et_pb_column][\/et_pb_row][\/et_pb_section]<\/p>\n","protected":false},"excerpt":{"rendered":"<p>Dana 17.04.2011. godine planinari HPD \u201eDilj gora\u201c Slavonski Brod zapo\u010deli su sa planinarskom manifestacijom \u201eOd Ivane do Tadije\u201c koja je posve\u0107ena velikim knji\u017eevnicima i pjesnicima, Ivani Brli\u0107-Ma\u017eurani\u0107 i Dragutinu Tadijanovi\u0107u, kojom prilikom je otvorena i nova planinarska staza istoga imena. Ovom prigodom dru\u0161tvo je izdalo i trodijelni letak A4 formata koji sa jedne strane donosi [&hellip;]<\/p>\n","protected":false},"author":1,"featured_media":0,"comment_status":"closed","ping_status":"open","sticky":false,"template":"","format":"standard","meta":{"_et_pb_use_builder":"on","_et_pb_old_content":"","_et_gb_content_width":"1080","footnotes":""},"categories":[26],"tags":[],"class_list":["post-1474","post","type-post","status-publish","format-standard","hentry","category-26"],"_links":{"self":[{"href":"https:\/\/www.slavonski-planinari.hr\/arhiva\/wp-json\/wp\/v2\/posts\/1474","targetHints":{"allow":["GET"]}}],"collection":[{"href":"https:\/\/www.slavonski-planinari.hr\/arhiva\/wp-json\/wp\/v2\/posts"}],"about":[{"href":"https:\/\/www.slavonski-planinari.hr\/arhiva\/wp-json\/wp\/v2\/types\/post"}],"author":[{"embeddable":true,"href":"https:\/\/www.slavonski-planinari.hr\/arhiva\/wp-json\/wp\/v2\/users\/1"}],"replies":[{"embeddable":true,"href":"https:\/\/www.slavonski-planinari.hr\/arhiva\/wp-json\/wp\/v2\/comments?post=1474"}],"version-history":[{"count":0,"href":"https:\/\/www.slavonski-planinari.hr\/arhiva\/wp-json\/wp\/v2\/posts\/1474\/revisions"}],"wp:attachment":[{"href":"https:\/\/www.slavonski-planinari.hr\/arhiva\/wp-json\/wp\/v2\/media?parent=1474"}],"wp:term":[{"taxonomy":"category","embeddable":true,"href":"https:\/\/www.slavonski-planinari.hr\/arhiva\/wp-json\/wp\/v2\/categories?post=1474"},{"taxonomy":"post_tag","embeddable":true,"href":"https:\/\/www.slavonski-planinari.hr\/arhiva\/wp-json\/wp\/v2\/tags?post=1474"}],"curies":[{"name":"wp","href":"https:\/\/api.w.org\/{rel}","templated":true}]}}