{"id":1458,"date":"2012-05-31T13:47:00","date_gmt":"2012-05-31T12:47:00","guid":{"rendered":"https:\/\/www.slavonski-planinari.hr\/arhiva\/?p=1458"},"modified":"2023-01-02T13:51:58","modified_gmt":"2023-01-02T12:51:58","slug":"200-planinara-na-beliscanskom-podravskom-putu","status":"publish","type":"post","link":"https:\/\/www.slavonski-planinari.hr\/arhiva\/200-planinara-na-beliscanskom-podravskom-putu\/","title":{"rendered":"200 planinara na Beli\u0161\u0107anskom podravskom putu"},"content":{"rendered":"<p>[et_pb_section fb_built=&#8221;1&#8243; _builder_version=&#8221;4.19.4&#8243; _module_preset=&#8221;default&#8221; custom_padding=&#8221;4px||72px|||&#8221; global_colors_info=&#8221;{}&#8221; theme_builder_area=&#8221;post_content&#8221;][et_pb_row _builder_version=&#8221;4.19.4&#8243; _module_preset=&#8221;default&#8221; global_colors_info=&#8221;{}&#8221; theme_builder_area=&#8221;post_content&#8221;][et_pb_column type=&#8221;4_4&#8243; _builder_version=&#8221;4.19.4&#8243; _module_preset=&#8221;default&#8221; global_colors_info=&#8221;{}&#8221; theme_builder_area=&#8221;post_content&#8221;][et_pb_text _builder_version=&#8221;4.19.4&#8243; _module_preset=&#8221;default&#8221; hover_enabled=&#8221;0&#8243; global_colors_info=&#8221;{}&#8221; theme_builder_area=&#8221;post_content&#8221; sticky_enabled=&#8221;0&#8243;]<\/p>\n<div class=\"itemIntroText\">\n<p style=\"text-align: justify;\"><img loading=\"lazy\" decoding=\"async\" src=\"https:\/\/www.slavonski-planinari.hr\/arhiva\/wp-content\/uploads\/2023\/01\/bppp_m1.jpg\" width=\"107\" height=\"76\" alt=\"\" class=\"wp-image-1460 alignleft size-full\" \/>U subotu 26.05.2012. odr\u017ean je Beli\u0161\u0107anski\u00a0 podravski pje\u0161a\u010dki put.<\/p>\n<p style=\"text-align: justify;\">Mjesto okupljanja i sredi\u0161te svih doga\u0111anja je kajak klub u Beli\u0161\u0107u kod mosta na Dravi.<\/p>\n<\/div>\n<div class=\"itemFullText\">\n<p style=\"text-align: justify;\">\n<p style=\"text-align: justify;\">Planinare smo do\u010dekali svje\u017eim pecivom, toplim \u010dajem i rakijom \u0161ljivovicom. Vrijeme je bilo lijepo, sun\u010dano i toplo. Okupilo se oko 200 planinara iz lijepe na\u0161e: Osijeka,\u00a0 Na\u0161ica, \u0110ur\u0111enovca, Po\u017eege, Virovitice , \u017dupanje, \u0110akova, Vinkavaca, Feri\u010danaca i Kutjeva, te iz susjedne BiH iz Sarajeva, Tuzle\u00a0 i Pazari\u0107a, a iz Srbije odazvali su se planinari iz Subotice.<\/p>\n<p style=\"text-align: justify;\"><img loading=\"lazy\" decoding=\"async\" src=\"https:\/\/www.slavonski-planinari.hr\/arhiva\/wp-content\/uploads\/2023\/01\/bppp01.jpg\" width=\"571\" height=\"387\" alt=\"\" class=\"wp-image-1461 aligncenter size-full\" srcset=\"https:\/\/www.slavonski-planinari.hr\/arhiva\/wp-content\/uploads\/2023\/01\/bppp01.jpg 571w, https:\/\/www.slavonski-planinari.hr\/arhiva\/wp-content\/uploads\/2023\/01\/bppp01-480x325.jpg 480w\" sizes=\"(min-width: 0px) and (max-width: 480px) 480px, (min-width: 481px) 571px, 100vw\" \/><\/p>\n<p style=\"text-align: justify;\">Nakon pozdravnog govora krenulo se na stazu uz pratnju doma\u0107ih vodi\u010da. Staza se prote\u017ee du\u017e desne obale Drave s nezaboravnim pogledima na rijeku i njene obale. Kra\u0107a staza vodila je do sveti\u0161ta Sv. Ane i kru\u017eno natrag oko tri sata laganog hoda, a du\u017ea do vodocrpili\u0161ta, te oko bare Jugova\u010de i natrag u trajanju od pet sati hoda.<\/p>\n<p style=\"text-align: justify;\"><img loading=\"lazy\" decoding=\"async\" src=\"https:\/\/www.slavonski-planinari.hr\/arhiva\/wp-content\/uploads\/2023\/01\/bppp05.jpg\" width=\"571\" height=\"388\" alt=\"\" class=\"wp-image-1465 aligncenter size-full\" srcset=\"https:\/\/www.slavonski-planinari.hr\/arhiva\/wp-content\/uploads\/2023\/01\/bppp05.jpg 571w, https:\/\/www.slavonski-planinari.hr\/arhiva\/wp-content\/uploads\/2023\/01\/bppp05-480x326.jpg 480w\" sizes=\"(min-width: 0px) and (max-width: 480px) 480px, (min-width: 481px) 571px, 100vw\" \/><\/p>\n<p style=\"text-align: justify;\">Svim planinarima za ru\u010dak prire\u0111en je grah &#8211; koji je bio vrlo ukusan. Vrijedne \u010dlanice dru\u0161tva ispekle su kola\u010de kojima smo po\u010dastili na\u0161e goste.<\/p>\n<p style=\"text-align: justify;\"><img loading=\"lazy\" decoding=\"async\" src=\"https:\/\/www.slavonski-planinari.hr\/arhiva\/wp-content\/uploads\/2023\/01\/bppp04.jpg\" width=\"571\" height=\"387\" alt=\"\" class=\"wp-image-1464 aligncenter size-full\" srcset=\"https:\/\/www.slavonski-planinari.hr\/arhiva\/wp-content\/uploads\/2023\/01\/bppp04.jpg 571w, https:\/\/www.slavonski-planinari.hr\/arhiva\/wp-content\/uploads\/2023\/01\/bppp04-480x325.jpg 480w\" sizes=\"(min-width: 0px) and (max-width: 480px) 480px, (min-width: 481px) 571px, 100vw\" \/><\/p>\n<p style=\"text-align: justify;\">Stanica HGSS iz Osijeka omogu\u0107ila je svima zainteresiranima da se spu\u0161tanje s mosta tirolskom prije\u010dnicom.<\/p>\n<p style=\"text-align: justify;\"><img loading=\"lazy\" decoding=\"async\" src=\"https:\/\/www.slavonski-planinari.hr\/arhiva\/wp-content\/uploads\/2023\/01\/bppp03.jpg\" width=\"571\" height=\"387\" alt=\"\" class=\"wp-image-1463 aligncenter size-full\" srcset=\"https:\/\/www.slavonski-planinari.hr\/arhiva\/wp-content\/uploads\/2023\/01\/bppp03.jpg 571w, https:\/\/www.slavonski-planinari.hr\/arhiva\/wp-content\/uploads\/2023\/01\/bppp03-480x325.jpg 480w\" sizes=\"(min-width: 0px) and (max-width: 480px) 480px, (min-width: 481px) 571px, 100vw\" \/><\/p>\n<p style=\"text-align: justify;\">Uz tambura\u0161e uslijedila je planinarska veselica.<\/p>\n<p style=\"text-align: justify;\"><img loading=\"lazy\" decoding=\"async\" src=\"https:\/\/www.slavonski-planinari.hr\/arhiva\/wp-content\/uploads\/2023\/01\/bppp02.jpg\" width=\"571\" height=\"387\" alt=\"\" class=\"wp-image-1462 aligncenter size-full\" srcset=\"https:\/\/www.slavonski-planinari.hr\/arhiva\/wp-content\/uploads\/2023\/01\/bppp02.jpg 571w, https:\/\/www.slavonski-planinari.hr\/arhiva\/wp-content\/uploads\/2023\/01\/bppp02-480x325.jpg 480w\" sizes=\"(min-width: 0px) and (max-width: 480px) 480px, (min-width: 481px) 571px, 100vw\" \/><\/p>\n<p style=\"text-align: justify;\">Hvala svima na odazivu i vidimo se slijede\u0107e godine na BPPP-u.<\/p>\n<\/div>\n<p>[\/et_pb_text][\/et_pb_column][\/et_pb_row][\/et_pb_section]<\/p>\n","protected":false},"excerpt":{"rendered":"<p>U subotu 26.05.2012. odr\u017ean je Beli\u0161\u0107anski\u00a0 podravski pje\u0161a\u010dki put. Mjesto okupljanja i sredi\u0161te svih doga\u0111anja je kajak klub u Beli\u0161\u0107u kod mosta na Dravi. Planinare smo do\u010dekali svje\u017eim pecivom, toplim \u010dajem i rakijom \u0161ljivovicom. Vrijeme je bilo lijepo, sun\u010dano i toplo. Okupilo se oko 200 planinara iz lijepe na\u0161e: Osijeka,\u00a0 Na\u0161ica, \u0110ur\u0111enovca, Po\u017eege, Virovitice , [&hellip;]<\/p>\n","protected":false},"author":1,"featured_media":0,"comment_status":"closed","ping_status":"open","sticky":false,"template":"","format":"standard","meta":{"_et_pb_use_builder":"on","_et_pb_old_content":"","_et_gb_content_width":"1080","footnotes":""},"categories":[26],"tags":[],"class_list":["post-1458","post","type-post","status-publish","format-standard","hentry","category-26"],"_links":{"self":[{"href":"https:\/\/www.slavonski-planinari.hr\/arhiva\/wp-json\/wp\/v2\/posts\/1458","targetHints":{"allow":["GET"]}}],"collection":[{"href":"https:\/\/www.slavonski-planinari.hr\/arhiva\/wp-json\/wp\/v2\/posts"}],"about":[{"href":"https:\/\/www.slavonski-planinari.hr\/arhiva\/wp-json\/wp\/v2\/types\/post"}],"author":[{"embeddable":true,"href":"https:\/\/www.slavonski-planinari.hr\/arhiva\/wp-json\/wp\/v2\/users\/1"}],"replies":[{"embeddable":true,"href":"https:\/\/www.slavonski-planinari.hr\/arhiva\/wp-json\/wp\/v2\/comments?post=1458"}],"version-history":[{"count":0,"href":"https:\/\/www.slavonski-planinari.hr\/arhiva\/wp-json\/wp\/v2\/posts\/1458\/revisions"}],"wp:attachment":[{"href":"https:\/\/www.slavonski-planinari.hr\/arhiva\/wp-json\/wp\/v2\/media?parent=1458"}],"wp:term":[{"taxonomy":"category","embeddable":true,"href":"https:\/\/www.slavonski-planinari.hr\/arhiva\/wp-json\/wp\/v2\/categories?post=1458"},{"taxonomy":"post_tag","embeddable":true,"href":"https:\/\/www.slavonski-planinari.hr\/arhiva\/wp-json\/wp\/v2\/tags?post=1458"}],"curies":[{"name":"wp","href":"https:\/\/api.w.org\/{rel}","templated":true}]}}