{"id":1454,"date":"2012-05-16T13:44:00","date_gmt":"2012-05-16T12:44:00","guid":{"rendered":"https:\/\/www.slavonski-planinari.hr\/arhiva\/?p=1454"},"modified":"2023-01-02T13:46:51","modified_gmt":"2023-01-02T12:46:51","slug":"dan-planine-krndija","status":"publish","type":"post","link":"https:\/\/www.slavonski-planinari.hr\/arhiva\/dan-planine-krndija\/","title":{"rendered":"Dan planine Krndija"},"content":{"rendered":"<p>[et_pb_section fb_built=&#8221;1&#8243; _builder_version=&#8221;4.19.4&#8243; _module_preset=&#8221;default&#8221; custom_padding=&#8221;4px||72px|||&#8221; global_colors_info=&#8221;{}&#8221; theme_builder_area=&#8221;post_content&#8221;][et_pb_row _builder_version=&#8221;4.19.4&#8243; _module_preset=&#8221;default&#8221; global_colors_info=&#8221;{}&#8221; theme_builder_area=&#8221;post_content&#8221;][et_pb_column type=&#8221;4_4&#8243; _builder_version=&#8221;4.19.4&#8243; _module_preset=&#8221;default&#8221; global_colors_info=&#8221;{}&#8221; theme_builder_area=&#8221;post_content&#8221;][et_pb_text _builder_version=&#8221;4.19.4&#8243; _module_preset=&#8221;default&#8221; hover_enabled=&#8221;0&#8243; global_colors_info=&#8221;{}&#8221; theme_builder_area=&#8221;post_content&#8221; sticky_enabled=&#8221;0&#8243;]<\/p>\n<div class=\"itemIntroText\">\n<p style=\"text-align: justify;\"><img loading=\"lazy\" decoding=\"async\" src=\"https:\/\/www.slavonski-planinari.hr\/arhiva\/wp-content\/uploads\/2023\/01\/kapovac034.jpg\" width=\"111\" height=\"74\" alt=\"\" class=\"wp-image-1456 alignleft size-full\" \/>Park prirode Papuk, PD: Vidim Kutjevo, Sunovrat \u0110ur\u0111enovac, Sokol Feri\u010danci, Krndija Na\u0161ice i\u00a0 Orahovica u koordinaciji Slavonskog planinarskog saveza<\/p>\n<p style=\"text-align: justify;\">\n<p style=\"text-align: center;\">POKRE\u0106U NOVU INICIJATIVU PLANINARSKU I OP\u0106E DRU\u0160TVENU MANIFESTACIJU ZAJEDNI\u0160TVA<br \/>I SURADNJE NA PROSTORIMA OKO KRNDIJE,<br \/>NEOVISNO O \u017dUPANIJSKIM I SVIM DRUGIM GRANICMA:<\/p>\n<\/div>\n<div class=\"itemFullText\">\n<p style=\"text-align: center;\">\n<h1 style=\"text-align: center;\">DAN PLANINE KRNDIJE,<br \/>KRNDIJA &#8211; KUTJEVO 2012<br \/>zajedno s Festivalom gra\u0161evine Hrvatske 2012<\/h1>\n<p style=\"text-align: justify;\"><strong>OKVIRNI PROGRAM<\/strong><\/p>\n<ul style=\"text-align: justify;\">\n<li><strong>subota, 02.06.2012.<\/strong><\/li>\n<\/ul>\n<p style=\"text-align: justify;\">&#8211; 09 : 30 &#8211; 10 :30\u00a0\u00a0\u00a0 Okupljanje planinara ispred Kutjeva\u010dkog dvorca te polazak na\u00a0 slu\u017ebeno otvaranje vidikovca na prijevoju pod Petrovim vrhom, simboli\u010dni po\u010detak budu\u0107ih aktivnosti vezanih za prostor Krndije<br \/>&#8211; 11 : 00 &#8211; Polazak na hodanje: du\u017ea staza preko Kapovca ( oko 4 h30); kra\u0107a staza preko P. vrha i Dobre vode (oko 2h30). Obje staze zavr\u0161avaju u Kutjevu predvidivo 14 -15:30 sati<br \/>programi Festivala gra\u0161evine Hrvatske \u0107e se odvijati kod Kutjeva\u010dkog dvorca ili prema najavi organizatora<br \/>&#8211; 11 : 00 &#8211; po\u010detak natjecanja u kuhanju vinskog gula\u0161a i slavonske kobasice u kutjeva\u010dkoj gra\u0161evini<br \/>&#8211; 13 : 00 &#8211; obilazak vinskih podruma kutjeva\u010dkih vinara vinskim vlakom<br \/>&#8211; 15 : 00\u00a0 &#8211; 18 : 00 \u2013 Glazbeni program<br \/>&#8211; 18 : 00 &#8211; 21 : 00\u00a0 &#8211; izbor najljep\u0161e fotografije gra\u0161evine u cvatu<br \/>&#8211; izbor najljep\u0161e boce prema vizualnom identitetu<br \/>&#8211; izbor vinske kraljice<br \/>&#8211; rezultati ocjenjivanja vina gra\u0161evina i dodjela diploma<br \/>&#8211; progla\u0161enje \u0161ampiona Festivala Gra\u0161evine Hrvatske 2012<br \/>&#8211; 21 : 00 \u2013 zavr\u0161na ve\u010der novih skladbi<br \/>&#8211; 22 : 30 \u2013 sve\u010dano zatvaranje festivala \u201cZlatne \u017eice Slavonije\u201d i Festivala gra\u0161evine Hrvatske<\/p>\n<p style=\"text-align: justify;\">\n<p style=\"text-align: center;\">S VESELJEM VAS O\u010cEKUJEMO !<\/p>\n<p style=\"text-align: justify;\">\n<p style=\"text-align: justify;\"><strong>Kontakt osobe:<\/strong><\/p>\n<ul style=\"text-align: justify;\">\n<li>Antun Koren\u00a0 (HPD Vidim) &#8211; 099\/7733-483<\/li>\n<li>Ivica Samard\u017ei\u0107\u00a0 (Park prirode Papuk) \u2013 098\/465-650<\/li>\n<li>Otmar Tosenberger (SPS) \u2013 091\/181-4119<\/li>\n<\/ul>\n<p style=\"text-align: justify;\">&#8230;&#8230;&#8230;&#8230;&#8230;&#8230;&#8230;&#8230;&#8230;&#8230;&#8230;&#8230;&#8230;&#8230;&#8230;&#8230;&#8230;&#8230;&#8230;&#8230;&#8230;&#8230;&#8230;&#8230;&#8230;&#8230;&#8230;&#8230;&#8230;&#8230;&#8230;&#8230;&#8230;&#8230;&#8230;&#8230;&#8230;&#8230;&#8230;&#8230;&#8230;&#8230; O ovoj inicijativi se pri\u010da ve\u0107 vi\u0161e godina i \u017eelja nam je da pokretanjem manifestacije krenemo u konkretnu realizaciju. Stoga su promi\u0161ljanja\u00a0 i sugestije dobro do\u0161li kako bi u slijede\u0107im godinama dugoro\u010dno profilirali ideju. Termin i mjesto odr\u017eavanja \u0107e se mijenjati svake godine i nastojat \u0107emo ga u budu\u0107e sretnije odabrati. Ideja je da se Dan planine Krndije, po mogu\u0107nosti, ne odr\u017eava samostalno nego uz neku javnu manifestaciju mjesta &#8211; doma\u0107ina. Na taj na\u0107in bi dali naglasak zajedni\u0161tvu i ujedno me\u0111usobno promovirali planinarstvo i sve druge uklju\u010dene udruge i javne ustanove. Inicijativa je u za\u010detku, tek se razvija, i ima podr\u0161ku udruga, javnih ustanova i lokalne uprave sa podru\u010dja oko Krndije, neovisno o op\u0107inskim, gradskim i \u017eupanijskim granicama.<\/p>\n<p style=\"text-align: justify;\">\n<p style=\"text-align: justify;\">Bit \u0107e nam izuzetno drago ako svojim dolaskom potvrdite da je sve to vrijedno truda, a svaku dobronamjernu primjedbu ili prijedlog uzet \u0107emo u razmatranje.<\/p>\n<p style=\"text-align: justify;\">\n<p style=\"text-align: justify;\">Na zadnjem neformalnom sastanku vezanom uz ideju, na kojem je sudjelovalo 30-ak predstavnika gradova\/op\u0107ina, udruga (vinari, vo\u0107ari, prirodnjaci), vinarija, JU PP Papuk, planinarskih dru\u0161tava, turisti\u010dkih zajednica itd., formiran je inicijativni odbor koji \u0107e profilirati ideje o kojima se razgovaralo , predlo\u017eiti i koordinirati daljnje aktivnosti.<\/p>\n<p style=\"text-align: justify;\">\n<p style=\"text-align: justify;\">Vi\u0161e informacija o svemu na Danima planine Krndije.<\/p>\n<p style=\"text-align: right;\">Predsjednik inicijativnog odbora &#8220;Projekt Krndija zajedno&#8221; Otmar Tosenberger (SPS)<\/p>\n<\/div>\n<p>[\/et_pb_text][\/et_pb_column][\/et_pb_row][\/et_pb_section]<\/p>\n","protected":false},"excerpt":{"rendered":"<p>Park prirode Papuk, PD: Vidim Kutjevo, Sunovrat \u0110ur\u0111enovac, Sokol Feri\u010danci, Krndija Na\u0161ice i\u00a0 Orahovica u koordinaciji Slavonskog planinarskog saveza POKRE\u0106U NOVU INICIJATIVU PLANINARSKU I OP\u0106E DRU\u0160TVENU MANIFESTACIJU ZAJEDNI\u0160TVAI SURADNJE NA PROSTORIMA OKO KRNDIJE,NEOVISNO O \u017dUPANIJSKIM I SVIM DRUGIM GRANICMA: DAN PLANINE KRNDIJE,KRNDIJA &#8211; KUTJEVO 2012zajedno s Festivalom gra\u0161evine Hrvatske 2012 OKVIRNI PROGRAM subota, 02.06.2012. &#8211; [&hellip;]<\/p>\n","protected":false},"author":1,"featured_media":0,"comment_status":"closed","ping_status":"open","sticky":false,"template":"","format":"standard","meta":{"_et_pb_use_builder":"on","_et_pb_old_content":"","_et_gb_content_width":"1080","footnotes":""},"categories":[26],"tags":[],"class_list":["post-1454","post","type-post","status-publish","format-standard","hentry","category-26"],"_links":{"self":[{"href":"https:\/\/www.slavonski-planinari.hr\/arhiva\/wp-json\/wp\/v2\/posts\/1454","targetHints":{"allow":["GET"]}}],"collection":[{"href":"https:\/\/www.slavonski-planinari.hr\/arhiva\/wp-json\/wp\/v2\/posts"}],"about":[{"href":"https:\/\/www.slavonski-planinari.hr\/arhiva\/wp-json\/wp\/v2\/types\/post"}],"author":[{"embeddable":true,"href":"https:\/\/www.slavonski-planinari.hr\/arhiva\/wp-json\/wp\/v2\/users\/1"}],"replies":[{"embeddable":true,"href":"https:\/\/www.slavonski-planinari.hr\/arhiva\/wp-json\/wp\/v2\/comments?post=1454"}],"version-history":[{"count":0,"href":"https:\/\/www.slavonski-planinari.hr\/arhiva\/wp-json\/wp\/v2\/posts\/1454\/revisions"}],"wp:attachment":[{"href":"https:\/\/www.slavonski-planinari.hr\/arhiva\/wp-json\/wp\/v2\/media?parent=1454"}],"wp:term":[{"taxonomy":"category","embeddable":true,"href":"https:\/\/www.slavonski-planinari.hr\/arhiva\/wp-json\/wp\/v2\/categories?post=1454"},{"taxonomy":"post_tag","embeddable":true,"href":"https:\/\/www.slavonski-planinari.hr\/arhiva\/wp-json\/wp\/v2\/tags?post=1454"}],"curies":[{"name":"wp","href":"https:\/\/api.w.org\/{rel}","templated":true}]}}