{"id":1445,"date":"2012-05-16T13:39:00","date_gmt":"2012-05-16T12:39:00","guid":{"rendered":"https:\/\/www.slavonski-planinari.hr\/arhiva\/?p=1445"},"modified":"2023-01-02T13:43:59","modified_gmt":"2023-01-02T12:43:59","slug":"beliscanski-podravski-pjesaci-put","status":"publish","type":"post","link":"https:\/\/www.slavonski-planinari.hr\/arhiva\/beliscanski-podravski-pjesaci-put\/","title":{"rendered":"Beli\u0161\u0107anski podravski pje\u0161a\u010di put"},"content":{"rendered":"<p>[et_pb_section fb_built=&#8221;1&#8243; _builder_version=&#8221;4.19.4&#8243; _module_preset=&#8221;default&#8221; custom_padding=&#8221;4px||72px|||&#8221; global_colors_info=&#8221;{}&#8221; theme_builder_area=&#8221;post_content&#8221;][et_pb_row _builder_version=&#8221;4.19.4&#8243; _module_preset=&#8221;default&#8221; global_colors_info=&#8221;{}&#8221; theme_builder_area=&#8221;post_content&#8221;][et_pb_column type=&#8221;4_4&#8243; _builder_version=&#8221;4.19.4&#8243; _module_preset=&#8221;default&#8221; global_colors_info=&#8221;{}&#8221; theme_builder_area=&#8221;post_content&#8221;][et_pb_text _builder_version=&#8221;4.19.4&#8243; _module_preset=&#8221;default&#8221; hover_enabled=&#8221;0&#8243; global_colors_info=&#8221;{}&#8221; theme_builder_area=&#8221;post_content&#8221; sticky_enabled=&#8221;0&#8243;]<\/p>\n<div class=\"itemIntroText\">\n<p style=\"text-align: justify;\"><img loading=\"lazy\" decoding=\"async\" src=\"https:\/\/www.slavonski-planinari.hr\/arhiva\/wp-content\/uploads\/2023\/01\/hpd_belisce.jpg\" width=\"108\" height=\"75\" alt=\"\" class=\"wp-image-1450 alignleft size-full\" srcset=\"https:\/\/www.slavonski-planinari.hr\/arhiva\/wp-content\/uploads\/2023\/01\/hpd_belisce.jpg 309w, https:\/\/www.slavonski-planinari.hr\/arhiva\/wp-content\/uploads\/2023\/01\/hpd_belisce-300x208.jpg 300w\" sizes=\"(max-width: 108px) 100vw, 108px\" \/>Dragi prijatelji planinarke i planinari, HPD Beli\u0161\u0107e Vas poziva na sudjelovanje na drugom po redu pohodu nazvanom Beli\u0161\u0107anski podravski pje\u0161a\u010dki put (BPPP).<\/p>\n<p style=\"text-align: justify;\">Nakon uspje\u0161no odr\u017eane manifestacije pro\u0161le godine \u017eelja nam je ovaj skup planinara u\u010diniti tradicionalnim te se nadamo da \u0107ete nam svojim prisustvom u tome pomo\u0107i.<\/p>\n<\/div>\n<div class=\"itemFullText\">\n<p style=\"text-align: justify;\">\n<p style=\"text-align: justify;\">Mjesto okupljanja i sredi\u0161te svih doga\u0111anja je kajak klub u Beli\u0161\u0107u kod mosta na Dravi, a pje\u0161a\u010dka staza se prote\u017ee du\u017e desne obale Drave s nezaboravnim pogledima na rijeku i njene obale.<\/p>\n<p style=\"text-align: justify;\"><img loading=\"lazy\" decoding=\"async\" src=\"https:\/\/www.slavonski-planinari.hr\/arhiva\/wp-content\/uploads\/2023\/01\/bppp1.jpg\" width=\"571\" height=\"390\" alt=\"\" class=\"wp-image-1447 aligncenter size-full\" srcset=\"https:\/\/www.slavonski-planinari.hr\/arhiva\/wp-content\/uploads\/2023\/01\/bppp1.jpg 571w, https:\/\/www.slavonski-planinari.hr\/arhiva\/wp-content\/uploads\/2023\/01\/bppp1-480x328.jpg 480w\" sizes=\"(min-width: 0px) and (max-width: 480px) 480px, (min-width: 481px) 571px, 100vw\" \/><\/p>\n<p style=\"text-align: justify;\">Program:<\/p>\n<ul style=\"text-align: justify;\">\n<li>Subota 26.05.2012.\n<ul>\n<li>8:00 \u2013 9:00 Okupljanje planinara kod Kajak kluba u Beli\u0161\u0107u, prigodna okrijepa<\/li>\n<li>9:00 Pozdrav doma\u0107ina i polazak na stazu (kra\u0107a 3 sata, du\u017ea 6 sati) uz doma\u0107e vodi\u010de.<\/li>\n<li>14:00 \u2013 16:00 Ru\u010dak \u2013 planinarski grah<\/li>\n<li>16:00 \u2013 24:00 Planinarska veselica uz \u017eivu glazbu i bogat izbor pi\u0107a<\/li>\n<\/ul>\n<\/li>\n<\/ul>\n<p style=\"text-align: justify;\"><img loading=\"lazy\" decoding=\"async\" src=\"https:\/\/www.slavonski-planinari.hr\/arhiva\/wp-content\/uploads\/2023\/01\/legenda_bppp.jpg\" width=\"826\" height=\"576\" alt=\"\" class=\"wp-image-1452 aligncenter size-full\" srcset=\"https:\/\/www.slavonski-planinari.hr\/arhiva\/wp-content\/uploads\/2023\/01\/legenda_bppp.jpg 826w, https:\/\/www.slavonski-planinari.hr\/arhiva\/wp-content\/uploads\/2023\/01\/legenda_bppp-480x335.jpg 480w\" sizes=\"(min-width: 0px) and (max-width: 480px) 480px, (min-width: 481px) 826px, 100vw\" \/><\/p>\n<p style=\"text-align: justify;\">Pored navedenog ponudit \u0107emo i dodatne zanimljive sadr\u017eaje.<\/p>\n<p style=\"text-align: justify;\">Osigurana je mogu\u0107nost no\u0107enja petak\/subota i subota\/nedjelja u \u0161atorima pored kajak kluba ili u privatnom smje\u0161taju u Beli\u0161\u0107u i Valpovu.<\/p>\n<p style=\"text-align: justify;\"><img loading=\"lazy\" decoding=\"async\" src=\"https:\/\/www.slavonski-planinari.hr\/arhiva\/wp-content\/uploads\/2023\/01\/bppp2.jpg\" width=\"571\" height=\"388\" alt=\"\" class=\"wp-image-1448 aligncenter size-full\" srcset=\"https:\/\/www.slavonski-planinari.hr\/arhiva\/wp-content\/uploads\/2023\/01\/bppp2.jpg 571w, https:\/\/www.slavonski-planinari.hr\/arhiva\/wp-content\/uploads\/2023\/01\/bppp2-480x326.jpg 480w\" sizes=\"(min-width: 0px) and (max-width: 480px) 480px, (min-width: 481px) 571px, 100vw\" \/><\/p>\n<p style=\"text-align: justify;\">Za goste koji \u0107e preno\u0107iti do nedjelje program u nedjelju po dogovoru.<\/p>\n<p style=\"text-align: justify;\">S veseljem i zadovoljstvom o\u0109ekujemo Va\u0161u prijavu i dolazak!<\/p>\n<p style=\"text-align: justify;\"><img loading=\"lazy\" decoding=\"async\" src=\"https:\/\/www.slavonski-planinari.hr\/arhiva\/wp-content\/uploads\/2023\/01\/klub_belisce.jpg\" width=\"800\" height=\"417\" alt=\"\" class=\"wp-image-1451 aligncenter size-full\" srcset=\"https:\/\/www.slavonski-planinari.hr\/arhiva\/wp-content\/uploads\/2023\/01\/klub_belisce.jpg 800w, https:\/\/www.slavonski-planinari.hr\/arhiva\/wp-content\/uploads\/2023\/01\/klub_belisce-480x250.jpg 480w\" sizes=\"(min-width: 0px) and (max-width: 480px) 480px, (min-width: 481px) 800px, 100vw\" \/><\/p>\n<p style=\"text-align: justify;\"><strong>Kako do\u0107i do kajak kluba u Beli\u0161\u0107u?<\/strong><\/p>\n<p style=\"text-align: justify;\">Iz smjera Osijeka ili Valpova \u2013 valpova\u010dkom obilaznicom (ili kroz Valpovo ukoliko je obilaznica zatvorena) u Beli\u0161\u0107e, dalje u smjeru Belog Manastira.<br \/>Iz smjera Donjeg Miholjca u Beli\u0161\u0107e, dalje u smjeru Belog Manastira.<br \/>U Beli\u0161\u0107u pratiti putokaze za Beli Manastir odnosno most na Dravi. Neposredno prije ulaza na most skretanje lijevo i cestom ispod mosta na desno do livade ispred prostorija kajak kluba uz obalu Drave.<\/p>\n<p style=\"text-align: justify;\"><img loading=\"lazy\" decoding=\"async\" src=\"https:\/\/www.slavonski-planinari.hr\/arhiva\/wp-content\/uploads\/2023\/01\/bppp3.jpg\" width=\"571\" height=\"387\" alt=\"\" class=\"wp-image-1449 aligncenter size-full\" srcset=\"https:\/\/www.slavonski-planinari.hr\/arhiva\/wp-content\/uploads\/2023\/01\/bppp3.jpg 571w, https:\/\/www.slavonski-planinari.hr\/arhiva\/wp-content\/uploads\/2023\/01\/bppp3-480x325.jpg 480w\" sizes=\"(min-width: 0px) and (max-width: 480px) 480px, (min-width: 481px) 571px, 100vw\" \/><\/p>\n<p style=\"text-align: justify;\"><strong>Kontakt osobe:<\/strong><\/p>\n<ul style=\"text-align: justify;\">\n<li>Zdenko Kova\u0109 \u2013 098 464 968<\/li>\n<li>Mila Andri\u0107 \u2013 098 937 9960<\/li>\n<li>e-mail &#8211;<span>\u00a0<\/span><span id=\"cloak88877e091616dd51305e4864cab7541f\"><a href=\"mailto:hpd.belisce@gmail.com\">hpd.belisce@gmail.com<\/a><\/span><\/li>\n<li>www.hpd-belisce.hr<\/li>\n<\/ul>\n<p style=\"text-align: right;\">PREDSJEDNIK:<\/p>\n<p style=\"text-align: right;\">U Beli\u0161\u0107u, 07.05.2012. godine Zdenko Kova\u010d<\/p>\n<\/div>\n<p>[\/et_pb_text][\/et_pb_column][\/et_pb_row][\/et_pb_section]<\/p>\n","protected":false},"excerpt":{"rendered":"<p>Dragi prijatelji planinarke i planinari, HPD Beli\u0161\u0107e Vas poziva na sudjelovanje na drugom po redu pohodu nazvanom Beli\u0161\u0107anski podravski pje\u0161a\u010dki put (BPPP). Nakon uspje\u0161no odr\u017eane manifestacije pro\u0161le godine \u017eelja nam je ovaj skup planinara u\u010diniti tradicionalnim te se nadamo da \u0107ete nam svojim prisustvom u tome pomo\u0107i. Mjesto okupljanja i sredi\u0161te svih doga\u0111anja je kajak [&hellip;]<\/p>\n","protected":false},"author":1,"featured_media":0,"comment_status":"closed","ping_status":"open","sticky":false,"template":"","format":"standard","meta":{"_et_pb_use_builder":"on","_et_pb_old_content":"","_et_gb_content_width":"1080","footnotes":""},"categories":[26],"tags":[],"class_list":["post-1445","post","type-post","status-publish","format-standard","hentry","category-26"],"_links":{"self":[{"href":"https:\/\/www.slavonski-planinari.hr\/arhiva\/wp-json\/wp\/v2\/posts\/1445","targetHints":{"allow":["GET"]}}],"collection":[{"href":"https:\/\/www.slavonski-planinari.hr\/arhiva\/wp-json\/wp\/v2\/posts"}],"about":[{"href":"https:\/\/www.slavonski-planinari.hr\/arhiva\/wp-json\/wp\/v2\/types\/post"}],"author":[{"embeddable":true,"href":"https:\/\/www.slavonski-planinari.hr\/arhiva\/wp-json\/wp\/v2\/users\/1"}],"replies":[{"embeddable":true,"href":"https:\/\/www.slavonski-planinari.hr\/arhiva\/wp-json\/wp\/v2\/comments?post=1445"}],"version-history":[{"count":0,"href":"https:\/\/www.slavonski-planinari.hr\/arhiva\/wp-json\/wp\/v2\/posts\/1445\/revisions"}],"wp:attachment":[{"href":"https:\/\/www.slavonski-planinari.hr\/arhiva\/wp-json\/wp\/v2\/media?parent=1445"}],"wp:term":[{"taxonomy":"category","embeddable":true,"href":"https:\/\/www.slavonski-planinari.hr\/arhiva\/wp-json\/wp\/v2\/categories?post=1445"},{"taxonomy":"post_tag","embeddable":true,"href":"https:\/\/www.slavonski-planinari.hr\/arhiva\/wp-json\/wp\/v2\/tags?post=1445"}],"curies":[{"name":"wp","href":"https:\/\/api.w.org\/{rel}","templated":true}]}}