{"id":1441,"date":"2012-05-15T13:34:00","date_gmt":"2012-05-15T12:34:00","guid":{"rendered":"https:\/\/www.slavonski-planinari.hr\/arhiva\/?p=1441"},"modified":"2023-01-02T13:38:02","modified_gmt":"2023-01-02T12:38:02","slug":"7-viroviticki-susret-planinara","status":"publish","type":"post","link":"https:\/\/www.slavonski-planinari.hr\/arhiva\/7-viroviticki-susret-planinara\/","title":{"rendered":"7. viroviti\u010dki susret planinara"},"content":{"rendered":"<p>[et_pb_section fb_built=&#8221;1&#8243; _builder_version=&#8221;4.19.4&#8243; _module_preset=&#8221;default&#8221; custom_padding=&#8221;4px||72px|||&#8221; global_colors_info=&#8221;{}&#8221; theme_builder_area=&#8221;post_content&#8221;][et_pb_row _builder_version=&#8221;4.19.4&#8243; _module_preset=&#8221;default&#8221; global_colors_info=&#8221;{}&#8221; theme_builder_area=&#8221;post_content&#8221;][et_pb_column type=&#8221;4_4&#8243; _builder_version=&#8221;4.19.4&#8243; _module_preset=&#8221;default&#8221; global_colors_info=&#8221;{}&#8221; theme_builder_area=&#8221;post_content&#8221;][et_pb_text _builder_version=&#8221;4.19.4&#8243; _module_preset=&#8221;default&#8221; hover_enabled=&#8221;0&#8243; global_colors_info=&#8221;{}&#8221; theme_builder_area=&#8221;post_content&#8221; sticky_enabled=&#8221;0&#8243;]<\/p>\n<div class=\"itemIntroText\">\n<p><img loading=\"lazy\" decoding=\"async\" src=\"https:\/\/www.slavonski-planinari.hr\/arhiva\/wp-content\/uploads\/2023\/01\/hpd_papuk.jpg\" width=\"150\" height=\"104\" alt=\"\" class=\"wp-image-1443 alignleft size-full\" srcset=\"https:\/\/www.slavonski-planinari.hr\/arhiva\/wp-content\/uploads\/2023\/01\/hpd_papuk.jpg 309w, https:\/\/www.slavonski-planinari.hr\/arhiva\/wp-content\/uploads\/2023\/01\/hpd_papuk-300x208.jpg 300w\" sizes=\"(max-width: 150px) 100vw, 150px\" \/>Dragi prijatelji, HPD\u00a0 Papuk\u00a0 Vas\u00a0 poziva da svojim aktivnim sudjelovanjem na 7. susretu planinara na Viroviti\u010dkim ribnjacima, u nedjelju, 3. lipnja, uveli\u010date na\u0161e slavlje.<\/p>\n<p>Okupljanje sudionika je u 9 sati\u00a0 \u201e\u0160areni mostovi\u201c (silazak sa ceste Virovitica &#8211; Grubi\u0161no polje), a polazak na staze u 9,30 sati.<\/p>\n<\/div>\n<div class=\"itemFullText\">\n<p>&nbsp;<\/p>\n<p>&#8211; \u0160areni mostovi -1. ribnjak &#8211; 3. ribnjak &#8211; \u0161areni mostovi (1 sat).<br \/>&#8211; Pou\u010dna staza (2 sata).<br \/>&#8211; \u0160areni mostovi &#8211; \u0110ura\u0111 &#8211; Podgorje &#8211; ribnjak &#8211; \u0161areni mostovi (3 sata).<br \/>&#8211; \u0160areni mostovi &#8211; ribnjak &#8211; Vilinsko oko &#8211; Pl. skloni\u0161te &#8211; \u0161areni mostovi (4 sata).<\/p>\n<ol><\/ol>\n<p>Nakon povratka sa staza planinarski ru\u010dak uz glazbu i ples. Molimo Vas da bon za ru\u010dak kupite po dolasku.<\/p>\n<p>Radujemo se Va\u0161em dolasku!<\/p>\n<p>Molimo Vas da nas obavijestite o svom dolasku na:<\/p>\n<ul>\n<li>mob. 098-1684839 (predsjednik Vladimir Subota)<\/li>\n<li>mob. 098-1378306 (dopredsjednik Zlatko Ple\u0161ko)<\/li>\n<\/ul>\n<p style=\"text-align: right;\">Izvr\u0161ni odbor HPD Papuk<\/p>\n<\/div>\n<p>[\/et_pb_text][\/et_pb_column][\/et_pb_row][\/et_pb_section]<\/p>\n","protected":false},"excerpt":{"rendered":"<p>Dragi prijatelji, HPD\u00a0 Papuk\u00a0 Vas\u00a0 poziva da svojim aktivnim sudjelovanjem na 7. susretu planinara na Viroviti\u010dkim ribnjacima, u nedjelju, 3. lipnja, uveli\u010date na\u0161e slavlje. Okupljanje sudionika je u 9 sati\u00a0 \u201e\u0160areni mostovi\u201c (silazak sa ceste Virovitica &#8211; Grubi\u0161no polje), a polazak na staze u 9,30 sati. &nbsp; &#8211; \u0160areni mostovi -1. ribnjak &#8211; 3. ribnjak [&hellip;]<\/p>\n","protected":false},"author":1,"featured_media":0,"comment_status":"closed","ping_status":"open","sticky":false,"template":"","format":"standard","meta":{"_et_pb_use_builder":"on","_et_pb_old_content":"","_et_gb_content_width":"1080","footnotes":""},"categories":[26],"tags":[],"class_list":["post-1441","post","type-post","status-publish","format-standard","hentry","category-26"],"_links":{"self":[{"href":"https:\/\/www.slavonski-planinari.hr\/arhiva\/wp-json\/wp\/v2\/posts\/1441","targetHints":{"allow":["GET"]}}],"collection":[{"href":"https:\/\/www.slavonski-planinari.hr\/arhiva\/wp-json\/wp\/v2\/posts"}],"about":[{"href":"https:\/\/www.slavonski-planinari.hr\/arhiva\/wp-json\/wp\/v2\/types\/post"}],"author":[{"embeddable":true,"href":"https:\/\/www.slavonski-planinari.hr\/arhiva\/wp-json\/wp\/v2\/users\/1"}],"replies":[{"embeddable":true,"href":"https:\/\/www.slavonski-planinari.hr\/arhiva\/wp-json\/wp\/v2\/comments?post=1441"}],"version-history":[{"count":0,"href":"https:\/\/www.slavonski-planinari.hr\/arhiva\/wp-json\/wp\/v2\/posts\/1441\/revisions"}],"wp:attachment":[{"href":"https:\/\/www.slavonski-planinari.hr\/arhiva\/wp-json\/wp\/v2\/media?parent=1441"}],"wp:term":[{"taxonomy":"category","embeddable":true,"href":"https:\/\/www.slavonski-planinari.hr\/arhiva\/wp-json\/wp\/v2\/categories?post=1441"},{"taxonomy":"post_tag","embeddable":true,"href":"https:\/\/www.slavonski-planinari.hr\/arhiva\/wp-json\/wp\/v2\/tags?post=1441"}],"curies":[{"name":"wp","href":"https:\/\/api.w.org\/{rel}","templated":true}]}}