{"id":1428,"date":"2012-04-24T13:21:00","date_gmt":"2012-04-24T12:21:00","guid":{"rendered":"https:\/\/www.slavonski-planinari.hr\/arhiva\/?p=1428"},"modified":"2023-01-02T13:29:09","modified_gmt":"2023-01-02T12:29:09","slug":"podunavski-pjesacki-put-okupio-500-tinjak-planinara","status":"publish","type":"post","link":"https:\/\/www.slavonski-planinari.hr\/arhiva\/podunavski-pjesacki-put-okupio-500-tinjak-planinara\/","title":{"rendered":"Podunavski pje\u0161a\u010dki put okupio 500-tinjak planinara"},"content":{"rendered":"<p>[et_pb_section fb_built=&#8221;1&#8243; _builder_version=&#8221;4.19.4&#8243; _module_preset=&#8221;default&#8221; custom_padding=&#8221;4px||72px|||&#8221; global_colors_info=&#8221;{}&#8221; theme_builder_area=&#8221;post_content&#8221;][et_pb_row _builder_version=&#8221;4.19.4&#8243; _module_preset=&#8221;default&#8221; global_colors_info=&#8221;{}&#8221; theme_builder_area=&#8221;post_content&#8221;][et_pb_column type=&#8221;4_4&#8243; _builder_version=&#8221;4.19.4&#8243; _module_preset=&#8221;default&#8221; global_colors_info=&#8221;{}&#8221; theme_builder_area=&#8221;post_content&#8221;][et_pb_text _builder_version=&#8221;4.19.4&#8243; _module_preset=&#8221;default&#8221; hover_enabled=&#8221;0&#8243; global_colors_info=&#8221;{}&#8221; theme_builder_area=&#8221;post_content&#8221; sticky_enabled=&#8221;0&#8243;]<\/p>\n<div class=\"itemIntroText\">\n<p style=\"text-align: justify;\"><img loading=\"lazy\" decoding=\"async\" src=\"https:\/\/www.slavonski-planinari.hr\/arhiva\/wp-content\/uploads\/2023\/01\/ppp1-1.jpg\" width=\"146\" height=\"103\" alt=\"\" class=\"wp-image-1430 alignleft size-full\" \/>Hrvatsko planinarsko dru\u0161tvo \u201eZanatlija\u201c iz Osijeka, tradicionalno je 13. put za redom organiziralo je manifestaciju PODUNAVSKI PJE\u0160A\u010cKI PUT \u201eMi\u0161ino Brdo \u2013 Aljma\u0161 \u2013 Erdut\u201c. U nedjelju 22. travnja 2012. godine planinari iz cijele Slavonije, Siska,\u00a0 BiH (Visoko, Tuzla, Grada\u010dac, Ora\u0161je), obilje\u017eili su Dan planeta Zemlje masovnim pohodom od Mi\u0161inog Brda, preko Aljma\u0161a i uz Dunav do Erduta.<\/p>\n<\/div>\n<div class=\"itemFullText\">\n<p style=\"text-align: justify;\">\n<p style=\"text-align: justify;\">Po prekrasnom vremenu, planinari su u Aljma\u0161u imali mogu\u0107nost u\u017eivanja u ljepotama koje nam do\u010darava Dunav, besplatnom vo\u017enjom teglenicom od Aljma\u0161a do u\u0161\u0107a Drave u Dunav, a potom i kroz 4-satnu \u0161etnju od Aljma\u0161a do Erduta.<\/p>\n<p style=\"text-align: justify;\">Po dolasku u Erdut do\u010dekao nas je slavonski \u010dobanac i grah s kobasicom, fi\u0161-paprika\u0161, kola\u010di, pala\u010dinke i dobra zabava.<\/p>\n<p style=\"text-align: justify;\"><img loading=\"lazy\" decoding=\"async\" src=\"https:\/\/www.slavonski-planinari.hr\/arhiva\/wp-content\/uploads\/2023\/01\/ppp2a.jpg\" width=\"571\" height=\"388\" alt=\"\" class=\"wp-image-1431 aligncenter size-full\" srcset=\"https:\/\/www.slavonski-planinari.hr\/arhiva\/wp-content\/uploads\/2023\/01\/ppp2a.jpg 571w, https:\/\/www.slavonski-planinari.hr\/arhiva\/wp-content\/uploads\/2023\/01\/ppp2a-480x326.jpg 480w\" sizes=\"(min-width: 0px) and (max-width: 480px) 480px, (min-width: 481px) 571px, 100vw\" \/><\/p>\n<p style=\"text-align: justify;\">Raspolo\u017eenje je bilo na vrlo lijepom i ugodnom nivou, a \u010dlanice HPD \u00abZanatlija\u00bb sve su sudionike ugodno iznenadile i priredile bogati \u0161vedski stol sa kola\u010dima.<\/p>\n<p style=\"text-align: justify;\"><img loading=\"lazy\" decoding=\"async\" src=\"https:\/\/www.slavonski-planinari.hr\/arhiva\/wp-content\/uploads\/2023\/01\/ppp3-1.jpg\" width=\"571\" height=\"387\" alt=\"\" class=\"wp-image-1432 aligncenter size-full\" srcset=\"https:\/\/www.slavonski-planinari.hr\/arhiva\/wp-content\/uploads\/2023\/01\/ppp3-1.jpg 571w, https:\/\/www.slavonski-planinari.hr\/arhiva\/wp-content\/uploads\/2023\/01\/ppp3-1-480x325.jpg 480w\" sizes=\"(min-width: 0px) and (max-width: 480px) 480px, (min-width: 481px) 571px, 100vw\" \/><\/p>\n<p style=\"text-align: justify;\">Kompletan program vrlo su dobro upotpunili \u010dlanovi HKUD \u201eBranko Herceg\u201c iz Erduta te svima do\u010darali dio slavonske kulturne ba\u0161tine te pjesme i plesa.<\/p>\n<p style=\"text-align: justify;\"><img loading=\"lazy\" decoding=\"async\" src=\"https:\/\/www.slavonski-planinari.hr\/arhiva\/wp-content\/uploads\/2023\/01\/ppp4.jpg\" width=\"571\" height=\"388\" alt=\"\" class=\"wp-image-1433 aligncenter size-full\" srcset=\"https:\/\/www.slavonski-planinari.hr\/arhiva\/wp-content\/uploads\/2023\/01\/ppp4.jpg 571w, https:\/\/www.slavonski-planinari.hr\/arhiva\/wp-content\/uploads\/2023\/01\/ppp4-480x326.jpg 480w\" sizes=\"(min-width: 0px) and (max-width: 480px) 480px, (min-width: 481px) 571px, 100vw\" \/><\/p>\n<p style=\"text-align: justify;\">Nazo\u010dilo je oko 500 planinara iz 18 planinarskih dru\u0161tava, od kojih je bilo najbrojnije, 77 planinara, planinarsko dru\u0161tvo \u201eSisak\u201c iz Siska,<\/p>\n<p style=\"text-align: justify;\"><img loading=\"lazy\" decoding=\"async\" src=\"https:\/\/www.slavonski-planinari.hr\/arhiva\/wp-content\/uploads\/2023\/01\/ppp5.jpg\" width=\"571\" height=\"387\" alt=\"\" class=\"wp-image-1434 aligncenter size-full\" srcset=\"https:\/\/www.slavonski-planinari.hr\/arhiva\/wp-content\/uploads\/2023\/01\/ppp5.jpg 571w, https:\/\/www.slavonski-planinari.hr\/arhiva\/wp-content\/uploads\/2023\/01\/ppp5-480x325.jpg 480w\" sizes=\"(min-width: 0px) and (max-width: 480px) 480px, (min-width: 481px) 571px, 100vw\" \/><\/p>\n<p style=\"text-align: justify;\">Sve je zavr\u0161ilo planinarskom veselicom oko 17,00 sati, a mnogi su nam ve\u0107 najavili dolazak sljede\u0107e godine.<\/p>\n<p style=\"text-align: justify;\">Video link Nove TV, negdje oko 35. minuta dnevnika<span>\u00a0<\/span><a href=\"http:\/\/dnevnik.hr\/videoteka\/dnevnik-1435.html\" target=\"_blank\" rel=\"noopener\">dnevnik.hr<\/a><\/p>\n<p style=\"text-align: right;\">PREDSJEDNIK HPD \u201eZanatlija\u201c Osijek<\/p>\n<p style=\"text-align: right;\">Marijan \u0160piranec<br \/>GSM 091\/540-95-48<\/p>\n<\/div>\n<p>[\/et_pb_text][\/et_pb_column][\/et_pb_row][\/et_pb_section]<\/p>\n","protected":false},"excerpt":{"rendered":"<p>Hrvatsko planinarsko dru\u0161tvo \u201eZanatlija\u201c iz Osijeka, tradicionalno je 13. put za redom organiziralo je manifestaciju PODUNAVSKI PJE\u0160A\u010cKI PUT \u201eMi\u0161ino Brdo \u2013 Aljma\u0161 \u2013 Erdut\u201c. U nedjelju 22. travnja 2012. godine planinari iz cijele Slavonije, Siska,\u00a0 BiH (Visoko, Tuzla, Grada\u010dac, Ora\u0161je), obilje\u017eili su Dan planeta Zemlje masovnim pohodom od Mi\u0161inog Brda, preko Aljma\u0161a i uz Dunav [&hellip;]<\/p>\n","protected":false},"author":1,"featured_media":0,"comment_status":"closed","ping_status":"open","sticky":false,"template":"","format":"standard","meta":{"_et_pb_use_builder":"on","_et_pb_old_content":"","_et_gb_content_width":"1080","footnotes":""},"categories":[26],"tags":[],"class_list":["post-1428","post","type-post","status-publish","format-standard","hentry","category-26"],"_links":{"self":[{"href":"https:\/\/www.slavonski-planinari.hr\/arhiva\/wp-json\/wp\/v2\/posts\/1428","targetHints":{"allow":["GET"]}}],"collection":[{"href":"https:\/\/www.slavonski-planinari.hr\/arhiva\/wp-json\/wp\/v2\/posts"}],"about":[{"href":"https:\/\/www.slavonski-planinari.hr\/arhiva\/wp-json\/wp\/v2\/types\/post"}],"author":[{"embeddable":true,"href":"https:\/\/www.slavonski-planinari.hr\/arhiva\/wp-json\/wp\/v2\/users\/1"}],"replies":[{"embeddable":true,"href":"https:\/\/www.slavonski-planinari.hr\/arhiva\/wp-json\/wp\/v2\/comments?post=1428"}],"version-history":[{"count":0,"href":"https:\/\/www.slavonski-planinari.hr\/arhiva\/wp-json\/wp\/v2\/posts\/1428\/revisions"}],"wp:attachment":[{"href":"https:\/\/www.slavonski-planinari.hr\/arhiva\/wp-json\/wp\/v2\/media?parent=1428"}],"wp:term":[{"taxonomy":"category","embeddable":true,"href":"https:\/\/www.slavonski-planinari.hr\/arhiva\/wp-json\/wp\/v2\/categories?post=1428"},{"taxonomy":"post_tag","embeddable":true,"href":"https:\/\/www.slavonski-planinari.hr\/arhiva\/wp-json\/wp\/v2\/tags?post=1428"}],"curies":[{"name":"wp","href":"https:\/\/api.w.org\/{rel}","templated":true}]}}