{"id":1423,"date":"2012-04-13T13:15:00","date_gmt":"2012-04-13T12:15:00","guid":{"rendered":"https:\/\/www.slavonski-planinari.hr\/arhiva\/?p=1423"},"modified":"2023-01-02T13:18:32","modified_gmt":"2023-01-02T12:18:32","slug":"podunavski-pjesacki-put","status":"publish","type":"post","link":"https:\/\/www.slavonski-planinari.hr\/arhiva\/podunavski-pjesacki-put\/","title":{"rendered":"Podunavski pje\u0161a\u010dki put"},"content":{"rendered":"<p>[et_pb_section fb_built=&#8221;1&#8243; _builder_version=&#8221;4.19.4&#8243; _module_preset=&#8221;default&#8221; custom_padding=&#8221;4px||72px|||&#8221; global_colors_info=&#8221;{}&#8221; theme_builder_area=&#8221;post_content&#8221;][et_pb_row _builder_version=&#8221;4.19.4&#8243; _module_preset=&#8221;default&#8221; global_colors_info=&#8221;{}&#8221; theme_builder_area=&#8221;post_content&#8221;][et_pb_column type=&#8221;4_4&#8243; _builder_version=&#8221;4.19.4&#8243; _module_preset=&#8221;default&#8221; global_colors_info=&#8221;{}&#8221; theme_builder_area=&#8221;post_content&#8221;][et_pb_text _builder_version=&#8221;4.19.4&#8243; _module_preset=&#8221;default&#8221; hover_enabled=&#8221;0&#8243; global_colors_info=&#8221;{}&#8221; theme_builder_area=&#8221;post_content&#8221; sticky_enabled=&#8221;0&#8243;]<\/p>\n<div class=\"itemIntroText\">\n<p style=\"text-align: justify;\"><img loading=\"lazy\" decoding=\"async\" src=\"https:\/\/www.slavonski-planinari.hr\/arhiva\/wp-content\/uploads\/2023\/01\/aljmas1.jpg\" width=\"150\" height=\"102\" alt=\"\" class=\"wp-image-1425 alignleft size-full\" \/>Poziv na PODUNAVSKI PJE\u0160A\u010cKI PUT, 22. travnja 2012. godine.<\/p>\n<p style=\"text-align: justify;\">\n<p style=\"text-align: justify;\">Pozivamo Vas da svojim prisustvom uveli\u010date tradicionalnu manifestaciju \u201cPodunavski pje\u0161a\u010dki put Mi\u0161ino Brdo \u2013 Aljma\u0161 \u2013 Erdut\u201c.<\/p>\n<\/div>\n<div class=\"itemFullText\">\n<p style=\"text-align: justify;\">\n<p style=\"text-align: justify;\">\n<h3 style=\"text-align: justify;\">Program:<\/h3>\n<ul style=\"text-align: justify;\">\n<li>Do 09,00 sati predvi\u0111en je dolazak planinara autobusima izravno u Aljma\u0161, jutarnja kava u obli\u017enjem restoranu, posjet sveti\u0161tu \u201ePod lipom\u201c, sveta misa u crkvi \u201ePoho\u0111enja Bla\u017eene Djevice Marije\u201c u Aljma\u0161u.<\/li>\n<li>U 10,30 polazak na hoda\u010dku turu prema Erdutu uz doma\u0107e vodi\u010de.<br \/>Ovisno o vodostaju Dunava pohod \u0107e biti nastavljen pored same rijeke ili kroz vinograde IPK \u201eErdut\u201c.<\/li>\n<li>U 15,00 sati je organiziran turisti\u010dki razgled Erdutske vinarije,\u00a0 koja nudi i kvalitetna vina po vrlo povoljnim cIjenama. U vinariji je jo\u0161 uvijek u funkciji najve\u0107a vinska ba\u010dva u Europi\u00a0\u00a0\u00a0\u00a0\u00a0 (75 000 litara). Cijena razgleda s degustacijom vrhunskih vina je 40,00 kuna.<\/li>\n<li>Od 13,00 do 15,00 sati organiziran je ru\u010dak. Ugostitelji nude grah s junetinom, \u010dobanac s divlja\u010di te riblji paprika\u0161 po cijeni od 20,00 kuna, i naravno, sve vrste pi\u0107a.<\/li>\n<\/ul>\n<p style=\"text-align: justify;\"><img loading=\"lazy\" decoding=\"async\" src=\"https:\/\/www.slavonski-planinari.hr\/arhiva\/wp-content\/uploads\/2023\/01\/aljmas2.jpg\" width=\"521\" height=\"354\" alt=\"\" class=\"wp-image-1426 aligncenter size-full\" srcset=\"https:\/\/www.slavonski-planinari.hr\/arhiva\/wp-content\/uploads\/2023\/01\/aljmas2.jpg 521w, https:\/\/www.slavonski-planinari.hr\/arhiva\/wp-content\/uploads\/2023\/01\/aljmas2-480x326.jpg 480w\" sizes=\"(min-width: 0px) and (max-width: 480px) 480px, (min-width: 481px) 521px, 100vw\" \/><\/p>\n<p style=\"text-align: justify;\">Nakon ru\u010dka slijedi kulturno umjetni\u010dki program lokalnog folklornog dru\u0161tva, te planinarska veselica.<\/p>\n<p style=\"text-align: justify;\">Napominjemo da postoji i mogu\u0107nost turisti\u010dke vo\u017enje teglenicom od Aljama\u0161a do u\u0161\u0107a Drave u Dunav, o \u0107emu \u010demo Vas pravodobno informirati.<\/p>\n<p style=\"text-align: justify;\">\n<p style=\"text-align: justify;\"><strong>Kontakt osoba:<\/strong><br \/>Marijan \u0160piranec (predsjednik)<br \/>GSM: 091\/540-95-48<\/p>\n<p style=\"text-align: justify;\">U Osijeku, 13. travanj 2012. godine<\/p>\n<p style=\"text-align: right;\">PREDSJEDNIK:<br \/>Marijan \u0160piranec<\/p>\n<\/div>\n<p>[\/et_pb_text][\/et_pb_column][\/et_pb_row][\/et_pb_section]<\/p>\n","protected":false},"excerpt":{"rendered":"<p>Poziv na PODUNAVSKI PJE\u0160A\u010cKI PUT, 22. travnja 2012. godine. Pozivamo Vas da svojim prisustvom uveli\u010date tradicionalnu manifestaciju \u201cPodunavski pje\u0161a\u010dki put Mi\u0161ino Brdo \u2013 Aljma\u0161 \u2013 Erdut\u201c. Program: Do 09,00 sati predvi\u0111en je dolazak planinara autobusima izravno u Aljma\u0161, jutarnja kava u obli\u017enjem restoranu, posjet sveti\u0161tu \u201ePod lipom\u201c, sveta misa u crkvi \u201ePoho\u0111enja Bla\u017eene Djevice Marije\u201c [&hellip;]<\/p>\n","protected":false},"author":1,"featured_media":0,"comment_status":"closed","ping_status":"open","sticky":false,"template":"","format":"standard","meta":{"_et_pb_use_builder":"on","_et_pb_old_content":"","_et_gb_content_width":"1080","footnotes":""},"categories":[26],"tags":[],"class_list":["post-1423","post","type-post","status-publish","format-standard","hentry","category-26"],"_links":{"self":[{"href":"https:\/\/www.slavonski-planinari.hr\/arhiva\/wp-json\/wp\/v2\/posts\/1423","targetHints":{"allow":["GET"]}}],"collection":[{"href":"https:\/\/www.slavonski-planinari.hr\/arhiva\/wp-json\/wp\/v2\/posts"}],"about":[{"href":"https:\/\/www.slavonski-planinari.hr\/arhiva\/wp-json\/wp\/v2\/types\/post"}],"author":[{"embeddable":true,"href":"https:\/\/www.slavonski-planinari.hr\/arhiva\/wp-json\/wp\/v2\/users\/1"}],"replies":[{"embeddable":true,"href":"https:\/\/www.slavonski-planinari.hr\/arhiva\/wp-json\/wp\/v2\/comments?post=1423"}],"version-history":[{"count":0,"href":"https:\/\/www.slavonski-planinari.hr\/arhiva\/wp-json\/wp\/v2\/posts\/1423\/revisions"}],"wp:attachment":[{"href":"https:\/\/www.slavonski-planinari.hr\/arhiva\/wp-json\/wp\/v2\/media?parent=1423"}],"wp:term":[{"taxonomy":"category","embeddable":true,"href":"https:\/\/www.slavonski-planinari.hr\/arhiva\/wp-json\/wp\/v2\/categories?post=1423"},{"taxonomy":"post_tag","embeddable":true,"href":"https:\/\/www.slavonski-planinari.hr\/arhiva\/wp-json\/wp\/v2\/tags?post=1423"}],"curies":[{"name":"wp","href":"https:\/\/api.w.org\/{rel}","templated":true}]}}