{"id":1420,"date":"2012-04-03T13:12:00","date_gmt":"2012-04-03T12:12:00","guid":{"rendered":"https:\/\/www.slavonski-planinari.hr\/arhiva\/?p=1420"},"modified":"2023-01-02T13:14:51","modified_gmt":"2023-01-02T12:14:51","slug":"zbrdazdola-otvorena-druga-tema","status":"publish","type":"post","link":"https:\/\/www.slavonski-planinari.hr\/arhiva\/zbrdazdola-otvorena-druga-tema\/","title":{"rendered":"Zbrdazdola &#8211; otvorena druga tema"},"content":{"rendered":"<p>[et_pb_section fb_built=&#8221;1&#8243; _builder_version=&#8221;4.19.4&#8243; _module_preset=&#8221;default&#8221; custom_padding=&#8221;4px||72px|||&#8221; global_colors_info=&#8221;{}&#8221; theme_builder_area=&#8221;post_content&#8221;][et_pb_row _builder_version=&#8221;4.19.4&#8243; _module_preset=&#8221;default&#8221; global_colors_info=&#8221;{}&#8221; theme_builder_area=&#8221;post_content&#8221;][et_pb_column type=&#8221;4_4&#8243; _builder_version=&#8221;4.19.4&#8243; _module_preset=&#8221;default&#8221; global_colors_info=&#8221;{}&#8221; theme_builder_area=&#8221;post_content&#8221;][et_pb_text _builder_version=&#8221;4.19.4&#8243; _module_preset=&#8221;default&#8221; hover_enabled=&#8221;0&#8243; global_colors_info=&#8221;{}&#8221; theme_builder_area=&#8221;post_content&#8221; sticky_enabled=&#8221;0&#8243;]<\/p>\n<div class=\"itemIntroText\">\n<p style=\"text-align: justify;\"><img loading=\"lazy\" decoding=\"async\" src=\"https:\/\/www.slavonski-planinari.hr\/arhiva\/wp-content\/uploads\/2023\/01\/festivalm.jpg\" width=\"171\" height=\"121\" alt=\"\" class=\"wp-image-1409 alignleft size-full\" \/>Prva tema na\u0161eg festivala je zaklju\u010dena a radovi poslani \u010dlanovima\u00a0Ocjenjiva\u010dkog suda. I dalje ih mo\u017eete vidjeti u izborniku<span>\u00a0<\/span><a href=\"http:\/\/www.slavonski-planinarski-savez.hr\/index.php\/digitalni-foto-festival\/pristigli-radovi\">Digitalni foto\u00a0festival &#8211; Pristigli radovi<\/a>.<\/p>\n<p style=\"text-align: justify;\">Od 1. travnja do 30. lipnja otvorena je druga tema:<span>\u00a0<\/span><strong>STARE GRADINE U\u00a0SLAVONSKOM GORJU<\/strong>.<\/p>\n<\/div>\n<div class=\"itemFullText\">\n<p style=\"text-align: justify;\">\n<p style=\"text-align: justify;\">Motiva je na pretek, nestrpljivo o\u010dekujemo va\u0161e radove. \u010cim se pojave prvi\u00a0radovi na novu temu,\u00a0biti \u0107e prikazani u galeriji.<\/p>\n<\/div>\n<p>[\/et_pb_text][\/et_pb_column][\/et_pb_row][\/et_pb_section]<\/p>\n","protected":false},"excerpt":{"rendered":"<p>Prva tema na\u0161eg festivala je zaklju\u010dena a radovi poslani \u010dlanovima\u00a0Ocjenjiva\u010dkog suda. I dalje ih mo\u017eete vidjeti u izborniku\u00a0Digitalni foto\u00a0festival &#8211; Pristigli radovi. Od 1. travnja do 30. lipnja otvorena je druga tema:\u00a0STARE GRADINE U\u00a0SLAVONSKOM GORJU. Motiva je na pretek, nestrpljivo o\u010dekujemo va\u0161e radove. \u010cim se pojave prvi\u00a0radovi na novu temu,\u00a0biti \u0107e prikazani u galeriji.<\/p>\n","protected":false},"author":1,"featured_media":0,"comment_status":"closed","ping_status":"open","sticky":false,"template":"","format":"standard","meta":{"_et_pb_use_builder":"on","_et_pb_old_content":"","_et_gb_content_width":"1080","footnotes":""},"categories":[26],"tags":[],"class_list":["post-1420","post","type-post","status-publish","format-standard","hentry","category-26"],"_links":{"self":[{"href":"https:\/\/www.slavonski-planinari.hr\/arhiva\/wp-json\/wp\/v2\/posts\/1420","targetHints":{"allow":["GET"]}}],"collection":[{"href":"https:\/\/www.slavonski-planinari.hr\/arhiva\/wp-json\/wp\/v2\/posts"}],"about":[{"href":"https:\/\/www.slavonski-planinari.hr\/arhiva\/wp-json\/wp\/v2\/types\/post"}],"author":[{"embeddable":true,"href":"https:\/\/www.slavonski-planinari.hr\/arhiva\/wp-json\/wp\/v2\/users\/1"}],"replies":[{"embeddable":true,"href":"https:\/\/www.slavonski-planinari.hr\/arhiva\/wp-json\/wp\/v2\/comments?post=1420"}],"version-history":[{"count":0,"href":"https:\/\/www.slavonski-planinari.hr\/arhiva\/wp-json\/wp\/v2\/posts\/1420\/revisions"}],"wp:attachment":[{"href":"https:\/\/www.slavonski-planinari.hr\/arhiva\/wp-json\/wp\/v2\/media?parent=1420"}],"wp:term":[{"taxonomy":"category","embeddable":true,"href":"https:\/\/www.slavonski-planinari.hr\/arhiva\/wp-json\/wp\/v2\/categories?post=1420"},{"taxonomy":"post_tag","embeddable":true,"href":"https:\/\/www.slavonski-planinari.hr\/arhiva\/wp-json\/wp\/v2\/tags?post=1420"}],"curies":[{"name":"wp","href":"https:\/\/api.w.org\/{rel}","templated":true}]}}