{"id":1412,"date":"2012-02-07T13:06:00","date_gmt":"2012-02-07T12:06:00","guid":{"rendered":"https:\/\/www.slavonski-planinari.hr\/arhiva\/?p=1412"},"modified":"2023-01-02T13:08:47","modified_gmt":"2023-01-02T12:08:47","slug":"sps-i-na-mobitelima","status":"publish","type":"post","link":"https:\/\/www.slavonski-planinari.hr\/arhiva\/sps-i-na-mobitelima\/","title":{"rendered":"SPS i na mobitelima"},"content":{"rendered":"<p>[et_pb_section fb_built=&#8221;1&#8243; _builder_version=&#8221;4.19.4&#8243; _module_preset=&#8221;default&#8221; custom_padding=&#8221;4px||72px|||&#8221; global_colors_info=&#8221;{}&#8221; theme_builder_area=&#8221;post_content&#8221;][et_pb_row _builder_version=&#8221;4.19.4&#8243; _module_preset=&#8221;default&#8221; global_colors_info=&#8221;{}&#8221; theme_builder_area=&#8221;post_content&#8221;][et_pb_column type=&#8221;4_4&#8243; _builder_version=&#8221;4.19.4&#8243; _module_preset=&#8221;default&#8221; global_colors_info=&#8221;{}&#8221; theme_builder_area=&#8221;post_content&#8221;][et_pb_text _builder_version=&#8221;4.19.4&#8243; _module_preset=&#8221;default&#8221; hover_enabled=&#8221;0&#8243; global_colors_info=&#8221;{}&#8221; theme_builder_area=&#8221;post_content&#8221; sticky_enabled=&#8221;0&#8243;]<\/p>\n<div class=\"itemIntroText\">\n<p style=\"text-align: justify;\"><img loading=\"lazy\" decoding=\"async\" src=\"https:\/\/www.slavonski-planinari.hr\/arhiva\/wp-content\/uploads\/2023\/01\/mob.jpg\" width=\"92\" height=\"62\" alt=\"\" class=\"wp-image-1414 alignleft size-full\" \/>slavonski-planinarski-savez.hr od od prije nekoliko dana, mo\u017eete pratiti i putem pametnih telefona i tablet ure\u0111aja.<\/p>\n<\/div>\n<div class=\"itemFullText\">\n<p style=\"text-align: justify;\">\n<p style=\"text-align: justify;\">Portal je optimiziran za jednostavan i lagan pregled vijesti na Google Android i Apple iOS platformama koje pokre\u0107u sve vi\u0161e pametnih telefona i tablet ra\u010dunala razli\u010ditih proizvo\u0111a\u010da.<\/p>\n<p style=\"text-align: justify;\">Posjetitelji sa tablet ra\u010dunalima biti \u0107e automatski preusmjereni na mobilni izgled portala, a ovisno o veli\u010dini ekrana i rezoluciji mogu birati izme\u0111u mobilnog i klasi\u010dnog pregleda vijesti.<\/p>\n<\/div>\n<p>[\/et_pb_text][\/et_pb_column][\/et_pb_row][\/et_pb_section]<\/p>\n","protected":false},"excerpt":{"rendered":"<p>slavonski-planinarski-savez.hr od od prije nekoliko dana, mo\u017eete pratiti i putem pametnih telefona i tablet ure\u0111aja. Portal je optimiziran za jednostavan i lagan pregled vijesti na Google Android i Apple iOS platformama koje pokre\u0107u sve vi\u0161e pametnih telefona i tablet ra\u010dunala razli\u010ditih proizvo\u0111a\u010da. Posjetitelji sa tablet ra\u010dunalima biti \u0107e automatski preusmjereni na mobilni izgled portala, a [&hellip;]<\/p>\n","protected":false},"author":1,"featured_media":0,"comment_status":"closed","ping_status":"open","sticky":false,"template":"","format":"standard","meta":{"_et_pb_use_builder":"on","_et_pb_old_content":"","_et_gb_content_width":"1080","footnotes":""},"categories":[26],"tags":[],"class_list":["post-1412","post","type-post","status-publish","format-standard","hentry","category-26"],"_links":{"self":[{"href":"https:\/\/www.slavonski-planinari.hr\/arhiva\/wp-json\/wp\/v2\/posts\/1412","targetHints":{"allow":["GET"]}}],"collection":[{"href":"https:\/\/www.slavonski-planinari.hr\/arhiva\/wp-json\/wp\/v2\/posts"}],"about":[{"href":"https:\/\/www.slavonski-planinari.hr\/arhiva\/wp-json\/wp\/v2\/types\/post"}],"author":[{"embeddable":true,"href":"https:\/\/www.slavonski-planinari.hr\/arhiva\/wp-json\/wp\/v2\/users\/1"}],"replies":[{"embeddable":true,"href":"https:\/\/www.slavonski-planinari.hr\/arhiva\/wp-json\/wp\/v2\/comments?post=1412"}],"version-history":[{"count":0,"href":"https:\/\/www.slavonski-planinari.hr\/arhiva\/wp-json\/wp\/v2\/posts\/1412\/revisions"}],"wp:attachment":[{"href":"https:\/\/www.slavonski-planinari.hr\/arhiva\/wp-json\/wp\/v2\/media?parent=1412"}],"wp:term":[{"taxonomy":"category","embeddable":true,"href":"https:\/\/www.slavonski-planinari.hr\/arhiva\/wp-json\/wp\/v2\/categories?post=1412"},{"taxonomy":"post_tag","embeddable":true,"href":"https:\/\/www.slavonski-planinari.hr\/arhiva\/wp-json\/wp\/v2\/tags?post=1412"}],"curies":[{"name":"wp","href":"https:\/\/api.w.org\/{rel}","templated":true}]}}