{"id":1402,"date":"2012-01-24T12:57:00","date_gmt":"2012-01-24T11:57:00","guid":{"rendered":"https:\/\/www.slavonski-planinari.hr\/arhiva\/?p=1402"},"modified":"2023-01-02T13:00:18","modified_gmt":"2023-01-02T12:00:18","slug":"pohod-u-gazije","status":"publish","type":"post","link":"https:\/\/www.slavonski-planinari.hr\/arhiva\/pohod-u-gazije\/","title":{"rendered":"Pohod u Gazije"},"content":{"rendered":"<p>[et_pb_section fb_built=&#8221;1&#8243; _builder_version=&#8221;4.19.4&#8243; _module_preset=&#8221;default&#8221; custom_padding=&#8221;4px||72px|||&#8221; global_colors_info=&#8221;{}&#8221; theme_builder_area=&#8221;post_content&#8221;][et_pb_row _builder_version=&#8221;4.19.4&#8243; _module_preset=&#8221;default&#8221; global_colors_info=&#8221;{}&#8221; theme_builder_area=&#8221;post_content&#8221;][et_pb_column type=&#8221;4_4&#8243; _builder_version=&#8221;4.19.4&#8243; _module_preset=&#8221;default&#8221; global_colors_info=&#8221;{}&#8221; theme_builder_area=&#8221;post_content&#8221;][et_pb_text _builder_version=&#8221;4.19.4&#8243; _module_preset=&#8221;default&#8221; hover_enabled=&#8221;0&#8243; global_colors_info=&#8221;{}&#8221; theme_builder_area=&#8221;post_content&#8221; sticky_enabled=&#8221;0&#8243;]<\/p>\n<div class=\"itemIntroText\">\n<p><img loading=\"lazy\" decoding=\"async\" src=\"https:\/\/www.slavonski-planinari.hr\/arhiva\/wp-content\/uploads\/2023\/01\/gazije.jpg\" width=\"102\" height=\"70\" alt=\"\" class=\"wp-image-1404 alignleft size-full\" \/>Povodom 15 godina rada dru\u0161tva, u nedjelju, 29. sije\u010dnja 2012. u Gazijama se organizira proslava godi\u0161njice.<\/p>\n<p>Protokol programa:<\/p>\n<\/div>\n<div class=\"itemFullText\">\n<p>&nbsp;<\/p>\n<p>&#8211;\u00a0 8,30\u00a0\u00a0 do\u00a0 9,00 sati\u00a0\u00a0\u00a0\u00a0 do\u010dek gostiju planinara (uz pozdravnu rije\u010d organizatora)<br \/>&#8211;\u00a0 9,00\u00a0\u00a0 do 13,00 sati \u00a0\u00a0 planinarenje<br \/>&#8211; 13,00\u00a0 do 14,00 sati\u00a0\u00a0\u00a0 ru\u010dak i dodjela zahvalnica<br \/>&#8211; 14,00\u00a0 do 14,30 sati\u00a0\u00a0\u00a0 dijapozitivi s\u00a0 Olimpa (Ivica Kramari\u0107)\u00a0\u00a0\u00a0 \u00a0\u00a0\u00a0<br \/>&#8211; po zavr\u0161etku slijedi \u00a0\u00a0\u00a0\u00a0 glazbeno popodne<\/p>\n<p>&nbsp;<\/p>\n<p><strong>INFO<\/strong><br \/>Branko 098\/805-516<br \/>Tomo\u00a0\u00a0 098\/135-9956<\/p>\n<\/div>\n<p>[\/et_pb_text][\/et_pb_column][\/et_pb_row][\/et_pb_section]<\/p>\n","protected":false},"excerpt":{"rendered":"<p>Povodom 15 godina rada dru\u0161tva, u nedjelju, 29. sije\u010dnja 2012. u Gazijama se organizira proslava godi\u0161njice. Protokol programa: &nbsp; &#8211;\u00a0 8,30\u00a0\u00a0 do\u00a0 9,00 sati\u00a0\u00a0\u00a0\u00a0 do\u010dek gostiju planinara (uz pozdravnu rije\u010d organizatora)-\u00a0 9,00\u00a0\u00a0 do 13,00 sati \u00a0\u00a0 planinarenje- 13,00\u00a0 do 14,00 sati\u00a0\u00a0\u00a0 ru\u010dak i dodjela zahvalnica- 14,00\u00a0 do 14,30 sati\u00a0\u00a0\u00a0 dijapozitivi s\u00a0 Olimpa (Ivica Kramari\u0107)\u00a0\u00a0\u00a0 \u00a0\u00a0\u00a0&#8211; [&hellip;]<\/p>\n","protected":false},"author":1,"featured_media":0,"comment_status":"closed","ping_status":"open","sticky":false,"template":"","format":"standard","meta":{"_et_pb_use_builder":"on","_et_pb_old_content":"","_et_gb_content_width":"1080","footnotes":""},"categories":[26],"tags":[],"class_list":["post-1402","post","type-post","status-publish","format-standard","hentry","category-26"],"_links":{"self":[{"href":"https:\/\/www.slavonski-planinari.hr\/arhiva\/wp-json\/wp\/v2\/posts\/1402","targetHints":{"allow":["GET"]}}],"collection":[{"href":"https:\/\/www.slavonski-planinari.hr\/arhiva\/wp-json\/wp\/v2\/posts"}],"about":[{"href":"https:\/\/www.slavonski-planinari.hr\/arhiva\/wp-json\/wp\/v2\/types\/post"}],"author":[{"embeddable":true,"href":"https:\/\/www.slavonski-planinari.hr\/arhiva\/wp-json\/wp\/v2\/users\/1"}],"replies":[{"embeddable":true,"href":"https:\/\/www.slavonski-planinari.hr\/arhiva\/wp-json\/wp\/v2\/comments?post=1402"}],"version-history":[{"count":0,"href":"https:\/\/www.slavonski-planinari.hr\/arhiva\/wp-json\/wp\/v2\/posts\/1402\/revisions"}],"wp:attachment":[{"href":"https:\/\/www.slavonski-planinari.hr\/arhiva\/wp-json\/wp\/v2\/media?parent=1402"}],"wp:term":[{"taxonomy":"category","embeddable":true,"href":"https:\/\/www.slavonski-planinari.hr\/arhiva\/wp-json\/wp\/v2\/categories?post=1402"},{"taxonomy":"post_tag","embeddable":true,"href":"https:\/\/www.slavonski-planinari.hr\/arhiva\/wp-json\/wp\/v2\/tags?post=1402"}],"curies":[{"name":"wp","href":"https:\/\/api.w.org\/{rel}","templated":true}]}}