{"id":1397,"date":"2012-01-22T12:50:00","date_gmt":"2012-01-22T11:50:00","guid":{"rendered":"https:\/\/www.slavonski-planinari.hr\/arhiva\/?p=1397"},"modified":"2023-01-02T12:55:16","modified_gmt":"2023-01-02T11:55:16","slug":"sastanak-predsjednika-drustava-clanica-sps","status":"publish","type":"post","link":"https:\/\/www.slavonski-planinari.hr\/arhiva\/sastanak-predsjednika-drustava-clanica-sps\/","title":{"rendered":"Sastanak predsjednika dru\u0161tava \u010dlanica SPS"},"content":{"rendered":"<p>[et_pb_section fb_built=&#8221;1&#8243; _builder_version=&#8221;4.19.4&#8243; _module_preset=&#8221;default&#8221; custom_padding=&#8221;4px||72px|||&#8221; global_colors_info=&#8221;{}&#8221; theme_builder_area=&#8221;post_content&#8221;][et_pb_row _builder_version=&#8221;4.19.4&#8243; _module_preset=&#8221;default&#8221; global_colors_info=&#8221;{}&#8221; theme_builder_area=&#8221;post_content&#8221;][et_pb_column type=&#8221;4_4&#8243; _builder_version=&#8221;4.19.4&#8243; _module_preset=&#8221;default&#8221; global_colors_info=&#8221;{}&#8221; theme_builder_area=&#8221;post_content&#8221;][et_pb_text _builder_version=&#8221;4.19.4&#8243; _module_preset=&#8221;default&#8221; hover_enabled=&#8221;0&#8243; global_colors_info=&#8221;{}&#8221; theme_builder_area=&#8221;post_content&#8221; sticky_enabled=&#8221;0&#8243;]<\/p>\n<div class=\"itemIntroText\">\n<p style=\"text-align: justify;\"><img loading=\"lazy\" decoding=\"async\" src=\"https:\/\/www.slavonski-planinari.hr\/arhiva\/wp-content\/uploads\/2023\/01\/sps1a.jpg\" width=\"136\" height=\"96\" alt=\"\" class=\"wp-image-1399 alignleft size-full\" \/>U subotu, 14.01.2012. odr\u017ean je sastanak UO SPS a odmah nakon njega i predsjednika dru\u0161tava \u010dlanica SPS, u pl. domu \u0110uro Pilar u Sl. Brodu. Bio je to prvi sastanak takve vrste a doma\u0107ini iz HPD Dilj gora su se potrudili da imamo sve uvjete za rad i na tome im veliko hvala. Na sastanak su se odazvali predsjednici ili zastupnici 19 \u010dlanica\u00a0 i UO SPS.<\/p>\n<\/div>\n<div class=\"itemFullText\">\n<p style=\"text-align: justify;\">\n<p style=\"text-align: justify;\">\n<p style=\"text-align: justify;\">Povjerenik za markaciste, Berislav Tkalac, informirao je prisutne o problematici odr\u017eavanja SPP i drugih planinarskih puteva. Potrebno je u\u010diniti dodatni napor da se\u00a0 zavr\u0161i a\u017euriranje popisa markacista, planinarskih putova i obilaznica u nadle\u017enosti \u010dlanica SPS. Predsjednik SPS-a Otmar Tosenberger \u0107e, u ime svih \u010dlanica SPS-a, sudjelovati u inicijativama o zakonskom reguliranju planinarskih putova i vodi\u010dke slu\u017ebe, uz obavezu redovitog informiranja i tra\u017eenja mi\u0161ljenja prije svake va\u017ene odluke.<\/p>\n<p style=\"text-align: justify;\">\n<p style=\"text-align: justify;\">Na inicijativu Stanice vodi\u010da, predlo\u017een je koncept odr\u017eavanja op\u0107e planinarske \u0161kole\u00a0 u 4 godi\u0161nja termina (2 proljetna i 2 jesenska) na razli\u010ditim mjestima (Osijek, isto\u010dno, sredi\u0161nje i zapadno podru\u010dje). Listu predava\u010da \u0107e sa\u010diniti Stanica planinarskih vodi\u010da Slavonije i Komisija za \u0161kolovanje SPS. Njihov je zadatak da naprave Program provo\u0111enja Op\u0107e planinarske \u0161kole i uvo\u0111enja obaveze \u0161kolovanja sa svim detaljima koji \u0107e se usvojiti na skup\u0161tini SPS-a u o\u017eujku.<\/p>\n<p style=\"text-align: justify;\">\n<p style=\"text-align: justify;\">O aktivnostima Komisije za povijest planinarstva Slavonije i informativnu djelatnost izmjestio je \u0110or\u0111e Bali\u0107. Putem projektora je predstavljena web stranica SPS i nagla\u0161ena potreba da ju \u010dlanice i pojedinci maksimalno koriste za\u00a0 informiranje o svom radu, najave akcija i izleta, kroz forum , natje\u010daje itd. Posebno je predstavljen novopokrenuti natje\u010daj za digitalnu planinarsku fotografiju na web stranici. Najavljena su dva izdava\u010dka projekta: &#8220;100 godina Slavonskog planinarstva&#8221; \u0110or\u0111a Bali\u0107a\u00a0 i Planinarskog vodi\u010da po Slavoniji i Baranji autora Berislava Tkalca. Prva knjiga bi trebala iza\u0107i ove a druga vjerojatno slijede\u0107e godine.<\/p>\n<p style=\"text-align: justify;\"><img loading=\"lazy\" decoding=\"async\" src=\"https:\/\/www.slavonski-planinari.hr\/arhiva\/wp-content\/uploads\/2023\/01\/sps2a.jpg\" width=\"521\" height=\"354\" alt=\"\" class=\"wp-image-1400 aligncenter size-full\" srcset=\"https:\/\/www.slavonski-planinari.hr\/arhiva\/wp-content\/uploads\/2023\/01\/sps2a.jpg 521w, https:\/\/www.slavonski-planinari.hr\/arhiva\/wp-content\/uploads\/2023\/01\/sps2a-480x326.jpg 480w\" sizes=\"(min-width: 0px) and (max-width: 480px) 480px, (min-width: 481px) 521px, 100vw\" \/><\/p>\n<p style=\"text-align: justify;\">Prikuplja se gra\u0111a za muzejsku zbirku slavonskog planinarstva pa su pozvani svi koji raspola\u017eu zanimljivom gra\u0111om ili znaju gdje bi se mogla prona\u0107i da stupe u kontakt s komisijom radi evidentiranja i, po mogu\u0107nosti, preuzimanja iste.<\/p>\n<p style=\"text-align: justify;\">\n<p style=\"text-align: justify;\">Upu\u0107en je poziv dru\u0161tvima \u010dlanicama da daju svoj prijedlog za priznanja zaslu\u017enim \u010dlanovima. Prijedlozi \u0107e odmah biti upu\u0107eni Komisiji za priznanja, koja \u0107e donijeti odluku kome treba priznanje biti dodijeljeno, a dodjela \u0107e se obaviti na skup\u0161tini u o\u017eujku 2012. godine.<\/p>\n<p style=\"text-align: justify;\">\n<p style=\"text-align: justify;\">\u0160iroka rasprava se vodila oko utvr\u0111ivanja kalendara va\u017enih planinarskih doga\u0111anja na podru\u010dju SPS, problematici preklapanja\u00a0 i sl. Zaklju\u010deno je da \u0107e u kalendar u\u0107i akcije SPS i one akcije-manifestacije koje organizatori ponude planinarima iz svih dru\u0161tva.\u00a0 Kalendar \u0107e se utvr\u0111ivati na sastancima predsjednika \u010dlanica SPS koji \u0107e se odr\u017eavati zadnje subote u listopadu.<\/p>\n<p style=\"text-align: justify;\">\n<p style=\"text-align: justify;\">Mnoga dru\u0161tva nisu uplatila \u010dlanski doprinos za proteklu godinu pa su pozvana da to u\u010dine prije skup\u0161tine. Raspravljen je i novi prijedlog financiranja rada SPS. Obzirom da je jedini siguran prihod od \u010dlanskog doprinosa, predlo\u017een je novi na\u010din obra\u010duna istog. Predlo\u017eeno je da se kroz \u010dlanski doprinos ostvari oko 1\/3 planiranih sredstava \u0161to bi dalo osnovnu sigurnost rada SPS. Ostatak bi se namaknuo kroz natje\u010daje, donacije, prodaju dnevnika, izdava\u010dku djelatnost itd.<\/p>\n<p style=\"text-align: justify;\">\n<p style=\"text-align: justify;\">Dogovoreno je da se novi \u010dlanski doprinos za godinu dana obra\u010dunava prema broju \u010dlanova u prethodnoj godini i to: 5,00 kn po broju seniora i 3,00 kn po broju juniora-umirovljenika. Odluku o novom \u010dlanskom doprinosu donijet \u0107e Skup\u0161tina SPS-a u 3.o\u017eujka 2012. a odnosit \u0107e se na 2012. godinu i dalje.<\/p>\n<\/div>\n<p>[\/et_pb_text][\/et_pb_column][\/et_pb_row][\/et_pb_section]<\/p>\n","protected":false},"excerpt":{"rendered":"<p>U subotu, 14.01.2012. odr\u017ean je sastanak UO SPS a odmah nakon njega i predsjednika dru\u0161tava \u010dlanica SPS, u pl. domu \u0110uro Pilar u Sl. Brodu. Bio je to prvi sastanak takve vrste a doma\u0107ini iz HPD Dilj gora su se potrudili da imamo sve uvjete za rad i na tome im veliko hvala. Na sastanak [&hellip;]<\/p>\n","protected":false},"author":1,"featured_media":0,"comment_status":"closed","ping_status":"open","sticky":false,"template":"","format":"standard","meta":{"_et_pb_use_builder":"on","_et_pb_old_content":"","_et_gb_content_width":"1080","footnotes":""},"categories":[26],"tags":[],"class_list":["post-1397","post","type-post","status-publish","format-standard","hentry","category-26"],"_links":{"self":[{"href":"https:\/\/www.slavonski-planinari.hr\/arhiva\/wp-json\/wp\/v2\/posts\/1397","targetHints":{"allow":["GET"]}}],"collection":[{"href":"https:\/\/www.slavonski-planinari.hr\/arhiva\/wp-json\/wp\/v2\/posts"}],"about":[{"href":"https:\/\/www.slavonski-planinari.hr\/arhiva\/wp-json\/wp\/v2\/types\/post"}],"author":[{"embeddable":true,"href":"https:\/\/www.slavonski-planinari.hr\/arhiva\/wp-json\/wp\/v2\/users\/1"}],"replies":[{"embeddable":true,"href":"https:\/\/www.slavonski-planinari.hr\/arhiva\/wp-json\/wp\/v2\/comments?post=1397"}],"version-history":[{"count":0,"href":"https:\/\/www.slavonski-planinari.hr\/arhiva\/wp-json\/wp\/v2\/posts\/1397\/revisions"}],"wp:attachment":[{"href":"https:\/\/www.slavonski-planinari.hr\/arhiva\/wp-json\/wp\/v2\/media?parent=1397"}],"wp:term":[{"taxonomy":"category","embeddable":true,"href":"https:\/\/www.slavonski-planinari.hr\/arhiva\/wp-json\/wp\/v2\/categories?post=1397"},{"taxonomy":"post_tag","embeddable":true,"href":"https:\/\/www.slavonski-planinari.hr\/arhiva\/wp-json\/wp\/v2\/tags?post=1397"}],"curies":[{"name":"wp","href":"https:\/\/api.w.org\/{rel}","templated":true}]}}