{"id":1382,"date":"2011-12-19T12:13:00","date_gmt":"2011-12-19T11:13:00","guid":{"rendered":"https:\/\/www.slavonski-planinari.hr\/arhiva\/?p=1382"},"modified":"2023-01-02T12:16:05","modified_gmt":"2023-01-02T11:16:05","slug":"dragi-prijatelji-i-planinari","status":"publish","type":"post","link":"https:\/\/www.slavonski-planinari.hr\/arhiva\/dragi-prijatelji-i-planinari\/","title":{"rendered":"Dragi prijatelji i planinari!"},"content":{"rendered":"<p>[et_pb_section fb_built=&#8221;1&#8243; _builder_version=&#8221;4.19.4&#8243; _module_preset=&#8221;default&#8221; custom_padding=&#8221;4px||72px|||&#8221; global_colors_info=&#8221;{}&#8221; theme_builder_area=&#8221;post_content&#8221;][et_pb_row _builder_version=&#8221;4.19.4&#8243; _module_preset=&#8221;default&#8221; global_colors_info=&#8221;{}&#8221; theme_builder_area=&#8221;post_content&#8221;][et_pb_column type=&#8221;4_4&#8243; _builder_version=&#8221;4.19.4&#8243; _module_preset=&#8221;default&#8221; global_colors_info=&#8221;{}&#8221; theme_builder_area=&#8221;post_content&#8221;][et_pb_text _builder_version=&#8221;4.19.4&#8243; _module_preset=&#8221;default&#8221; hover_enabled=&#8221;0&#8243; global_colors_info=&#8221;{}&#8221; theme_builder_area=&#8221;post_content&#8221; sticky_enabled=&#8221;0&#8243;]<\/p>\n<p style=\"text-align: justify;\"><img loading=\"lazy\" decoding=\"async\" src=\"https:\/\/www.slavonski-planinari.hr\/arhiva\/wp-content\/uploads\/2023\/01\/pd.jpg\" width=\"159\" height=\"227\" alt=\"\" class=\"wp-image-1384 alignleft size-full\" srcset=\"https:\/\/www.slavonski-planinari.hr\/arhiva\/wp-content\/uploads\/2023\/01\/pd.jpg 225w, https:\/\/www.slavonski-planinari.hr\/arhiva\/wp-content\/uploads\/2023\/01\/pd-210x300.jpg 210w\" sizes=\"(max-width: 159px) 100vw, 159px\" \/>Na\u0161 prijatelj i predsjednik PD \u201ePsunj\u201c Ivan Martinovi\u0107 tragi\u010dno je preminuo 17. prosinca na putu od,\u00a0 njemu voljenog planinarskog doma \u201eOmanovac\u201c\u00a0 prema svojoj obitelji i svom gradu Pakracu sudjelovav\u0161i kao i svake godina na memorijalnom pohodu \u201eFokinom stazom &#8211; 1991.\u201c.<\/p>\n<p style=\"text-align: justify;\">Zadnji ispra\u0107aj na\u0161eg dragog Ive bit \u0107e odr\u017ean 20. prosinca (utorak) na pakra\u010dkom rimokatoli\u010dkom groblju u 15 sati.<\/p>\n<p>[\/et_pb_text][\/et_pb_column][\/et_pb_row][\/et_pb_section]<\/p>\n","protected":false},"excerpt":{"rendered":"<p>Na\u0161 prijatelj i predsjednik PD \u201ePsunj\u201c Ivan Martinovi\u0107 tragi\u010dno je preminuo 17. prosinca na putu od,\u00a0 njemu voljenog planinarskog doma \u201eOmanovac\u201c\u00a0 prema svojoj obitelji i svom gradu Pakracu sudjelovav\u0161i kao i svake godina na memorijalnom pohodu \u201eFokinom stazom &#8211; 1991.\u201c. Zadnji ispra\u0107aj na\u0161eg dragog Ive bit \u0107e odr\u017ean 20. prosinca (utorak) na pakra\u010dkom rimokatoli\u010dkom groblju [&hellip;]<\/p>\n","protected":false},"author":1,"featured_media":0,"comment_status":"closed","ping_status":"open","sticky":false,"template":"","format":"standard","meta":{"_et_pb_use_builder":"on","_et_pb_old_content":"","_et_gb_content_width":"1080","footnotes":""},"categories":[25],"tags":[],"class_list":["post-1382","post","type-post","status-publish","format-standard","hentry","category-25"],"_links":{"self":[{"href":"https:\/\/www.slavonski-planinari.hr\/arhiva\/wp-json\/wp\/v2\/posts\/1382","targetHints":{"allow":["GET"]}}],"collection":[{"href":"https:\/\/www.slavonski-planinari.hr\/arhiva\/wp-json\/wp\/v2\/posts"}],"about":[{"href":"https:\/\/www.slavonski-planinari.hr\/arhiva\/wp-json\/wp\/v2\/types\/post"}],"author":[{"embeddable":true,"href":"https:\/\/www.slavonski-planinari.hr\/arhiva\/wp-json\/wp\/v2\/users\/1"}],"replies":[{"embeddable":true,"href":"https:\/\/www.slavonski-planinari.hr\/arhiva\/wp-json\/wp\/v2\/comments?post=1382"}],"version-history":[{"count":0,"href":"https:\/\/www.slavonski-planinari.hr\/arhiva\/wp-json\/wp\/v2\/posts\/1382\/revisions"}],"wp:attachment":[{"href":"https:\/\/www.slavonski-planinari.hr\/arhiva\/wp-json\/wp\/v2\/media?parent=1382"}],"wp:term":[{"taxonomy":"category","embeddable":true,"href":"https:\/\/www.slavonski-planinari.hr\/arhiva\/wp-json\/wp\/v2\/categories?post=1382"},{"taxonomy":"post_tag","embeddable":true,"href":"https:\/\/www.slavonski-planinari.hr\/arhiva\/wp-json\/wp\/v2\/tags?post=1382"}],"curies":[{"name":"wp","href":"https:\/\/api.w.org\/{rel}","templated":true}]}}