{"id":1374,"date":"2011-12-19T12:08:00","date_gmt":"2011-12-19T11:08:00","guid":{"rendered":"https:\/\/www.slavonski-planinari.hr\/arhiva\/?p=1374"},"modified":"2023-01-02T12:12:51","modified_gmt":"2023-01-02T11:12:51","slug":"16-memorijalni-pohod-fokinim-stazom-1991","status":"publish","type":"post","link":"https:\/\/www.slavonski-planinari.hr\/arhiva\/16-memorijalni-pohod-fokinim-stazom-1991\/","title":{"rendered":"16. memorijalni pohod &#8220;Fokinim stazom 1991&#8221;"},"content":{"rendered":"<p>[et_pb_section fb_built=&#8221;1&#8243; _builder_version=&#8221;4.19.4&#8243; _module_preset=&#8221;default&#8221; custom_padding=&#8221;4px||72px|||&#8221; global_colors_info=&#8221;{}&#8221; theme_builder_area=&#8221;post_content&#8221;][et_pb_row _builder_version=&#8221;4.19.4&#8243; _module_preset=&#8221;default&#8221; global_colors_info=&#8221;{}&#8221; theme_builder_area=&#8221;post_content&#8221;][et_pb_column type=&#8221;4_4&#8243; _builder_version=&#8221;4.19.4&#8243; _module_preset=&#8221;default&#8221; global_colors_info=&#8221;{}&#8221; theme_builder_area=&#8221;post_content&#8221;][et_pb_text _builder_version=&#8221;4.19.4&#8243; _module_preset=&#8221;default&#8221; hover_enabled=&#8221;0&#8243; global_colors_info=&#8221;{}&#8221; theme_builder_area=&#8221;post_content&#8221; sticky_enabled=&#8221;0&#8243;]<\/p>\n<div class=\"itemIntroText\">\n<p style=\"text-align: justify;\"><img loading=\"lazy\" decoding=\"async\" src=\"https:\/\/www.slavonski-planinari.hr\/arhiva\/wp-content\/uploads\/2023\/01\/foka1.jpg\" width=\"168\" height=\"115\" alt=\"\" class=\"wp-image-1376 alignleft size-full\" srcset=\"https:\/\/www.slavonski-planinari.hr\/arhiva\/wp-content\/uploads\/2023\/01\/foka1.jpg 321w, https:\/\/www.slavonski-planinari.hr\/arhiva\/wp-content\/uploads\/2023\/01\/foka1-300x207.jpg 300w\" sizes=\"(max-width: 168px) 100vw, 168px\" \/>Subotnje jutro 17.12.2011. snijeg obilno pada i ve\u0107 ga ima na zemlji, a temperatura je oko 2\u00b0 C. Danas je pohod &#8220;Fokinom stazom 1991&#8221; i\u0107i ili ne mnogi su se dvoumili kad su vidjeli vrijeme iako je bila takva prognoza.<\/p>\n<\/div>\n<div class=\"itemFullText\">\n<p style=\"text-align: justify;\">\n<p style=\"text-align: justify;\">Ipak oni hrabri obukli su prikladnu obu\u0107u i odje\u0107u te se okupili na mjestu okupljanja. Sve u svemu okupilo se preko 200 polaznika pohoda (to\u010dnije 215 polaznika prema evidenciji \u017darka Ro\u010deka) iz vi\u0161e planinarskih dru\u0161tava i ostalih udruga kao i gra\u0111ana Pakraca i Lipika.<\/p>\n<p style=\"text-align: justify;\"><img loading=\"lazy\" decoding=\"async\" src=\"https:\/\/www.slavonski-planinari.hr\/arhiva\/wp-content\/uploads\/2023\/01\/foka2.jpg\" width=\"521\" height=\"355\" alt=\"\" class=\"wp-image-1377 aligncenter size-full\" srcset=\"https:\/\/www.slavonski-planinari.hr\/arhiva\/wp-content\/uploads\/2023\/01\/foka2.jpg 521w, https:\/\/www.slavonski-planinari.hr\/arhiva\/wp-content\/uploads\/2023\/01\/foka2-480x327.jpg 480w\" sizes=\"(min-width: 0px) and (max-width: 480px) 480px, (min-width: 481px) 521px, 100vw\" \/><\/p>\n<p style=\"text-align: justify;\">Krenulo se 9:30 tradicionalnom stazom do spomenika braniteljima koji su zajedno sa Marijanom Kulhavijom-Fokom poginuli 1991.g. Nakon polaganja vijenaca i paljenja svije\u0107a kratko nam se obratio zamjenik gradona\u010delnika grada Pakraca Nikola \u0160imi\u0107 koji je upoznao prisutne sa povije\u0161\u0107u i razlozima ovog pohoda u \u010dast na pogibiju branitelja i \u010dlana na\u0161eg dru\u0161tva Marijana Kulhavog-Foke zajedno sa \u0161estoricom Bjelovarskih branitelja.<\/p>\n<p style=\"text-align: justify;\"><img loading=\"lazy\" decoding=\"async\" src=\"https:\/\/www.slavonski-planinari.hr\/arhiva\/wp-content\/uploads\/2023\/01\/foka3.jpg\" width=\"521\" height=\"355\" alt=\"\" class=\"wp-image-1378 aligncenter size-full\" srcset=\"https:\/\/www.slavonski-planinari.hr\/arhiva\/wp-content\/uploads\/2023\/01\/foka3.jpg 521w, https:\/\/www.slavonski-planinari.hr\/arhiva\/wp-content\/uploads\/2023\/01\/foka3-480x327.jpg 480w\" sizes=\"(min-width: 0px) and (max-width: 480px) 480px, (min-width: 481px) 521px, 100vw\" \/><\/p>\n<p style=\"text-align: justify;\">Nakon toga polazimo prema planinarskom domu Omanovac. Snijeg polako jenjava ali je na stazi blato. Dolazimo do odmori\u0161ta Trome\u0111a. Ovdje se grupa razdvaja. Jedni idu kroz \u0161umu, a jedni cestom.<\/p>\n<p style=\"text-align: justify;\"><img loading=\"lazy\" decoding=\"async\" src=\"https:\/\/www.slavonski-planinari.hr\/arhiva\/wp-content\/uploads\/2023\/01\/foka4.jpg\" width=\"521\" height=\"354\" alt=\"\" class=\"wp-image-1379 aligncenter size-full\" srcset=\"https:\/\/www.slavonski-planinari.hr\/arhiva\/wp-content\/uploads\/2023\/01\/foka4.jpg 521w, https:\/\/www.slavonski-planinari.hr\/arhiva\/wp-content\/uploads\/2023\/01\/foka4-480x326.jpg 480w\" sizes=\"(min-width: 0px) and (max-width: 480px) 480px, (min-width: 481px) 521px, 100vw\" \/><\/p>\n<p style=\"text-align: justify;\">Na Omanovac sti\u017eemo nakon dva i pol do tri sata hoda pomalo umorni gdje nas je do\u010dekao topli \u010daj i grah, te topla sala doma koja je uvijek premalena za ovoliki odaziv pa smo ove godine vani postavili i veliki \u0161ator sa klupama i stolovima. U domu je za bolji ugo\u0111aj svirao Ga\u0161o na klavijaturama tako da bez obzira na umor bilo je i plesa. Neki su se uz dru\u017eenje zadr\u017eali i duboko u no\u0107 dok su drugi za dana krenuli prema Pakracu. Tako je zavr\u0161io i ovaj tradicionalni 16. memorijalni pohod &#8220;Fokinom stazom 1991&#8221;.<\/p>\n<p style=\"text-align: justify;\"><img loading=\"lazy\" decoding=\"async\" src=\"https:\/\/www.slavonski-planinari.hr\/arhiva\/wp-content\/uploads\/2023\/01\/foka5.jpg\" width=\"521\" height=\"356\" alt=\"\" class=\"wp-image-1380 aligncenter size-full\" srcset=\"https:\/\/www.slavonski-planinari.hr\/arhiva\/wp-content\/uploads\/2023\/01\/foka5.jpg 521w, https:\/\/www.slavonski-planinari.hr\/arhiva\/wp-content\/uploads\/2023\/01\/foka5-480x328.jpg 480w\" sizes=\"(min-width: 0px) and (max-width: 480px) 480px, (min-width: 481px) 521px, 100vw\" \/><\/p>\n<p style=\"text-align: justify;\">\u010clanovi na\u0161eg dru\u0161tva zahvaljuju se svim u\u010desnicima ovogodi\u0161njeg pohoda.<\/p>\n<\/div>\n<p>[\/et_pb_text][\/et_pb_column][\/et_pb_row][\/et_pb_section]<\/p>\n","protected":false},"excerpt":{"rendered":"<p>Subotnje jutro 17.12.2011. snijeg obilno pada i ve\u0107 ga ima na zemlji, a temperatura je oko 2\u00b0 C. Danas je pohod &#8220;Fokinom stazom 1991&#8221; i\u0107i ili ne mnogi su se dvoumili kad su vidjeli vrijeme iako je bila takva prognoza. Ipak oni hrabri obukli su prikladnu obu\u0107u i odje\u0107u te se okupili na mjestu okupljanja. [&hellip;]<\/p>\n","protected":false},"author":1,"featured_media":0,"comment_status":"closed","ping_status":"open","sticky":false,"template":"","format":"standard","meta":{"_et_pb_use_builder":"on","_et_pb_old_content":"","_et_gb_content_width":"1080","footnotes":""},"categories":[25],"tags":[],"class_list":["post-1374","post","type-post","status-publish","format-standard","hentry","category-25"],"_links":{"self":[{"href":"https:\/\/www.slavonski-planinari.hr\/arhiva\/wp-json\/wp\/v2\/posts\/1374","targetHints":{"allow":["GET"]}}],"collection":[{"href":"https:\/\/www.slavonski-planinari.hr\/arhiva\/wp-json\/wp\/v2\/posts"}],"about":[{"href":"https:\/\/www.slavonski-planinari.hr\/arhiva\/wp-json\/wp\/v2\/types\/post"}],"author":[{"embeddable":true,"href":"https:\/\/www.slavonski-planinari.hr\/arhiva\/wp-json\/wp\/v2\/users\/1"}],"replies":[{"embeddable":true,"href":"https:\/\/www.slavonski-planinari.hr\/arhiva\/wp-json\/wp\/v2\/comments?post=1374"}],"version-history":[{"count":0,"href":"https:\/\/www.slavonski-planinari.hr\/arhiva\/wp-json\/wp\/v2\/posts\/1374\/revisions"}],"wp:attachment":[{"href":"https:\/\/www.slavonski-planinari.hr\/arhiva\/wp-json\/wp\/v2\/media?parent=1374"}],"wp:term":[{"taxonomy":"category","embeddable":true,"href":"https:\/\/www.slavonski-planinari.hr\/arhiva\/wp-json\/wp\/v2\/categories?post=1374"},{"taxonomy":"post_tag","embeddable":true,"href":"https:\/\/www.slavonski-planinari.hr\/arhiva\/wp-json\/wp\/v2\/tags?post=1374"}],"curies":[{"name":"wp","href":"https:\/\/api.w.org\/{rel}","templated":true}]}}