{"id":1368,"date":"2011-12-15T12:03:00","date_gmt":"2011-12-15T11:03:00","guid":{"rendered":"https:\/\/www.slavonski-planinari.hr\/arhiva\/?p=1368"},"modified":"2023-01-02T12:08:43","modified_gmt":"2023-01-02T11:08:43","slug":"mdp-kutjevo-2011-planine-i-sume","status":"publish","type":"post","link":"https:\/\/www.slavonski-planinari.hr\/arhiva\/mdp-kutjevo-2011-planine-i-sume\/","title":{"rendered":"MDP Kutjevo 2011. &#8211; Planine i \u0161ume"},"content":{"rendered":"<p>[et_pb_section fb_built=&#8221;1&#8243; _builder_version=&#8221;4.19.4&#8243; _module_preset=&#8221;default&#8221; custom_padding=&#8221;4px||72px|||&#8221; global_colors_info=&#8221;{}&#8221; theme_builder_area=&#8221;post_content&#8221;][et_pb_row _builder_version=&#8221;4.19.4&#8243; _module_preset=&#8221;default&#8221; global_colors_info=&#8221;{}&#8221; theme_builder_area=&#8221;post_content&#8221;][et_pb_column type=&#8221;4_4&#8243; _builder_version=&#8221;4.19.4&#8243; _module_preset=&#8221;default&#8221; global_colors_info=&#8221;{}&#8221; theme_builder_area=&#8221;post_content&#8221;][et_pb_text _builder_version=&#8221;4.19.4&#8243; _module_preset=&#8221;default&#8221; hover_enabled=&#8221;0&#8243; global_colors_info=&#8221;{}&#8221; theme_builder_area=&#8221;post_content&#8221; sticky_enabled=&#8221;0&#8243;]<\/p>\n<div class=\"itemIntroText\">\n<p style=\"text-align: justify;\"><img loading=\"lazy\" decoding=\"async\" src=\"https:\/\/www.slavonski-planinari.hr\/arhiva\/wp-content\/uploads\/2023\/01\/mdp_2011_sps_m.jpg\" width=\"150\" height=\"100\" alt=\"\" class=\"wp-image-1372 alignleft size-full\" \/>U nedjelju, 11.prosinca 2011. obilje\u017een je Me\u0111unarodni dan planina na Krndiji, uz geslo &#8220;Planine i \u0161ume&#8221;.<\/p>\n<p style=\"text-align: justify;\">Ve\u0107 tradicionalno, \u0161esti puta, organizatori su bili Slavonski planinarski savez i JU Park prirode Papuk uz pokroviteljstvo HPS.<\/p>\n<\/div>\n<div class=\"itemFullText\">\n<p style=\"text-align: justify;\">Planiranje trase i vo\u0111enje preuzeli su \u010dlanovi HPD &#8220;Vidim&#8221; Kutjevo, a organizaciju su pomogli Kutjevo d.d., Grad Kutjevo i H\u0160-\u0161umarija Kutjevo.<\/p>\n<p style=\"text-align: justify;\">Prije samog izleta prigodno je otvorena Pou\u010dna staza \u201eKutjevo\u201c.<\/p>\n<p style=\"text-align: justify;\"><img loading=\"lazy\" decoding=\"async\" src=\"https:\/\/www.slavonski-planinari.hr\/arhiva\/wp-content\/uploads\/2023\/01\/mdp_2011_sps_1.jpg\" width=\"640\" height=\"427\" alt=\"\" class=\"wp-image-1370 aligncenter size-full\" srcset=\"https:\/\/www.slavonski-planinari.hr\/arhiva\/wp-content\/uploads\/2023\/01\/mdp_2011_sps_1.jpg 640w, https:\/\/www.slavonski-planinari.hr\/arhiva\/wp-content\/uploads\/2023\/01\/mdp_2011_sps_1-480x320.jpg 480w\" sizes=\"(min-width: 0px) and (max-width: 480px) 480px, (min-width: 481px) 640px, 100vw\" \/><\/p>\n<p style=\"text-align: justify;\">Staza je duga 1,3 km i du\u017e nje se nalazi 13 interpretacijskih tabli koje govore o biolo\u0161koj i geolo\u0161koj raznolikosti kutjeva\u010dkog kraja, a isto tako i bogatoj kulturnoj i povijesnoj ba\u0161tini. Nakon obilaska staze koja zavr\u0161ava na lokalitetu Vinkomir, planinari su krenuli na \u010detverosatni izlet prema Petrovom vrhu. Trasa je dijelom vodila nemarkiranim putem do Dobre vode, poslije toga SPP-om prema Petrovom vrhu. Prije uspona na vrh, odvojila se grupa spremnijih koji su stazama divlja\u010di pro\u0161li od slikovite stijene &#8220;Kvr\u017eica&#8221; do rijetko posje\u0107enog stjenjaka i pe\u0107ina na Pustinjakovoj kosi. Usprkos najavi ki\u0161e za cijelo prijepodne, malo je pokisla samo grupa sa Pustinjakove kose koja je imala najdu\u017ei put do cilja.<\/p>\n<p style=\"text-align: justify;\"><img loading=\"lazy\" decoding=\"async\" src=\"https:\/\/www.slavonski-planinari.hr\/arhiva\/wp-content\/uploads\/2023\/01\/mdp_2011_sps_2.jpg\" width=\"640\" height=\"427\" alt=\"\" class=\"wp-image-1371 aligncenter size-full\" srcset=\"https:\/\/www.slavonski-planinari.hr\/arhiva\/wp-content\/uploads\/2023\/01\/mdp_2011_sps_2.jpg 640w, https:\/\/www.slavonski-planinari.hr\/arhiva\/wp-content\/uploads\/2023\/01\/mdp_2011_sps_2-480x320.jpg 480w\" sizes=\"(min-width: 0px) and (max-width: 480px) 480px, (min-width: 481px) 640px, 100vw\" \/><\/p>\n<p style=\"text-align: justify;\">Zavr\u0161no dru\u017eenje uz doma\u0107e kobasice kuhane u vinu, kuhano vino i \u010daj za trezvenije, uspje\u0161no je &#8220;obavljeno&#8221; kod \u0161umarske ku\u0107e Tisovac. Ovaj doga\u0111aj je okupio oko 130 planinara iz slavonskih dru\u0161tava i brojne goste iz HPD Bilogora Bjelovar. Bjelovar\u010dane je doveo na\u0161 stari poznanik \u017deljko Vinkovi\u0107, koji je s kolegom Milanom Abramovi\u0107em, prvi obi\u0161ao pro\u0161ireni SPP &#8220;u jednom dahu&#8221;. Za sigurnost je tradicionalno brinula ekipa HGSS stanice Po\u017eega. Akcija je zabilje\u017eena i na web stranicama<span>\u00a0<\/span><a href=\"http:\/\/www.papukgeopark.com\/index.php?option=com_content&amp;view=article&amp;id=160:meunarodni-dan-planina-2011&amp;catid=43:novosti&amp;Itemid=81&amp;lang=hr\" target=\"_blank\" rel=\"noopener\">PP Papuk<\/a>. U isto vrijeme je na Crnom Psunju neformalna &#8220;ISPO&#8221; grupa tako\u0111er obilje\u017eila Me\u0111unarodni dan planina jer se nisu slo\u017eili sa slu\u017ebenim programom na Krndiji. Kako \u0107e biti slijede\u0107e godine, pokazat \u0107e vrijeme. Ostat \u0107e zapisano da su Slavonci aktivno obilje\u017eili MDP 2011. s ukupno preko 200 planinara na Krndiji i Psunju.<\/p>\n<\/div>\n<p>[\/et_pb_text][\/et_pb_column][\/et_pb_row][\/et_pb_section]<\/p>\n","protected":false},"excerpt":{"rendered":"<p>U nedjelju, 11.prosinca 2011. obilje\u017een je Me\u0111unarodni dan planina na Krndiji, uz geslo &#8220;Planine i \u0161ume&#8221;. Ve\u0107 tradicionalno, \u0161esti puta, organizatori su bili Slavonski planinarski savez i JU Park prirode Papuk uz pokroviteljstvo HPS. Planiranje trase i vo\u0111enje preuzeli su \u010dlanovi HPD &#8220;Vidim&#8221; Kutjevo, a organizaciju su pomogli Kutjevo d.d., Grad Kutjevo i H\u0160-\u0161umarija Kutjevo. [&hellip;]<\/p>\n","protected":false},"author":1,"featured_media":0,"comment_status":"closed","ping_status":"open","sticky":false,"template":"","format":"standard","meta":{"_et_pb_use_builder":"on","_et_pb_old_content":"","_et_gb_content_width":"1080","footnotes":""},"categories":[25],"tags":[],"class_list":["post-1368","post","type-post","status-publish","format-standard","hentry","category-25"],"_links":{"self":[{"href":"https:\/\/www.slavonski-planinari.hr\/arhiva\/wp-json\/wp\/v2\/posts\/1368","targetHints":{"allow":["GET"]}}],"collection":[{"href":"https:\/\/www.slavonski-planinari.hr\/arhiva\/wp-json\/wp\/v2\/posts"}],"about":[{"href":"https:\/\/www.slavonski-planinari.hr\/arhiva\/wp-json\/wp\/v2\/types\/post"}],"author":[{"embeddable":true,"href":"https:\/\/www.slavonski-planinari.hr\/arhiva\/wp-json\/wp\/v2\/users\/1"}],"replies":[{"embeddable":true,"href":"https:\/\/www.slavonski-planinari.hr\/arhiva\/wp-json\/wp\/v2\/comments?post=1368"}],"version-history":[{"count":0,"href":"https:\/\/www.slavonski-planinari.hr\/arhiva\/wp-json\/wp\/v2\/posts\/1368\/revisions"}],"wp:attachment":[{"href":"https:\/\/www.slavonski-planinari.hr\/arhiva\/wp-json\/wp\/v2\/media?parent=1368"}],"wp:term":[{"taxonomy":"category","embeddable":true,"href":"https:\/\/www.slavonski-planinari.hr\/arhiva\/wp-json\/wp\/v2\/categories?post=1368"},{"taxonomy":"post_tag","embeddable":true,"href":"https:\/\/www.slavonski-planinari.hr\/arhiva\/wp-json\/wp\/v2\/tags?post=1368"}],"curies":[{"name":"wp","href":"https:\/\/api.w.org\/{rel}","templated":true}]}}