{"id":1363,"date":"2011-12-14T12:00:00","date_gmt":"2011-12-14T11:00:00","guid":{"rendered":"https:\/\/www.slavonski-planinari.hr\/arhiva\/?p=1363"},"modified":"2023-01-02T12:03:34","modified_gmt":"2023-01-02T11:03:34","slug":"ppp-aljmas-erdut-obavijest","status":"publish","type":"post","link":"https:\/\/www.slavonski-planinari.hr\/arhiva\/ppp-aljmas-erdut-obavijest\/","title":{"rendered":"PPP Aljma\u0161 Erdut &#8211; obavijest!"},"content":{"rendered":"<p>[et_pb_section fb_built=&#8221;1&#8243; _builder_version=&#8221;4.19.4&#8243; _module_preset=&#8221;default&#8221; custom_padding=&#8221;4px||72px|||&#8221; global_colors_info=&#8221;{}&#8221; theme_builder_area=&#8221;post_content&#8221;][et_pb_row _builder_version=&#8221;4.19.4&#8243; _module_preset=&#8221;default&#8221; global_colors_info=&#8221;{}&#8221; theme_builder_area=&#8221;post_content&#8221;][et_pb_column type=&#8221;4_4&#8243; _builder_version=&#8221;4.19.4&#8243; _module_preset=&#8221;default&#8221; global_colors_info=&#8221;{}&#8221; theme_builder_area=&#8221;post_content&#8221;][et_pb_text _builder_version=&#8221;4.19.4&#8243; _module_preset=&#8221;default&#8221; hover_enabled=&#8221;0&#8243; global_colors_info=&#8221;{}&#8221; theme_builder_area=&#8221;post_content&#8221; sticky_enabled=&#8221;0&#8243;]<\/p>\n<div class=\"itemIntroText\">\n<p style=\"text-align: justify;\"><img loading=\"lazy\" decoding=\"async\" src=\"https:\/\/www.slavonski-planinari.hr\/arhiva\/wp-content\/uploads\/2023\/01\/zanatlija.jpg\" width=\"131\" height=\"132\" alt=\"\" class=\"wp-image-1365 alignleft size-full\" srcset=\"https:\/\/www.slavonski-planinari.hr\/arhiva\/wp-content\/uploads\/2023\/01\/zanatlija.jpg 201w, https:\/\/www.slavonski-planinari.hr\/arhiva\/wp-content\/uploads\/2023\/01\/zanatlija-150x150.jpg 150w\" sizes=\"(max-width: 131px) 100vw, 131px\" \/>PPP Aljma\u0161 Erdut odr\u017eat \u0107e se u 2012. godini 22. travnja. Stavite u svoje planove, do\u0111ite, ne\u0107ete za\u017ealiti.<\/p>\n<p style=\"text-align: justify;\">Pozdrav svima.<\/p>\n<\/div>\n<div class=\"itemFullText\">\n<p style=\"text-align: justify;\">\n<p style=\"text-align: justify;\"><strong>P. S.<span>\u00a0<\/span><\/strong>U kalendaru HPS-a je naveden krivi datum (22.09.)<\/p>\n<p style=\"text-align: justify;\">HPD \u201eZanatlija\u201c Osijek<\/p>\n<\/div>\n<p>[\/et_pb_text][\/et_pb_column][\/et_pb_row][\/et_pb_section]<\/p>\n","protected":false},"excerpt":{"rendered":"<p>PPP Aljma\u0161 Erdut odr\u017eat \u0107e se u 2012. godini 22. travnja. Stavite u svoje planove, do\u0111ite, ne\u0107ete za\u017ealiti. Pozdrav svima. P. S.\u00a0U kalendaru HPS-a je naveden krivi datum (22.09.) HPD \u201eZanatlija\u201c Osijek<\/p>\n","protected":false},"author":1,"featured_media":0,"comment_status":"closed","ping_status":"open","sticky":false,"template":"","format":"standard","meta":{"_et_pb_use_builder":"on","_et_pb_old_content":"","_et_gb_content_width":"1080","footnotes":""},"categories":[25],"tags":[],"class_list":["post-1363","post","type-post","status-publish","format-standard","hentry","category-25"],"_links":{"self":[{"href":"https:\/\/www.slavonski-planinari.hr\/arhiva\/wp-json\/wp\/v2\/posts\/1363","targetHints":{"allow":["GET"]}}],"collection":[{"href":"https:\/\/www.slavonski-planinari.hr\/arhiva\/wp-json\/wp\/v2\/posts"}],"about":[{"href":"https:\/\/www.slavonski-planinari.hr\/arhiva\/wp-json\/wp\/v2\/types\/post"}],"author":[{"embeddable":true,"href":"https:\/\/www.slavonski-planinari.hr\/arhiva\/wp-json\/wp\/v2\/users\/1"}],"replies":[{"embeddable":true,"href":"https:\/\/www.slavonski-planinari.hr\/arhiva\/wp-json\/wp\/v2\/comments?post=1363"}],"version-history":[{"count":0,"href":"https:\/\/www.slavonski-planinari.hr\/arhiva\/wp-json\/wp\/v2\/posts\/1363\/revisions"}],"wp:attachment":[{"href":"https:\/\/www.slavonski-planinari.hr\/arhiva\/wp-json\/wp\/v2\/media?parent=1363"}],"wp:term":[{"taxonomy":"category","embeddable":true,"href":"https:\/\/www.slavonski-planinari.hr\/arhiva\/wp-json\/wp\/v2\/categories?post=1363"},{"taxonomy":"post_tag","embeddable":true,"href":"https:\/\/www.slavonski-planinari.hr\/arhiva\/wp-json\/wp\/v2\/tags?post=1363"}],"curies":[{"name":"wp","href":"https:\/\/api.w.org\/{rel}","templated":true}]}}