{"id":1357,"date":"2011-11-22T11:56:00","date_gmt":"2011-11-22T10:56:00","guid":{"rendered":"https:\/\/www.slavonski-planinari.hr\/arhiva\/?p=1357"},"modified":"2023-01-02T12:00:27","modified_gmt":"2023-01-02T11:00:27","slug":"andina-baraka-2011-memorijalni-pohod","status":"publish","type":"post","link":"https:\/\/www.slavonski-planinari.hr\/arhiva\/andina-baraka-2011-memorijalni-pohod\/","title":{"rendered":"AN\u0110INA BARAKA 2011 &#8211; memorijalni pohod"},"content":{"rendered":"<p>[et_pb_section fb_built=&#8221;1&#8243; _builder_version=&#8221;4.19.4&#8243; _module_preset=&#8221;default&#8221; custom_padding=&#8221;4px||72px|||&#8221; global_colors_info=&#8221;{}&#8221;][et_pb_row _builder_version=&#8221;4.19.4&#8243; _module_preset=&#8221;default&#8221; global_colors_info=&#8221;{}&#8221;][et_pb_column type=&#8221;4_4&#8243; _builder_version=&#8221;4.19.4&#8243; _module_preset=&#8221;default&#8221; global_colors_info=&#8221;{}&#8221;][et_pb_text _builder_version=&#8221;4.19.4&#8243; _module_preset=&#8221;default&#8221; hover_enabled=&#8221;0&#8243; global_colors_info=&#8221;{}&#8221; sticky_enabled=&#8221;0&#8243;]<\/p>\n<div class=\"itemIntroText\">\n<p style=\"text-align: justify;\"><img loading=\"lazy\" decoding=\"async\" src=\"https:\/\/www.slavonski-planinari.hr\/arhiva\/wp-content\/uploads\/2023\/01\/andjina024.jpg\" width=\"131\" height=\"90\" alt=\"\" class=\"wp-image-1359 alignleft size-full\" srcset=\"https:\/\/www.slavonski-planinari.hr\/arhiva\/wp-content\/uploads\/2023\/01\/andjina024.jpg 321w, https:\/\/www.slavonski-planinari.hr\/arhiva\/wp-content\/uploads\/2023\/01\/andjina024-300x207.jpg 300w\" sizes=\"(max-width: 131px) 100vw, 131px\" \/>I ove godine, kao i prethodnih desetak, nedjelju prije 2. prosinca organiziramo Memorijalni pohod na An\u0111inu baraku. Ove godine posebnost je \u0161to se navr\u0161ava 20 godina od toga tu\u017enog doga\u0111aja i pogiblje 11 hrvatskih vojnika.<\/p>\n<\/div>\n<div class=\"itemFullText\">\n<p style=\"text-align: justify;\">Evo i teksta s detaljima iz poziva koji je upu\u0107en svih slavonskim planinarskim dru\u0161tvima:<\/p>\n<p style=\"text-align: justify;\">\n<p style=\"text-align: justify;\">Po\u0161tovani,<\/p>\n<p style=\"text-align: justify;\">Pozivamo Vas na Memorijalni pohod na An\u0111inu baraku, koji \u0107e ove godine biti odr\u017ean 27.XI.<br \/>Pohod se odr\u017eava u spomen na jedanaestoricu poginulih pripadnika Hrvatske vojske na Papuku, 2.XII.1991.<br \/>Okupljanje sudionika ovog pohoda je od 8.30h ispred crkve u Velikoj. Polazak na pohod je u 9.00h. Ruta pohoda je tradicionalna: Velika \u2013 Veli\u010dki stari grad \u2013 Lapjak \u2013 Tri bora \u2013 An\u0111ina baraka \u2013 Nevolja\u0161 \u2013 Velika. Kod spomen obilje\u017eja na An\u0111inoj baraci odat \u0107emo po\u010dast palim braniteljima paljenjem svije\u0107a i molitvom. Za sve sudionike u planinarskoj ku\u0107i na Nevolja\u0161u bit \u0107e pripremljena zakuska (kruh, mast, \u010dvarci, kuhani \u010daj, vino \u2026). Povratak u Veliku je predvi\u0111en prije mraka (oko 16h).<br \/>Ako ste u mogu\u0107nosti, molimo Vas da najavite svoj dolazak kao bi smo mogli \u0161to kvalitetnije organizirati ovaj pohod.<br \/>Za sve dodatne informacije mo\u017eete nas kontaktirati na 0989042128 (Tomislav \u0160ebalj)\u00a0 ili na 0989133814 (Leonardo Perinovi\u0107)\u00a0 ili putem e-maila<span>\u00a0<\/span><span id=\"cloakc7c5ad1c6811f3536146a4f0be679f99\"><a href=\"mailto:pdmaliscak@gmail.com\">pdmaliscak@gmail.com<\/a><\/span>.<\/p>\n<p style=\"text-align: justify;\">Srda\u010dan pozdrav i radujemo se Va\u0161em dolasku!<\/p>\n<\/div>\n<p>[\/et_pb_text][\/et_pb_column][\/et_pb_row][\/et_pb_section]<\/p>\n","protected":false},"excerpt":{"rendered":"<p>I ove godine, kao i prethodnih desetak, nedjelju prije 2. prosinca organiziramo Memorijalni pohod na An\u0111inu baraku. Ove godine posebnost je \u0161to se navr\u0161ava 20 godina od toga tu\u017enog doga\u0111aja i pogiblje 11 hrvatskih vojnika. Evo i teksta s detaljima iz poziva koji je upu\u0107en svih slavonskim planinarskim dru\u0161tvima: Po\u0161tovani, Pozivamo Vas na Memorijalni pohod [&hellip;]<\/p>\n","protected":false},"author":1,"featured_media":0,"comment_status":"closed","ping_status":"open","sticky":false,"template":"","format":"standard","meta":{"_et_pb_use_builder":"on","_et_pb_old_content":"","_et_gb_content_width":"1080","footnotes":""},"categories":[25],"tags":[],"class_list":["post-1357","post","type-post","status-publish","format-standard","hentry","category-25"],"_links":{"self":[{"href":"https:\/\/www.slavonski-planinari.hr\/arhiva\/wp-json\/wp\/v2\/posts\/1357","targetHints":{"allow":["GET"]}}],"collection":[{"href":"https:\/\/www.slavonski-planinari.hr\/arhiva\/wp-json\/wp\/v2\/posts"}],"about":[{"href":"https:\/\/www.slavonski-planinari.hr\/arhiva\/wp-json\/wp\/v2\/types\/post"}],"author":[{"embeddable":true,"href":"https:\/\/www.slavonski-planinari.hr\/arhiva\/wp-json\/wp\/v2\/users\/1"}],"replies":[{"embeddable":true,"href":"https:\/\/www.slavonski-planinari.hr\/arhiva\/wp-json\/wp\/v2\/comments?post=1357"}],"version-history":[{"count":0,"href":"https:\/\/www.slavonski-planinari.hr\/arhiva\/wp-json\/wp\/v2\/posts\/1357\/revisions"}],"wp:attachment":[{"href":"https:\/\/www.slavonski-planinari.hr\/arhiva\/wp-json\/wp\/v2\/media?parent=1357"}],"wp:term":[{"taxonomy":"category","embeddable":true,"href":"https:\/\/www.slavonski-planinari.hr\/arhiva\/wp-json\/wp\/v2\/categories?post=1357"},{"taxonomy":"post_tag","embeddable":true,"href":"https:\/\/www.slavonski-planinari.hr\/arhiva\/wp-json\/wp\/v2\/tags?post=1357"}],"curies":[{"name":"wp","href":"https:\/\/api.w.org\/{rel}","templated":true}]}}