{"id":1351,"date":"2011-11-22T11:52:00","date_gmt":"2011-11-22T10:52:00","guid":{"rendered":"https:\/\/www.slavonski-planinari.hr\/arhiva\/?p=1351"},"modified":"2023-01-02T11:56:19","modified_gmt":"2023-01-02T10:56:19","slug":"kod-prezdanka-je-odrzan-15-susret-planinara-na-dilju","status":"publish","type":"post","link":"https:\/\/www.slavonski-planinari.hr\/arhiva\/kod-prezdanka-je-odrzan-15-susret-planinara-na-dilju\/","title":{"rendered":"Kod Prezdanka je odr\u017ean 15. Susret planinara na Dilju"},"content":{"rendered":"<p>[et_pb_section fb_built=&#8221;1&#8243; _builder_version=&#8221;4.19.4&#8243; _module_preset=&#8221;default&#8221; custom_padding=&#8221;4px||72px|||&#8221; global_colors_info=&#8221;{}&#8221; theme_builder_area=&#8221;post_content&#8221;][et_pb_row _builder_version=&#8221;4.19.4&#8243; _module_preset=&#8221;default&#8221; global_colors_info=&#8221;{}&#8221; theme_builder_area=&#8221;post_content&#8221;][et_pb_column type=&#8221;4_4&#8243; _builder_version=&#8221;4.19.4&#8243; _module_preset=&#8221;default&#8221; global_colors_info=&#8221;{}&#8221; theme_builder_area=&#8221;post_content&#8221;][et_pb_text _builder_version=&#8221;4.19.4&#8243; _module_preset=&#8221;default&#8221; hover_enabled=&#8221;0&#8243; global_colors_info=&#8221;{}&#8221; theme_builder_area=&#8221;post_content&#8221; sticky_enabled=&#8221;0&#8243;]<\/p>\n<div class=\"itemIntroText\">\n<p style=\"text-align: justify;\"><img loading=\"lazy\" decoding=\"async\" src=\"https:\/\/www.slavonski-planinari.hr\/arhiva\/wp-content\/uploads\/2023\/01\/dilj1.jpg\" width=\"171\" height=\"121\" alt=\"\" class=\"wp-image-1353 alignleft size-full\" \/>Sve ukupno nas je bilo oko 70 prisutnih. Skup je odr\u017ean prema dogovorenom programu. Pozdravni govor sa uputama o dana\u0161njoj turi odr\u017eao je Berislav Tkalac, povjerenik za markaciste SPS-a.<\/p>\n<\/div>\n<div class=\"itemFullText\">\n<p>Ovaj skup planinara postao je tradicionalan a prvi put je odr\u017ean 30.11.1997. godine. Planinarska tura trajala je od 10:00 do 14:00 sati a prehodali smo 12 km.<\/p>\n<p style=\"text-align: justify;\">Hodali smo po markaciji od Prezdanka do \u010cardaka gdje smo se kra\u0107e zadr\u017eali. U povratku smo i\u0161li bez markacije \u0161umskom cestom. SPP smo napustili poslije 10 minuta hoda sjeverno od \u010cardaka i na okreti\u0161tu \u0161umske ceste krenuli u pravcu istoka. \u0160umska cesta je paralelna sa grebenskim\u00a0 markiranim putom. Markacije su stare ali vidljive i ako ih se pa\u017eljivo prati nema lutanja. Na jednom mjestu je bio malo ve\u0107i razmak do prve slijede\u0107e markacije. Na Me\u0111i je bilo sanitarne sije\u010de velikih hrastova na kojima su bile markacije pa taj dio treba pro\u0107i pa\u017eljivo. Na\u017ealost netko je pokidao putokaz koji je bio postavljen u srpnju ove godine a ukazivao je na skretanje za Prezdanak. Ipak, na drvetu je ostala strelica i okrugla markacija. Ovaj planinarski put odr\u017eava HPD Dirov brijeg iz Vinkovaca i na prolje\u0107e \u0107e biti obnovljena markacija.<\/p>\n<p style=\"text-align: justify;\">Vrijeme je bilo hladno i maglovito, put poplo\u010dan li\u0161\u0107em a drve\u0107e oki\u0107eno injem. Za ru\u010dak je bila poslu\u017eena hladna prasetina. Krijepili smo se \u010dajem, kavom i kuhanim vinom pored vatre nalo\u017eenu u velikom vanjskom kaminu. Unato\u010d hladno\u0107i uz pjesmu i svirku zadr\u017eali smo se na Prezdanku do 16 sati sa \u017eeljom da se dogodine ovdje ponovo okupimo 18.11.2012. Odli\u010dnu organizaciju skupa trebamo zahvaliti tajnici HPD Tikvica, Emiliji Markovi\u0107 i vrijednim planinarima iz \u017dupanje kao i na\u0161im svira\u010dima \u0160imi i Josi Dominkovi\u0107.<\/p>\n<p style=\"text-align: justify;\">Susret je odr\u017ean 20.11.2011. na Lova\u010dkoj ku\u0107i Prezdanak. Prisutna dru\u0161tva:<br \/><img loading=\"lazy\" decoding=\"async\" src=\"https:\/\/www.slavonski-planinari.hr\/arhiva\/wp-content\/uploads\/2023\/01\/dilj2.jpg\" width=\"521\" height=\"355\" alt=\"\" class=\"wp-image-1354 aligncenter size-full\" srcset=\"https:\/\/www.slavonski-planinari.hr\/arhiva\/wp-content\/uploads\/2023\/01\/dilj2.jpg 521w, https:\/\/www.slavonski-planinari.hr\/arhiva\/wp-content\/uploads\/2023\/01\/dilj2-480x327.jpg 480w\" sizes=\"(min-width: 0px) and (max-width: 480px) 480px, (min-width: 481px) 521px, 100vw\" \/><\/p>\n<ol style=\"text-align: justify;\">\n<li>HPD Tikvica, \u017dupanja<\/li>\n<li>PD Dirov brijeg, Vinkovci<\/li>\n<li>PD Ravnica, Vukovar<\/li>\n<li>PD \u0160umar, podru\u017enica Vinkovci<\/li>\n<li>PD Dilj gora, Slavonski Brod<\/li>\n<li>PD \u0110akovo, \u0110akovo<\/li>\n<li>HPD Klikun, Pleternica<\/li>\n<li>HPD Beli\u0161\u0107e, Beli\u0161\u0107e<\/li>\n<li>HPD Vidim, Kutjevo<\/li>\n<li>PD Krndija, Na\u0161ice<\/li>\n<li>HPD Br\u0161ljan Jankovac, Osijek<\/li>\n<li>PD \u010ci\u010dak, Ora\u0161je, BiH<\/li>\n<\/ol>\n<p style=\"text-align: justify;\">Skupu su bili nazo\u010dni i:<\/p>\n<ul style=\"text-align: justify;\">\n<li>Predsjednik Slavonskog planinarskog saveza, Otmar Tosenberger<\/li>\n<li>Dopredsjednik Planinarskog saveza vukovarsko-srijemske \u017eupanije, Mladen Stjepanovi\u0107<\/li>\n<li>Lovci iz LU Vidra Vrhovina i doma\u0107in L.K. Prezdanak, Pavo \u017dalac.<\/li>\n<\/ul>\n<p style=\"text-align: justify;\">Kako je toga prijepodneva u planinarskom domu \u0110uro Pilar odr\u017eana sjednica Stanice vodi\u010da Slavonije kasnije su nam se pridru\u017eili i delegati vodi\u010da. Saznali smo iz prve ruke da je biv\u0161eg pro\u010delnika Stanice Nikolu Matasi\u0107a iz Na\u0161ica zamijenio Danijel Mustafi\u0107 iz HPD Dirov brijeg Vinkovci a za novog tajnika izabran je Darko Tosenberger iz \u0110akova.<\/p>\n<p style=\"text-align: justify;\">Ovaj skup je najavljen u kalendaru akcija HPS-a za 2012 pod nazivom \u201eSusret planinara na Dilju\u201c pa neka tako ostane i u ubudu\u0107e. O razlogu promijene imena pisano je u Hrvatskom planinaru 128,3,2011.<\/p>\n<p style=\"text-align: right;\">Za HP napisao Berislav Tkalac 21.11.2011.<br \/>Foto: Berislav Tkalac.<\/p>\n<\/div>\n<p>[\/et_pb_text][\/et_pb_column][\/et_pb_row][\/et_pb_section]<\/p>\n","protected":false},"excerpt":{"rendered":"<p>Sve ukupno nas je bilo oko 70 prisutnih. Skup je odr\u017ean prema dogovorenom programu. Pozdravni govor sa uputama o dana\u0161njoj turi odr\u017eao je Berislav Tkalac, povjerenik za markaciste SPS-a. Ovaj skup planinara postao je tradicionalan a prvi put je odr\u017ean 30.11.1997. godine. Planinarska tura trajala je od 10:00 do 14:00 sati a prehodali smo 12 [&hellip;]<\/p>\n","protected":false},"author":1,"featured_media":0,"comment_status":"closed","ping_status":"open","sticky":false,"template":"","format":"standard","meta":{"_et_pb_use_builder":"on","_et_pb_old_content":"","_et_gb_content_width":"1080","footnotes":""},"categories":[25],"tags":[],"class_list":["post-1351","post","type-post","status-publish","format-standard","hentry","category-25"],"_links":{"self":[{"href":"https:\/\/www.slavonski-planinari.hr\/arhiva\/wp-json\/wp\/v2\/posts\/1351","targetHints":{"allow":["GET"]}}],"collection":[{"href":"https:\/\/www.slavonski-planinari.hr\/arhiva\/wp-json\/wp\/v2\/posts"}],"about":[{"href":"https:\/\/www.slavonski-planinari.hr\/arhiva\/wp-json\/wp\/v2\/types\/post"}],"author":[{"embeddable":true,"href":"https:\/\/www.slavonski-planinari.hr\/arhiva\/wp-json\/wp\/v2\/users\/1"}],"replies":[{"embeddable":true,"href":"https:\/\/www.slavonski-planinari.hr\/arhiva\/wp-json\/wp\/v2\/comments?post=1351"}],"version-history":[{"count":0,"href":"https:\/\/www.slavonski-planinari.hr\/arhiva\/wp-json\/wp\/v2\/posts\/1351\/revisions"}],"wp:attachment":[{"href":"https:\/\/www.slavonski-planinari.hr\/arhiva\/wp-json\/wp\/v2\/media?parent=1351"}],"wp:term":[{"taxonomy":"category","embeddable":true,"href":"https:\/\/www.slavonski-planinari.hr\/arhiva\/wp-json\/wp\/v2\/categories?post=1351"},{"taxonomy":"post_tag","embeddable":true,"href":"https:\/\/www.slavonski-planinari.hr\/arhiva\/wp-json\/wp\/v2\/tags?post=1351"}],"curies":[{"name":"wp","href":"https:\/\/api.w.org\/{rel}","templated":true}]}}