{"id":1344,"date":"2011-11-22T11:44:00","date_gmt":"2011-11-22T10:44:00","guid":{"rendered":"https:\/\/www.slavonski-planinari.hr\/arhiva\/?p=1344"},"modified":"2023-01-02T11:51:15","modified_gmt":"2023-01-02T10:51:15","slug":"zbor-stanice-vodica-slavonije","status":"publish","type":"post","link":"https:\/\/www.slavonski-planinari.hr\/arhiva\/zbor-stanice-vodica-slavonije\/","title":{"rendered":"Zbor Stanice vodi\u010da Slavonije"},"content":{"rendered":"<p>[et_pb_section fb_built=&#8221;1&#8243; _builder_version=&#8221;4.19.4&#8243; _module_preset=&#8221;default&#8221; custom_padding=&#8221;4px||72px|||&#8221; global_colors_info=&#8221;{}&#8221;][et_pb_row _builder_version=&#8221;4.19.4&#8243; _module_preset=&#8221;default&#8221; global_colors_info=&#8221;{}&#8221;][et_pb_column type=&#8221;4_4&#8243; _builder_version=&#8221;4.19.4&#8243; _module_preset=&#8221;default&#8221; global_colors_info=&#8221;{}&#8221;][et_pb_text _builder_version=&#8221;4.19.4&#8243; _module_preset=&#8221;default&#8221; hover_enabled=&#8221;0&#8243; global_colors_info=&#8221;{}&#8221; sticky_enabled=&#8221;0&#8243;]<\/p>\n<div class=\"itemIntroText\">\n<p style=\"text-align: justify;\"><img loading=\"lazy\" decoding=\"async\" src=\"https:\/\/www.slavonski-planinari.hr\/arhiva\/wp-content\/uploads\/2023\/01\/zborv1.jpg\" width=\"132\" height=\"92\" alt=\"\" class=\"wp-image-1346 alignleft size-full\" \/>U planinarskom domu \u0110uro Pilar, u nedjelju, 20. studenoga, odr\u017ean je Zbog Stanice vodi\u010da Slavonije. Nakon izvje\u0161\u0107a o radu stanice i financijskom radu pri\u0161lo se izboru novog pro\u010delnika. Za novog pro\u010delnika izabran je Danijel Mustafi\u0107 iz Vinkovaca.<\/p>\n<p style=\"text-align: justify;\">\n<\/div>\n<div class=\"itemFullText\">\n<p style=\"text-align: justify;\">\n<\/div>\n<p>[\/et_pb_text][et_pb_text _builder_version=&#8221;4.19.4&#8243; _module_preset=&#8221;default&#8221; hover_enabled=&#8221;0&#8243; sticky_enabled=&#8221;0&#8243; custom_margin=&#8221;43px|||||&#8221;]<\/p>\n<p><img loading=\"lazy\" decoding=\"async\" src=\"https:\/\/www.slavonski-planinari.hr\/arhiva\/wp-content\/uploads\/2023\/01\/zborv2.jpg\" width=\"396\" height=\"271\" alt=\"\" class=\"wp-image-1347 aligncenter size-full\" style=\"float: right;\" srcset=\"https:\/\/www.slavonski-planinari.hr\/arhiva\/wp-content\/uploads\/2023\/01\/zborv2.jpg 396w, https:\/\/www.slavonski-planinari.hr\/arhiva\/wp-content\/uploads\/2023\/01\/zborv2-300x205.jpg 300w\" sizes=\"(max-width: 396px) 100vw, 396px\" \/><span><\/span>Slijedila je dodjela priznanja povodom 50 godina rada vodi\u010dke slu\u017ebe u Hrvatskoj. Razmotrene su aktivnosti u dru\u0161tvima u teku\u0107oj godini.<\/p>\n<p style=\"text-align: justify;\">Zbor je raspravljao organizaciji op\u0107e planinarske \u0161kole i te\u010daju za vodi\u010de dru\u0161tvenih izleta.<\/p>\n<p style=\"text-align: justify;\">Zaklju\u010deno da na nivou saveza bude organizirana i op\u0107a planinarska \u0161kola i te\u010daj za vodi\u010de dru\u0161tvenih izleta, jer to osigurava kvalitetniji rad nego \u0161to mnoga dru\u0161tva mogu osigurati.<\/p>\n<p style=\"text-align: justify;\">Na poziv pro\u010delnika SVVS Nikole Matasi\u0107a Zboru su se odazvali:\u00a0 Otmar Tosenberger, Darko Tosenberger, Mijo \u0160o\u0161, Zlatko Gorec, Adam \u0110akovi\u0107, Marko Rubil, Danijel Mustafi\u0107, Josip Jung, Zdenko Fury, Zoran Markovi\u0107, Nada Bo\u0161njak i Mila Andri\u0107.<\/p>\n<p style=\"text-align: justify;\">\n<p style=\"text-align: justify;\">\n<p style=\"text-align: justify;\">\n<p style=\"text-align: justify;\">\n<p style=\"text-align: right;\">Tekst: Mila Andri\u0107<\/p>\n<p>[\/et_pb_text][\/et_pb_column][\/et_pb_row][\/et_pb_section]<\/p>\n","protected":false},"excerpt":{"rendered":"<p>U planinarskom domu \u0110uro Pilar, u nedjelju, 20. studenoga, odr\u017ean je Zbog Stanice vodi\u010da Slavonije. Nakon izvje\u0161\u0107a o radu stanice i financijskom radu pri\u0161lo se izboru novog pro\u010delnika. Za novog pro\u010delnika izabran je Danijel Mustafi\u0107 iz Vinkovaca. Slijedila je dodjela priznanja povodom 50 godina rada vodi\u010dke slu\u017ebe u Hrvatskoj. Razmotrene su aktivnosti u dru\u0161tvima u [&hellip;]<\/p>\n","protected":false},"author":1,"featured_media":0,"comment_status":"closed","ping_status":"open","sticky":false,"template":"","format":"standard","meta":{"_et_pb_use_builder":"on","_et_pb_old_content":"","_et_gb_content_width":"1080","footnotes":""},"categories":[25],"tags":[],"class_list":["post-1344","post","type-post","status-publish","format-standard","hentry","category-25"],"_links":{"self":[{"href":"https:\/\/www.slavonski-planinari.hr\/arhiva\/wp-json\/wp\/v2\/posts\/1344","targetHints":{"allow":["GET"]}}],"collection":[{"href":"https:\/\/www.slavonski-planinari.hr\/arhiva\/wp-json\/wp\/v2\/posts"}],"about":[{"href":"https:\/\/www.slavonski-planinari.hr\/arhiva\/wp-json\/wp\/v2\/types\/post"}],"author":[{"embeddable":true,"href":"https:\/\/www.slavonski-planinari.hr\/arhiva\/wp-json\/wp\/v2\/users\/1"}],"replies":[{"embeddable":true,"href":"https:\/\/www.slavonski-planinari.hr\/arhiva\/wp-json\/wp\/v2\/comments?post=1344"}],"version-history":[{"count":0,"href":"https:\/\/www.slavonski-planinari.hr\/arhiva\/wp-json\/wp\/v2\/posts\/1344\/revisions"}],"wp:attachment":[{"href":"https:\/\/www.slavonski-planinari.hr\/arhiva\/wp-json\/wp\/v2\/media?parent=1344"}],"wp:term":[{"taxonomy":"category","embeddable":true,"href":"https:\/\/www.slavonski-planinari.hr\/arhiva\/wp-json\/wp\/v2\/categories?post=1344"},{"taxonomy":"post_tag","embeddable":true,"href":"https:\/\/www.slavonski-planinari.hr\/arhiva\/wp-json\/wp\/v2\/tags?post=1344"}],"curies":[{"name":"wp","href":"https:\/\/api.w.org\/{rel}","templated":true}]}}