{"id":1340,"date":"2011-11-18T11:41:00","date_gmt":"2011-11-18T10:41:00","guid":{"rendered":"https:\/\/www.slavonski-planinari.hr\/arhiva\/?p=1340"},"modified":"2023-01-02T11:43:26","modified_gmt":"2023-01-02T10:43:26","slug":"obiljezimo-medunarodni-dan-planina-na-krndiji","status":"publish","type":"post","link":"https:\/\/www.slavonski-planinari.hr\/arhiva\/obiljezimo-medunarodni-dan-planina-na-krndiji\/","title":{"rendered":"Obilje\u017eimo Medunarodni dan planina na Krndiji!"},"content":{"rendered":"<p>[et_pb_section fb_built=&#8221;1&#8243; _builder_version=&#8221;4.19.4&#8243; _module_preset=&#8221;default&#8221; custom_padding=&#8221;4px||72px|||&#8221; global_colors_info=&#8221;{}&#8221; theme_builder_area=&#8221;post_content&#8221;][et_pb_row _builder_version=&#8221;4.19.4&#8243; _module_preset=&#8221;default&#8221; global_colors_info=&#8221;{}&#8221; theme_builder_area=&#8221;post_content&#8221;][et_pb_column type=&#8221;4_4&#8243; _builder_version=&#8221;4.19.4&#8243; _module_preset=&#8221;default&#8221; global_colors_info=&#8221;{}&#8221; theme_builder_area=&#8221;post_content&#8221;][et_pb_text _builder_version=&#8221;4.19.4&#8243; _module_preset=&#8221;default&#8221; hover_enabled=&#8221;0&#8243; global_colors_info=&#8221;{}&#8221; theme_builder_area=&#8221;post_content&#8221; sticky_enabled=&#8221;0&#8243;]<\/p>\n<div class=\"itemIntroText\">\n<p style=\"text-align: justify;\"><img loading=\"lazy\" decoding=\"async\" src=\"https:\/\/www.slavonski-planinari.hr\/arhiva\/wp-content\/uploads\/2023\/01\/mdp.jpg\" width=\"135\" height=\"101\" alt=\"\" class=\"wp-image-1342 alignleft size-full\" \/>Slavonski planinarski savez i Park prirode Papuk tradicionalno organiziraju obilje\u017eavanje Medunarodnog dana planina, 11.prosinca. Hrvatski planinarski savez svojim pokroviteljstvom podupire ovu manifestaciju i podi\u017ee ju na nacionalnu razinu.<\/p>\n<\/div>\n<div class=\"itemFullText\">\n<p style=\"text-align: justify;\">Ovogodi\u0161nje geslo Medunarodnog dana planina je &#8220;Planine i \u0161ume&#8221;, a obilje\u017eit \u0107emo ga na Krndiji, geolo\u0161ki najstarijoj slavonskoj planini.<\/p>\n<p style=\"text-align: justify;\">\n<p style=\"text-align: justify;\">Park prirode Papuk \u0107e ovom prigodom otvoriti i Pou\u010dnu stazu Kutjevo, koja govori o povijesti mjesta i zna\u010dajkama planine Krndije koja ga gotovo okru\u017euje.<\/p>\n<p style=\"text-align: justify;\">Hodat \u0107emo putem pou\u010dne staze i nastaviti dijelom markiranim, dijelom manje poznatim putevima po Krndiji do Petrovog vrha.<\/p>\n<p style=\"text-align: justify;\">\n<p style=\"text-align: justify;\"><strong>Okupljanje:<span>\u00a0<\/span><\/strong>nedjelja, 11.prosinca, u 9,00 sati, Kutjevo, kod Dvorca<\/p>\n<p style=\"text-align: justify;\"><strong>Program:<span>\u00a0<\/span><\/strong>9,30 &#8211; otvorenje Pou\u010dne staze Kutjevo, razgledavanje staze i nastavak hoda po Krndiji do Petrovog vrha i spu\u0161tanje do cestovnog prijevoja na putu Kutjevo-Orahovica &#8211; ukupno oko 4 sata hoda bez pou\u010dne staze. Na kraju puta ne\u0161to za okrijepu. Organiziran prijevoz voza\u010da do vozila u Kutjevu.<\/p>\n<p style=\"text-align: justify;\">\n<p style=\"text-align: justify;\">Osiguran letak i pe\u010dat manifestacije te vodi\u010di.<\/p>\n<p style=\"text-align: justify;\">Planinarsku odje\u0107u i opremu prilagoditi dobu godine (mogu\u0107nost ki\u0161e ili snijega, hladno\u0107a).<\/p>\n<p style=\"text-align: justify;\">\n<p style=\"text-align: justify;\"><strong>Dodatne informacije<\/strong><span>\u00a0<\/span>i najave dolaska na<span>\u00a0<\/span><span id=\"cloak30971b45499b8e295c799e9134a004c3\"><a href=\"mailto:slavonski.planinari@gmail.com\">slavonski.planinari@gmail.com<\/a><\/span><span>\u00a0<\/span>ili na 091 1814119 (Otmar Tosenberger)<\/p>\n<\/div>\n<p>[\/et_pb_text][\/et_pb_column][\/et_pb_row][\/et_pb_section]<\/p>\n","protected":false},"excerpt":{"rendered":"<p>Slavonski planinarski savez i Park prirode Papuk tradicionalno organiziraju obilje\u017eavanje Medunarodnog dana planina, 11.prosinca. Hrvatski planinarski savez svojim pokroviteljstvom podupire ovu manifestaciju i podi\u017ee ju na nacionalnu razinu. Ovogodi\u0161nje geslo Medunarodnog dana planina je &#8220;Planine i \u0161ume&#8221;, a obilje\u017eit \u0107emo ga na Krndiji, geolo\u0161ki najstarijoj slavonskoj planini. Park prirode Papuk \u0107e ovom prigodom otvoriti i [&hellip;]<\/p>\n","protected":false},"author":1,"featured_media":0,"comment_status":"closed","ping_status":"open","sticky":false,"template":"","format":"standard","meta":{"_et_pb_use_builder":"on","_et_pb_old_content":"","_et_gb_content_width":"1080","footnotes":""},"categories":[25],"tags":[],"class_list":["post-1340","post","type-post","status-publish","format-standard","hentry","category-25"],"_links":{"self":[{"href":"https:\/\/www.slavonski-planinari.hr\/arhiva\/wp-json\/wp\/v2\/posts\/1340","targetHints":{"allow":["GET"]}}],"collection":[{"href":"https:\/\/www.slavonski-planinari.hr\/arhiva\/wp-json\/wp\/v2\/posts"}],"about":[{"href":"https:\/\/www.slavonski-planinari.hr\/arhiva\/wp-json\/wp\/v2\/types\/post"}],"author":[{"embeddable":true,"href":"https:\/\/www.slavonski-planinari.hr\/arhiva\/wp-json\/wp\/v2\/users\/1"}],"replies":[{"embeddable":true,"href":"https:\/\/www.slavonski-planinari.hr\/arhiva\/wp-json\/wp\/v2\/comments?post=1340"}],"version-history":[{"count":0,"href":"https:\/\/www.slavonski-planinari.hr\/arhiva\/wp-json\/wp\/v2\/posts\/1340\/revisions"}],"wp:attachment":[{"href":"https:\/\/www.slavonski-planinari.hr\/arhiva\/wp-json\/wp\/v2\/media?parent=1340"}],"wp:term":[{"taxonomy":"category","embeddable":true,"href":"https:\/\/www.slavonski-planinari.hr\/arhiva\/wp-json\/wp\/v2\/categories?post=1340"},{"taxonomy":"post_tag","embeddable":true,"href":"https:\/\/www.slavonski-planinari.hr\/arhiva\/wp-json\/wp\/v2\/tags?post=1340"}],"curies":[{"name":"wp","href":"https:\/\/api.w.org\/{rel}","templated":true}]}}