{"id":1329,"date":"2011-10-03T11:34:00","date_gmt":"2011-10-03T10:34:00","guid":{"rendered":"https:\/\/www.slavonski-planinari.hr\/arhiva\/?p=1329"},"modified":"2023-01-02T11:38:14","modified_gmt":"2023-01-02T10:38:14","slug":"odrzan-sastanak-sps-a","status":"publish","type":"post","link":"https:\/\/www.slavonski-planinari.hr\/arhiva\/odrzan-sastanak-sps-a\/","title":{"rendered":"Odr\u017ean sastanak SPS-a"},"content":{"rendered":"<p>[et_pb_section fb_built=&#8221;1&#8243; _builder_version=&#8221;4.19.4&#8243; _module_preset=&#8221;default&#8221; custom_padding=&#8221;4px||72px|||&#8221; global_colors_info=&#8221;{}&#8221;][et_pb_row _builder_version=&#8221;4.19.4&#8243; _module_preset=&#8221;default&#8221; global_colors_info=&#8221;{}&#8221;][et_pb_column type=&#8221;4_4&#8243; _builder_version=&#8221;4.19.4&#8243; _module_preset=&#8221;default&#8221; global_colors_info=&#8221;{}&#8221;][et_pb_text _builder_version=&#8221;4.19.4&#8243; _module_preset=&#8221;default&#8221; hover_enabled=&#8221;0&#8243; global_colors_info=&#8221;{}&#8221; sticky_enabled=&#8221;0&#8243;]<\/p>\n<div class=\"itemIntroText\">\n<p><img loading=\"lazy\" decoding=\"async\" src=\"https:\/\/www.slavonski-planinari.hr\/arhiva\/wp-content\/uploads\/2023\/01\/sps_sastanak1.jpg\" width=\"114\" height=\"81\" alt=\"\" class=\"wp-image-1331 alignleft size-full\" \/>Dana 28.rujna 2011.g odr\u017ean je 7.sastanak Upravnog odbora\u00a0 Slavonskog planinarskog saveza. Sastanak je odr\u017ean u prostorijama Planinarskog dru\u0161tva \u201eLipa\u201c Lipik.<\/p>\n<\/div>\n<div class=\"itemFullText\">\n<p>&nbsp;<\/p>\n<p>Na sastanku kojeg je vodio predsjednik SPS-a Otmar Tosenberger, a zapisnik\u00a0 tajnica Nada Banovi\u0107 analiziralo se dosada\u0161nje akcije kao \u0161to je Prvi Pohod slavonskim planinama (1. dionica), 36. Slet planinara SPS-a u Novskoj i ostala doga\u0111anja. Me\u0111u ostalim usvojen je i Plan aktivnosti za 2012.godinu te dogovoreno kada i gdje \u0107e se odr\u017eati Skup\u0161tina SPS-a.<\/p>\n<p><img loading=\"lazy\" decoding=\"async\" src=\"https:\/\/www.slavonski-planinari.hr\/arhiva\/wp-content\/uploads\/2023\/01\/sps_sastanak2.jpg\" width=\"421\" height=\"288\" alt=\"\" class=\"wp-image-1332 aligncenter size-full\" srcset=\"https:\/\/www.slavonski-planinari.hr\/arhiva\/wp-content\/uploads\/2023\/01\/sps_sastanak2.jpg 421w, https:\/\/www.slavonski-planinari.hr\/arhiva\/wp-content\/uploads\/2023\/01\/sps_sastanak2-300x205.jpg 300w\" sizes=\"(max-width: 421px) 100vw, 421px\" \/><\/p>\n<p>Skup\u0161tina \u0107e se odr\u017eati\u00a0 04.03.1012.g (1. vikend u o\u017eujku) na Strmcu s po\u010detkom u 18 sati. Iz teku\u0107e problematike raspravljalo se o Planinarskoj \u0161koli, te o 6.izletu u &#8220;Nepoznati Papuk&#8221;.<\/p>\n<p>Nakon sastanka uz obilan domjenak koji nam je priredio doma\u0107in PD \u201eLipa\u201c Lipik nastavili smo se dru\u017eiti uz teme sa izleta i pohoda od na\u0161e Slavonije pa do Velebita.<\/p>\n<p style=\"text-align: right;\">Borislav \u010cerni<\/p>\n<\/div>\n<p>[\/et_pb_text][\/et_pb_column][\/et_pb_row][\/et_pb_section]<\/p>\n","protected":false},"excerpt":{"rendered":"<p>Dana 28.rujna 2011.g odr\u017ean je 7.sastanak Upravnog odbora\u00a0 Slavonskog planinarskog saveza. Sastanak je odr\u017ean u prostorijama Planinarskog dru\u0161tva \u201eLipa\u201c Lipik. &nbsp; Na sastanku kojeg je vodio predsjednik SPS-a Otmar Tosenberger, a zapisnik\u00a0 tajnica Nada Banovi\u0107 analiziralo se dosada\u0161nje akcije kao \u0161to je Prvi Pohod slavonskim planinama (1. dionica), 36. Slet planinara SPS-a u Novskoj i [&hellip;]<\/p>\n","protected":false},"author":1,"featured_media":0,"comment_status":"closed","ping_status":"open","sticky":false,"template":"","format":"standard","meta":{"_et_pb_use_builder":"on","_et_pb_old_content":"","_et_gb_content_width":"1080","footnotes":""},"categories":[25],"tags":[],"class_list":["post-1329","post","type-post","status-publish","format-standard","hentry","category-25"],"_links":{"self":[{"href":"https:\/\/www.slavonski-planinari.hr\/arhiva\/wp-json\/wp\/v2\/posts\/1329","targetHints":{"allow":["GET"]}}],"collection":[{"href":"https:\/\/www.slavonski-planinari.hr\/arhiva\/wp-json\/wp\/v2\/posts"}],"about":[{"href":"https:\/\/www.slavonski-planinari.hr\/arhiva\/wp-json\/wp\/v2\/types\/post"}],"author":[{"embeddable":true,"href":"https:\/\/www.slavonski-planinari.hr\/arhiva\/wp-json\/wp\/v2\/users\/1"}],"replies":[{"embeddable":true,"href":"https:\/\/www.slavonski-planinari.hr\/arhiva\/wp-json\/wp\/v2\/comments?post=1329"}],"version-history":[{"count":0,"href":"https:\/\/www.slavonski-planinari.hr\/arhiva\/wp-json\/wp\/v2\/posts\/1329\/revisions"}],"wp:attachment":[{"href":"https:\/\/www.slavonski-planinari.hr\/arhiva\/wp-json\/wp\/v2\/media?parent=1329"}],"wp:term":[{"taxonomy":"category","embeddable":true,"href":"https:\/\/www.slavonski-planinari.hr\/arhiva\/wp-json\/wp\/v2\/categories?post=1329"},{"taxonomy":"post_tag","embeddable":true,"href":"https:\/\/www.slavonski-planinari.hr\/arhiva\/wp-json\/wp\/v2\/tags?post=1329"}],"curies":[{"name":"wp","href":"https:\/\/api.w.org\/{rel}","templated":true}]}}