{"id":1324,"date":"2011-09-25T11:31:00","date_gmt":"2011-09-25T10:31:00","guid":{"rendered":"https:\/\/www.slavonski-planinari.hr\/arhiva\/?p=1324"},"modified":"2023-01-02T11:34:05","modified_gmt":"2023-01-02T10:34:05","slug":"umro-mali-pajdo-ivan-jakovina","status":"publish","type":"post","link":"https:\/\/www.slavonski-planinari.hr\/arhiva\/umro-mali-pajdo-ivan-jakovina\/","title":{"rendered":"Umro Mali Pajdo &#8211; Ivan Jakovina"},"content":{"rendered":"<p>[et_pb_section fb_built=&#8221;1&#8243; _builder_version=&#8221;4.19.4&#8243; _module_preset=&#8221;default&#8221; custom_padding=&#8221;4px||72px|||&#8221; global_colors_info=&#8221;{}&#8221; theme_builder_area=&#8221;post_content&#8221;][et_pb_row _builder_version=&#8221;4.19.4&#8243; _module_preset=&#8221;default&#8221; global_colors_info=&#8221;{}&#8221; theme_builder_area=&#8221;post_content&#8221;][et_pb_column type=&#8221;4_4&#8243; _builder_version=&#8221;4.19.4&#8243; _module_preset=&#8221;default&#8221; global_colors_info=&#8221;{}&#8221; theme_builder_area=&#8221;post_content&#8221;][et_pb_text _builder_version=&#8221;4.19.4&#8243; _module_preset=&#8221;default&#8221; hover_enabled=&#8221;0&#8243; global_colors_info=&#8221;{}&#8221; theme_builder_area=&#8221;post_content&#8221; sticky_enabled=&#8221;0&#8243;]<\/p>\n<div class=\"itemIntroText\">\n<p style=\"text-align: justify;\"><em><strong><img loading=\"lazy\" decoding=\"async\" src=\"https:\/\/www.slavonski-planinari.hr\/arhiva\/wp-content\/uploads\/2023\/01\/pajdo1.jpg\" width=\"173\" height=\"119\" alt=\"\" class=\"wp-image-1326 alignleft size-full\" srcset=\"https:\/\/www.slavonski-planinari.hr\/arhiva\/wp-content\/uploads\/2023\/01\/pajdo1.jpg 351w, https:\/\/www.slavonski-planinari.hr\/arhiva\/wp-content\/uploads\/2023\/01\/pajdo1-300x206.jpg 300w\" sizes=\"(max-width: 173px) 100vw, 173px\" \/>in memoriam<\/strong><\/em><\/p>\n<p style=\"text-align: justify;\">Nakon duge i te\u0161ke bolesti zauvijek nas je napustio veliki po\u017ee\u0161ki planinar Ivan Jakovina \u2013 Mali Pajdo.<\/p>\n<\/div>\n<div class=\"itemFullText\">\n<p style=\"text-align: justify;\">\n<p style=\"text-align: justify;\">Sam nadimak Mali Pajdo dobio je me\u0111u planinarima, nasuprot Velikom Pajdi, kolegi planinaru Milanu Kau\u010di\u0107u zbog razlike u visini stasa.<\/p>\n<p style=\"text-align: justify;\">\u017divot mu se sastojao od planinarenja i dobronamjernih kritika politike, bez obzira tko je na vlasti, tako je i bio suspendiran za vrijeme &#8220;Hrvatskog prolje\u0107a&#8221;.<\/p>\n<p style=\"text-align: justify;\">Ro\u0111en 02. rujna 1934. u Lukavcu (Bosna i Hercegovina) u obrtni\u010dkoj obitelji. Od 1941. do 1953. godine \u0161kolovao se u Slavonskom Brodu. Nakon zavr\u0161ene u\u010diteljske \u0161kole slu\u017ebovao je u selima Po\u017ee\u0161tine do 1962. godine kada postaje direktor Narodne knji\u017enice i \u010ditaonice u Po\u017eegi. Godine 1965. postavljen je za direktora i glavnog i odgovornog urednika &#8220;Po\u017ee\u0161kog lista&#8221;. Nakon smjenjivanja s du\u017enosti 1971.godine zbog u\u010de\u0161\u0107a u &#8220;Hrvatskom prolje\u0107u&#8221;, do umirovljenja 1993. godine radio je kao tehni\u010dki urednik\u00a0 &#8220;Po\u017ee\u0161kog lista&#8221; i &#8220;Po\u017ee\u0161kog vjesnika\u201c, te novinar &#8220;Po\u017ee\u0161kog lista&#8221; i \u017dupanijskog radija Po\u017eega.<\/p>\n<p style=\"text-align: justify;\">Pisana rije\u010d je imperativ Ivana Jakovine. Uvijek je brinuo da ni\u0161ta ne ostane zaboravljeno.<\/p>\n<p style=\"text-align: justify;\">Poznat je po kolumni &#8220;Iskrice&#8221; (&#8220;Po\u017ee\u0161ki vjesnik&#8221;), te &#8220;Fino i naopako \u0160ija\u010dijom&#8221; (&#8220;Ve\u010dernji list&#8221;) &#8211; koja je naknadno izdana kao knjiga pri biblioteci &#8220;Posegana&#8221;, urednik knjige \u201eKad se digne kuka i motika\u201c o Fra Luki Ibri\u0161imovi\u0107u i Turcima u Po\u017ee\u0161koj kotlini objavljenoj 2007. godine. Bio je osniva\u010d i suradnik \u010dasopisa &#8220;Tra\u017eenja&#8221;, Po\u017ee\u0161kog leksikona, strip revije &#8220;Patak&#8221;, &#8220;Hrvatske pokrajine&#8221;, Po\u017ee\u0161kog zbornika, &#8220;Zlatne doline&#8221;, te dugogodi\u0161nji suradnik &#8220;Na\u0161ih planina&#8221; i &#8220;Hrvatskih planina&#8221;.<br \/>\u010clan je Hrvatskog novinarskog dru\u0161tva od 1. travnja 1969. godine. Bio je \u010dlan uprave Dru\u0161tva za hrvatsku povjesnicu, Ogranka Paneuropske unije i Dru\u0161tva sv. Grgur, gdje je svojevremeno nosio naziv Velikog Grgura. Na njegov poticaj utemeljeno je novinarsko priznanje &#8220;Miroslav Kraljevi\u0107&#8221; 1971. godine, a 1968. postavljana i njegova spomen plo\u010da.<\/p>\n<p style=\"text-align: justify;\"><img loading=\"lazy\" decoding=\"async\" src=\"https:\/\/www.slavonski-planinari.hr\/arhiva\/wp-content\/uploads\/2023\/01\/pajdo2.jpg\" width=\"421\" height=\"288\" alt=\"\" class=\"wp-image-1327 aligncenter size-full\" srcset=\"https:\/\/www.slavonski-planinari.hr\/arhiva\/wp-content\/uploads\/2023\/01\/pajdo2.jpg 421w, https:\/\/www.slavonski-planinari.hr\/arhiva\/wp-content\/uploads\/2023\/01\/pajdo2-300x205.jpg 300w\" sizes=\"(max-width: 421px) 100vw, 421px\" \/><\/p>\n<p style=\"text-align: justify;\">Mali Pajdo je tako\u0111er primio vatrogasna priznanja za promicanje vatrogastva u Ivandolu i Zakorenju. Zaslu\u017ean je \u0161to su u organizaciji Dru\u0161tva za hrvatsku povjesnicu i Po\u017ee\u0161kih \u0161umara, na lokalitete starih gradova i utvrda na Po\u017ee\u0161koj gori i Papuku postavljene spomen plo\u010de. Niz godina je bio sudac porotnik po\u017ee\u0161kog Op\u0107inskog suda i turisti\u010dki vodi\u010d, te \u010dlan Odbora za odre\u0111ivanje imena ulica i trgova Grada Po\u017eege.<\/p>\n<p style=\"text-align: justify;\">Za sveukupan profesionalni i dru\u0161tveno koristan rad dobio je 2004. godine nagradu Grada Po\u017eege za \u017eivotno djelo.<\/p>\n<p style=\"text-align: justify;\">Kao aktivni planinar i planinarski publicist, nositelj je planinarskih nagrada najvi\u0161eg reda (zlatni znak HPS 1985. godine, plaketa HPS 1996. godine, srebrni znak PSJ 1990. godine), te priznanja mati\u010dnog planinarskog dru\u0161tva), bio je urednik Biblioteke &#8220;Papuk&#8221;, ali ono \u0161to je manje poznato je da se u osamdesetima isticao kao nositelj prosvjeda protiv odlaganja nuklearnog otpada u blizini Po\u017eege, te se zalagao za uklanjanje kamenoloma s Lapjaka na drugu lokaciju. Za\u010detnik je mnogih kulturnih projekata i manifestacija na Po\u017ee\u0161tini, pa tako manifestacije \u201ePapu\u010dki jaglaci\u201c koja se ve\u0107 trideset godina obilje\u017eava na prvi dan prolje\u0107a u Papuku.<\/p>\n<p style=\"text-align: justify;\">Svesrdno je pisao o temama vezanim za za\u0161titu prirode, naro\u010dito Papuka i njegovih potoka Dubo\u010danke i Veli\u010danke.<\/p>\n<p style=\"text-align: justify;\">Bio je aktivan planinar HPD \u201eSokolovac 1898.\u201c iz Po\u017eega, gdje je bio vodi\u010d dru\u0161tvenih izleta i omiljen planinarski prijatelj.<\/p>\n<p style=\"text-align: justify;\">Aktivan je i neizostavni zagovornik i u\u010desnik svih akcija i aktivnosti koje su ja\u010dale i afirmirale slavonsko planinarstvo, slavonske planine, slavonsko planinarsko zajedni\u0161tvo.<\/p>\n<p style=\"text-align: justify;\">Po\u017ee\u017eani su se od Malog Pajde oprostili na komemoraciji u dvorani po\u017ee\u0161kog Gradskog kazali\u0161ta.<\/p>\n<\/div>\n<p>[\/et_pb_text][\/et_pb_column][\/et_pb_row][\/et_pb_section]<\/p>\n","protected":false},"excerpt":{"rendered":"<p>in memoriam Nakon duge i te\u0161ke bolesti zauvijek nas je napustio veliki po\u017ee\u0161ki planinar Ivan Jakovina \u2013 Mali Pajdo. Sam nadimak Mali Pajdo dobio je me\u0111u planinarima, nasuprot Velikom Pajdi, kolegi planinaru Milanu Kau\u010di\u0107u zbog razlike u visini stasa. \u017divot mu se sastojao od planinarenja i dobronamjernih kritika politike, bez obzira tko je na vlasti, [&hellip;]<\/p>\n","protected":false},"author":1,"featured_media":0,"comment_status":"closed","ping_status":"open","sticky":false,"template":"","format":"standard","meta":{"_et_pb_use_builder":"on","_et_pb_old_content":"","_et_gb_content_width":"1080","footnotes":""},"categories":[25],"tags":[],"class_list":["post-1324","post","type-post","status-publish","format-standard","hentry","category-25"],"_links":{"self":[{"href":"https:\/\/www.slavonski-planinari.hr\/arhiva\/wp-json\/wp\/v2\/posts\/1324","targetHints":{"allow":["GET"]}}],"collection":[{"href":"https:\/\/www.slavonski-planinari.hr\/arhiva\/wp-json\/wp\/v2\/posts"}],"about":[{"href":"https:\/\/www.slavonski-planinari.hr\/arhiva\/wp-json\/wp\/v2\/types\/post"}],"author":[{"embeddable":true,"href":"https:\/\/www.slavonski-planinari.hr\/arhiva\/wp-json\/wp\/v2\/users\/1"}],"replies":[{"embeddable":true,"href":"https:\/\/www.slavonski-planinari.hr\/arhiva\/wp-json\/wp\/v2\/comments?post=1324"}],"version-history":[{"count":0,"href":"https:\/\/www.slavonski-planinari.hr\/arhiva\/wp-json\/wp\/v2\/posts\/1324\/revisions"}],"wp:attachment":[{"href":"https:\/\/www.slavonski-planinari.hr\/arhiva\/wp-json\/wp\/v2\/media?parent=1324"}],"wp:term":[{"taxonomy":"category","embeddable":true,"href":"https:\/\/www.slavonski-planinari.hr\/arhiva\/wp-json\/wp\/v2\/categories?post=1324"},{"taxonomy":"post_tag","embeddable":true,"href":"https:\/\/www.slavonski-planinari.hr\/arhiva\/wp-json\/wp\/v2\/tags?post=1324"}],"curies":[{"name":"wp","href":"https:\/\/api.w.org\/{rel}","templated":true}]}}