{"id":1317,"date":"2011-06-15T11:28:00","date_gmt":"2011-06-15T10:28:00","guid":{"rendered":"https:\/\/www.slavonski-planinari.hr\/arhiva\/?p=1317"},"modified":"2023-01-02T11:31:10","modified_gmt":"2023-01-02T10:31:10","slug":"susret-planinara-pjesnika-i-slikara","status":"publish","type":"post","link":"https:\/\/www.slavonski-planinari.hr\/arhiva\/susret-planinara-pjesnika-i-slikara\/","title":{"rendered":"Susret planinara, pjesnika i slikara"},"content":{"rendered":"<p>[et_pb_section fb_built=&#8221;1&#8243; _builder_version=&#8221;4.19.4&#8243; _module_preset=&#8221;default&#8221; custom_padding=&#8221;4px||72px|||&#8221; global_colors_info=&#8221;{}&#8221; theme_builder_area=&#8221;post_content&#8221;][et_pb_row _builder_version=&#8221;4.19.4&#8243; _module_preset=&#8221;default&#8221; global_colors_info=&#8221;{}&#8221; theme_builder_area=&#8221;post_content&#8221;][et_pb_column type=&#8221;4_4&#8243; _builder_version=&#8221;4.19.4&#8243; _module_preset=&#8221;default&#8221; global_colors_info=&#8221;{}&#8221; theme_builder_area=&#8221;post_content&#8221;][et_pb_text _builder_version=&#8221;4.19.4&#8243; _module_preset=&#8221;default&#8221; hover_enabled=&#8221;0&#8243; global_colors_info=&#8221;{}&#8221; theme_builder_area=&#8221;post_content&#8221; sticky_enabled=&#8221;0&#8243;]<\/p>\n<div class=\"itemIntroText\">\n<p style=\"text-align: justify;\"><img loading=\"lazy\" decoding=\"async\" src=\"https:\/\/www.slavonski-planinari.hr\/arhiva\/wp-content\/uploads\/2023\/01\/pjesnici1.jpg\" width=\"196\" height=\"135\" alt=\"\" class=\"wp-image-1319 alignleft size-full\" srcset=\"https:\/\/www.slavonski-planinari.hr\/arhiva\/wp-content\/uploads\/2023\/01\/pjesnici1.jpg 336w, https:\/\/www.slavonski-planinari.hr\/arhiva\/wp-content\/uploads\/2023\/01\/pjesnici1-300x206.jpg 300w\" sizes=\"(max-width: 196px) 100vw, 196px\" \/>HPD \u201eSokolovac\u201c Po\u017eega ove godine je preuzeo ulogu organizatora dosada\u0161njih SUSRETA PLANINARA PJESNIKA na Sovskom jezeru od PD \u201eDilj gora\u201c iz Slavonskog Broda koji su do sada bili organizatori.. Ovogodi\u0161nji SUSRET se odr\u017eao u nedjelju, 5. lipnja 2011. godine na Sovskom jezeru, s po\u010detkom u 11 sati.<\/p>\n<\/div>\n<div class=\"itemFullText\">\n<p style=\"text-align: justify;\">Novost je \u0161to je po prvi puta to bio SUSRET i planinara slikara koji su se mogli izraziti nekom od tehnika (slikarskom-tempera, akvarel, pastel, gva\u0161, akrilik, kola\u017e, mozaik\u2026, crta\u010dkom-olovka, tu\u0161, srebrenka, ugljen, kreda, flomaster, kemijska\u2026) u prostoru ovog prirodnog fenomena.<\/p>\n<p style=\"text-align: justify;\">Op\u0107ina \u010caglin je preuzela pokroviteljstvo kako bi ova planinarska, turisti\u010dka i kulturna manifestacija dobila svoju primjerenu formu.<\/p>\n<p style=\"text-align: justify;\"><img loading=\"lazy\" decoding=\"async\" src=\"https:\/\/www.slavonski-planinari.hr\/arhiva\/wp-content\/uploads\/2023\/01\/pjesnici2.jpg\" width=\"621\" height=\"359\" alt=\"\" class=\"wp-image-1320 aligncenter size-full\" srcset=\"https:\/\/www.slavonski-planinari.hr\/arhiva\/wp-content\/uploads\/2023\/01\/pjesnici2.jpg 621w, https:\/\/www.slavonski-planinari.hr\/arhiva\/wp-content\/uploads\/2023\/01\/pjesnici2-480x277.jpg 480w\" sizes=\"(min-width: 0px) and (max-width: 480px) 480px, (min-width: 481px) 621px, 100vw\" \/><\/p>\n<p style=\"text-align: justify;\">Na SUSRETU PLANINARA PJESNIKA I SLIKARA bilo je prisutno dvjestotinjak planinara iz deset planinarskih dru\u0161tava iz Hrvatske, BiH i Ma\u0111arske.<\/p>\n<p style=\"text-align: justify;\"><img loading=\"lazy\" decoding=\"async\" src=\"https:\/\/www.slavonski-planinari.hr\/arhiva\/wp-content\/uploads\/2023\/01\/pjesnici3.jpg\" width=\"621\" height=\"359\" alt=\"\" class=\"wp-image-1321 aligncenter size-full\" srcset=\"https:\/\/www.slavonski-planinari.hr\/arhiva\/wp-content\/uploads\/2023\/01\/pjesnici3.jpg 621w, https:\/\/www.slavonski-planinari.hr\/arhiva\/wp-content\/uploads\/2023\/01\/pjesnici3-480x277.jpg 480w\" sizes=\"(min-width: 0px) and (max-width: 480px) 480px, (min-width: 481px) 621px, 100vw\" \/><\/p>\n<p style=\"text-align: justify;\">Tradicionalni planinarski ru\u010dak grah podijeljen je svim sudionicima besplatno, a organizirana je i ugostiteljska ponuda, kao i prodaja suvenira u ve\u0107 znanoj organizacijskoj tradiciji po\u017ee\u0161kih planinara.<\/p>\n<p style=\"text-align: justify;\">U Po\u017eegi, 14.lipnja 2011.<\/p>\n<p style=\"text-align: right;\">HRVATSKO PLANINARSKO DRU\u0160TVO<br \/>\u201eSOKOLOVAC\u201c<br \/>PO\u017dEGA<\/p>\n<p style=\"text-align: right;\">Tajnik:<br \/>Predrag Livak, v.r.<\/p>\n<\/div>\n<p>[\/et_pb_text][\/et_pb_column][\/et_pb_row][\/et_pb_section]<\/p>\n","protected":false},"excerpt":{"rendered":"<p>HPD \u201eSokolovac\u201c Po\u017eega ove godine je preuzeo ulogu organizatora dosada\u0161njih SUSRETA PLANINARA PJESNIKA na Sovskom jezeru od PD \u201eDilj gora\u201c iz Slavonskog Broda koji su do sada bili organizatori.. Ovogodi\u0161nji SUSRET se odr\u017eao u nedjelju, 5. lipnja 2011. godine na Sovskom jezeru, s po\u010detkom u 11 sati. Novost je \u0161to je po prvi puta to [&hellip;]<\/p>\n","protected":false},"author":1,"featured_media":0,"comment_status":"closed","ping_status":"open","sticky":false,"template":"","format":"standard","meta":{"_et_pb_use_builder":"on","_et_pb_old_content":"","_et_gb_content_width":"1080","footnotes":""},"categories":[25],"tags":[],"class_list":["post-1317","post","type-post","status-publish","format-standard","hentry","category-25"],"_links":{"self":[{"href":"https:\/\/www.slavonski-planinari.hr\/arhiva\/wp-json\/wp\/v2\/posts\/1317","targetHints":{"allow":["GET"]}}],"collection":[{"href":"https:\/\/www.slavonski-planinari.hr\/arhiva\/wp-json\/wp\/v2\/posts"}],"about":[{"href":"https:\/\/www.slavonski-planinari.hr\/arhiva\/wp-json\/wp\/v2\/types\/post"}],"author":[{"embeddable":true,"href":"https:\/\/www.slavonski-planinari.hr\/arhiva\/wp-json\/wp\/v2\/users\/1"}],"replies":[{"embeddable":true,"href":"https:\/\/www.slavonski-planinari.hr\/arhiva\/wp-json\/wp\/v2\/comments?post=1317"}],"version-history":[{"count":0,"href":"https:\/\/www.slavonski-planinari.hr\/arhiva\/wp-json\/wp\/v2\/posts\/1317\/revisions"}],"wp:attachment":[{"href":"https:\/\/www.slavonski-planinari.hr\/arhiva\/wp-json\/wp\/v2\/media?parent=1317"}],"wp:term":[{"taxonomy":"category","embeddable":true,"href":"https:\/\/www.slavonski-planinari.hr\/arhiva\/wp-json\/wp\/v2\/categories?post=1317"},{"taxonomy":"post_tag","embeddable":true,"href":"https:\/\/www.slavonski-planinari.hr\/arhiva\/wp-json\/wp\/v2\/tags?post=1317"}],"curies":[{"name":"wp","href":"https:\/\/api.w.org\/{rel}","templated":true}]}}