{"id":1314,"date":"2011-06-13T11:24:00","date_gmt":"2011-06-13T10:24:00","guid":{"rendered":"https:\/\/www.slavonski-planinari.hr\/arhiva\/?p=1314"},"modified":"2023-01-02T11:26:54","modified_gmt":"2023-01-02T10:26:54","slug":"prvi-pohod-slavonskim-planinama","status":"publish","type":"post","link":"https:\/\/www.slavonski-planinari.hr\/arhiva\/prvi-pohod-slavonskim-planinama\/","title":{"rendered":"Prvi Pohod slavonskim planinama"},"content":{"rendered":"<p>[et_pb_section fb_built=&#8221;1&#8243; _builder_version=&#8221;4.19.4&#8243; _module_preset=&#8221;default&#8221; custom_padding=&#8221;4px||72px|||&#8221; global_colors_info=&#8221;{}&#8221; theme_builder_area=&#8221;post_content&#8221;][et_pb_row _builder_version=&#8221;4.19.4&#8243; _module_preset=&#8221;default&#8221; global_colors_info=&#8221;{}&#8221; theme_builder_area=&#8221;post_content&#8221;][et_pb_column type=&#8221;4_4&#8243; _builder_version=&#8221;4.19.4&#8243; _module_preset=&#8221;default&#8221; global_colors_info=&#8221;{}&#8221; theme_builder_area=&#8221;post_content&#8221;][et_pb_text _builder_version=&#8221;4.19.4&#8243; _module_preset=&#8221;default&#8221; hover_enabled=&#8221;0&#8243; global_colors_info=&#8221;{}&#8221; theme_builder_area=&#8221;post_content&#8221; sticky_enabled=&#8221;0&#8243;]<\/p>\n<div class=\"itemIntroText\">\n<p style=\"text-align: justify;\"><img loading=\"lazy\" decoding=\"async\" src=\"https:\/\/www.slavonski-planinari.hr\/arhiva\/wp-content\/uploads\/2023\/01\/logo_spp.jpg\" width=\"66\" height=\"62\" alt=\"\" class=\"wp-image-1306 alignleft size-full\" \/>dionica Psunj: pl.dom Petrov vrh &#8211; pl.dom.Omanovac (no\u0107enje) &#8211; pl. ku\u0107a Strmac<br \/>vrijeme: 21\/22. svibnja 2011.<\/p>\n<\/div>\n<div class=\"itemFullText\">\n<p style=\"text-align: justify;\">\n<p style=\"text-align: justify;\"><strong>brojke:<\/strong><\/p>\n<ul style=\"text-align: justify;\">\n<li>ukupno 100-tinjak sudionika kroz oba dana<\/li>\n<li>15 slavonskih PD, 4 Zagreba\u010dka i Bjelovarsko PD<\/li>\n<li>stanice HGSS Po\u017eega i Bjelovar<\/li>\n<li>ukupno 19 sati hoda po standardnoj satnici za one koji su hodali cijeli pohod<\/li>\n<li>cijelu turu pro\u0161lo oko 1\/3 sudionika, ostali su hodali dijelove ture prvog, drugog ili oba dana<\/li>\n<\/ul>\n<p style=\"text-align: justify;\">2 \u010dlana HPD Bilogora Bjelovar nastavila s obilaskom cijele trase SPP &#8220;u jednom dahu&#8221;, obilazak zavr\u0161ili 28.5. (subota) oko 16 sati. To je prvi turni obilazak nove, kru\u017ene, trase SPP. Na terenu su im logisti\u010dki pomogli povjerenici dionica SPP i \u010dlanovi lokalnih PD.<\/p>\n<p style=\"text-align: justify;\"><strong>posebnost:<\/strong><\/p>\n<ul style=\"text-align: justify;\">\n<li>prigodno je otvorena pro\u0161irena trasa SPP, s novom dionicom od pl. doma Petrov vrh do pl.doma Omanovac. Trasa je od sada kru\u017ena, po\u010dinje od pl.doma Petrov vrh i na njemu zavr\u0161ava. Pove\u0107an je broj KT na 31 obaveznu i 4 neobavezne. Izdan je novi dnevnik koji je u prodaji od Pohoda (50 kn).<\/li>\n<\/ul>\n<p style=\"text-align: justify;\">Sudionicima su ponu\u0111eni Karton i prigodni pe\u010dat Pohoda.<\/p>\n<p style=\"text-align: justify;\"><strong>organizator:<\/strong><\/p>\n<ul style=\"text-align: justify;\">\n<li>SPS, Komisija za SPP iPP<\/li>\n<\/ul>\n<p style=\"text-align: justify;\"><strong>glavni vodi\u010d i organizator pripreme trase<\/strong>:<\/p>\n<ul style=\"text-align: justify;\">\n<li>\u017darko Ro\u010dek, povjerenik dionice Psunj<\/li>\n<\/ul>\n<p style=\"text-align: justify;\"><strong>op\u0107a organizacija i logistika:<\/strong><\/p>\n<ul style=\"text-align: justify;\">\n<li>Slavko Pokorny, Berislav Tkalac, Otmar Tosenberger uz pomo\u0107 \u010dlanova doma\u0107ih PD: Petrov vrh, Psunj, Lipa i Strmac<\/li>\n<li>domari pl.domova Petrov vrh i Omanovac te pl. ku\u0107e Strmac<\/li>\n<\/ul>\n<p style=\"text-align: justify;\"><strong>zahvala:<\/strong><\/p>\n<ul>\n<li style=\"text-align: justify;\">Zavi\u010dajnom klubu \u0160panov\u010dana i svima drugima koji su na bilo koji na\u010din pomogli odr\u017eavanju Pohoda<\/li>\n<\/ul>\n<\/div>\n<p>[\/et_pb_text][\/et_pb_column][\/et_pb_row][\/et_pb_section]<\/p>\n","protected":false},"excerpt":{"rendered":"<p>dionica Psunj: pl.dom Petrov vrh &#8211; pl.dom.Omanovac (no\u0107enje) &#8211; pl. ku\u0107a Strmacvrijeme: 21\/22. svibnja 2011. brojke: ukupno 100-tinjak sudionika kroz oba dana 15 slavonskih PD, 4 Zagreba\u010dka i Bjelovarsko PD stanice HGSS Po\u017eega i Bjelovar ukupno 19 sati hoda po standardnoj satnici za one koji su hodali cijeli pohod cijelu turu pro\u0161lo oko 1\/3 sudionika, [&hellip;]<\/p>\n","protected":false},"author":1,"featured_media":0,"comment_status":"closed","ping_status":"open","sticky":false,"template":"","format":"standard","meta":{"_et_pb_use_builder":"on","_et_pb_old_content":"","_et_gb_content_width":"1080","footnotes":""},"categories":[25],"tags":[],"class_list":["post-1314","post","type-post","status-publish","format-standard","hentry","category-25"],"_links":{"self":[{"href":"https:\/\/www.slavonski-planinari.hr\/arhiva\/wp-json\/wp\/v2\/posts\/1314","targetHints":{"allow":["GET"]}}],"collection":[{"href":"https:\/\/www.slavonski-planinari.hr\/arhiva\/wp-json\/wp\/v2\/posts"}],"about":[{"href":"https:\/\/www.slavonski-planinari.hr\/arhiva\/wp-json\/wp\/v2\/types\/post"}],"author":[{"embeddable":true,"href":"https:\/\/www.slavonski-planinari.hr\/arhiva\/wp-json\/wp\/v2\/users\/1"}],"replies":[{"embeddable":true,"href":"https:\/\/www.slavonski-planinari.hr\/arhiva\/wp-json\/wp\/v2\/comments?post=1314"}],"version-history":[{"count":0,"href":"https:\/\/www.slavonski-planinari.hr\/arhiva\/wp-json\/wp\/v2\/posts\/1314\/revisions"}],"wp:attachment":[{"href":"https:\/\/www.slavonski-planinari.hr\/arhiva\/wp-json\/wp\/v2\/media?parent=1314"}],"wp:term":[{"taxonomy":"category","embeddable":true,"href":"https:\/\/www.slavonski-planinari.hr\/arhiva\/wp-json\/wp\/v2\/categories?post=1314"},{"taxonomy":"post_tag","embeddable":true,"href":"https:\/\/www.slavonski-planinari.hr\/arhiva\/wp-json\/wp\/v2\/tags?post=1314"}],"curies":[{"name":"wp","href":"https:\/\/api.w.org\/{rel}","templated":true}]}}