{"id":1309,"date":"2011-06-08T11:20:00","date_gmt":"2011-06-08T10:20:00","guid":{"rendered":"https:\/\/www.slavonski-planinari.hr\/arhiva\/?p=1309"},"modified":"2023-01-02T11:24:14","modified_gmt":"2023-01-02T10:24:14","slug":"odrzan-sastanak-upravnog-odbora-sps-a","status":"publish","type":"post","link":"https:\/\/www.slavonski-planinari.hr\/arhiva\/odrzan-sastanak-upravnog-odbora-sps-a\/","title":{"rendered":"Odr\u017ean sastanak Upravnog odbora SPS-a"},"content":{"rendered":"<p>[et_pb_section fb_built=&#8221;1&#8243; _builder_version=&#8221;4.19.4&#8243; _module_preset=&#8221;default&#8221; custom_padding=&#8221;4px||72px|||&#8221; global_colors_info=&#8221;{}&#8221; theme_builder_area=&#8221;post_content&#8221;][et_pb_row _builder_version=&#8221;4.19.4&#8243; _module_preset=&#8221;default&#8221; global_colors_info=&#8221;{}&#8221; theme_builder_area=&#8221;post_content&#8221;][et_pb_column type=&#8221;4_4&#8243; _builder_version=&#8221;4.19.4&#8243; _module_preset=&#8221;default&#8221; global_colors_info=&#8221;{}&#8221; theme_builder_area=&#8221;post_content&#8221;][et_pb_text _builder_version=&#8221;4.19.4&#8243; _module_preset=&#8221;default&#8221; hover_enabled=&#8221;0&#8243; global_colors_info=&#8221;{}&#8221; theme_builder_area=&#8221;post_content&#8221; sticky_enabled=&#8221;0&#8243;]<\/p>\n<div class=\"itemIntroText\">\n<p><img loading=\"lazy\" decoding=\"async\" src=\"https:\/\/www.slavonski-planinari.hr\/arhiva\/wp-content\/uploads\/2023\/01\/sastanak.jpg\" width=\"171\" height=\"121\" alt=\"\" class=\"wp-image-1311 alignleft size-full\" \/>18. svibnja 2011. odr\u017ean je sastanak Upravnog odbora SPS-a u Novskoj. Na sastanku su definirani zadaci u cilju uspje\u0161ne organizacije prvog Pohoda slavonskim planinama.<\/p>\n<\/div>\n<div class=\"itemFullText\">\n<p>Upravni odbor je podr\u017eao inicijativu za formiranje muzejske zbirke slavonskog planinarstva.<\/p>\n<p>&nbsp;<\/p>\n<p>&nbsp;<\/p>\n<p>Prihva\u0107ena je informacija o pripremama o organizaciji 36. Sleta planinara Slavonije, te organizaciji planinarske \u0161kole u Planinarskom domu \u201ePetrov vrh\u201c kod Daruvara.<\/p>\n<p><img loading=\"lazy\" decoding=\"async\" src=\"https:\/\/www.slavonski-planinari.hr\/arhiva\/wp-content\/uploads\/2023\/01\/sastanak2.jpg\" width=\"421\" height=\"288\" alt=\"\" class=\"wp-image-1312 size-full\" style=\"display: block; margin-left: auto; margin-right: auto;\" srcset=\"https:\/\/www.slavonski-planinari.hr\/arhiva\/wp-content\/uploads\/2023\/01\/sastanak2.jpg 421w, https:\/\/www.slavonski-planinari.hr\/arhiva\/wp-content\/uploads\/2023\/01\/sastanak2-300x205.jpg 300w\" sizes=\"(max-width: 421px) 100vw, 421px\" \/><\/p>\n<\/div>\n<p>[\/et_pb_text][\/et_pb_column][\/et_pb_row][\/et_pb_section]<\/p>\n","protected":false},"excerpt":{"rendered":"<p>18. svibnja 2011. odr\u017ean je sastanak Upravnog odbora SPS-a u Novskoj. Na sastanku su definirani zadaci u cilju uspje\u0161ne organizacije prvog Pohoda slavonskim planinama. Upravni odbor je podr\u017eao inicijativu za formiranje muzejske zbirke slavonskog planinarstva. &nbsp; &nbsp; Prihva\u0107ena je informacija o pripremama o organizaciji 36. Sleta planinara Slavonije, te organizaciji planinarske \u0161kole u Planinarskom domu [&hellip;]<\/p>\n","protected":false},"author":1,"featured_media":0,"comment_status":"closed","ping_status":"open","sticky":false,"template":"","format":"standard","meta":{"_et_pb_use_builder":"on","_et_pb_old_content":"","_et_gb_content_width":"1080","footnotes":""},"categories":[25],"tags":[],"class_list":["post-1309","post","type-post","status-publish","format-standard","hentry","category-25"],"_links":{"self":[{"href":"https:\/\/www.slavonski-planinari.hr\/arhiva\/wp-json\/wp\/v2\/posts\/1309","targetHints":{"allow":["GET"]}}],"collection":[{"href":"https:\/\/www.slavonski-planinari.hr\/arhiva\/wp-json\/wp\/v2\/posts"}],"about":[{"href":"https:\/\/www.slavonski-planinari.hr\/arhiva\/wp-json\/wp\/v2\/types\/post"}],"author":[{"embeddable":true,"href":"https:\/\/www.slavonski-planinari.hr\/arhiva\/wp-json\/wp\/v2\/users\/1"}],"replies":[{"embeddable":true,"href":"https:\/\/www.slavonski-planinari.hr\/arhiva\/wp-json\/wp\/v2\/comments?post=1309"}],"version-history":[{"count":0,"href":"https:\/\/www.slavonski-planinari.hr\/arhiva\/wp-json\/wp\/v2\/posts\/1309\/revisions"}],"wp:attachment":[{"href":"https:\/\/www.slavonski-planinari.hr\/arhiva\/wp-json\/wp\/v2\/media?parent=1309"}],"wp:term":[{"taxonomy":"category","embeddable":true,"href":"https:\/\/www.slavonski-planinari.hr\/arhiva\/wp-json\/wp\/v2\/categories?post=1309"},{"taxonomy":"post_tag","embeddable":true,"href":"https:\/\/www.slavonski-planinari.hr\/arhiva\/wp-json\/wp\/v2\/tags?post=1309"}],"curies":[{"name":"wp","href":"https:\/\/api.w.org\/{rel}","templated":true}]}}