{"id":1304,"date":"2011-05-10T11:15:00","date_gmt":"2011-05-10T10:15:00","guid":{"rendered":"https:\/\/www.slavonski-planinari.hr\/arhiva\/?p=1304"},"modified":"2023-01-02T11:19:10","modified_gmt":"2023-01-02T10:19:10","slug":"poziv-na-prvi-pohod-slavonskim-planinama","status":"publish","type":"post","link":"https:\/\/www.slavonski-planinari.hr\/arhiva\/poziv-na-prvi-pohod-slavonskim-planinama\/","title":{"rendered":"Poziv na prvi &#8220;Pohod slavonskim planinama&#8221;"},"content":{"rendered":"<p>[et_pb_section fb_built=&#8221;1&#8243; _builder_version=&#8221;4.19.4&#8243; _module_preset=&#8221;default&#8221; custom_padding=&#8221;4px||72px|||&#8221; global_colors_info=&#8221;{}&#8221; theme_builder_area=&#8221;post_content&#8221;][et_pb_row _builder_version=&#8221;4.19.4&#8243; _module_preset=&#8221;default&#8221; global_colors_info=&#8221;{}&#8221; theme_builder_area=&#8221;post_content&#8221;][et_pb_column type=&#8221;4_4&#8243; _builder_version=&#8221;4.19.4&#8243; _module_preset=&#8221;default&#8221; global_colors_info=&#8221;{}&#8221; theme_builder_area=&#8221;post_content&#8221;][et_pb_text _builder_version=&#8221;4.19.4&#8243; _module_preset=&#8221;default&#8221; hover_enabled=&#8221;0&#8243; global_colors_info=&#8221;{}&#8221; theme_builder_area=&#8221;post_content&#8221; sticky_enabled=&#8221;0&#8243;]<\/p>\n<div class=\"itemIntroText\">\n<p style=\"text-align: justify;\"><img loading=\"lazy\" decoding=\"async\" src=\"https:\/\/www.slavonski-planinari.hr\/arhiva\/wp-content\/uploads\/2023\/01\/sps_logo.jpg\" width=\"123\" height=\"123\" alt=\"\" class=\"wp-image-1307 alignleft size-full\" srcset=\"https:\/\/www.slavonski-planinari.hr\/arhiva\/wp-content\/uploads\/2023\/01\/sps_logo.jpg 292w, https:\/\/www.slavonski-planinari.hr\/arhiva\/wp-content\/uploads\/2023\/01\/sps_logo-150x150.jpg 150w\" sizes=\"(max-width: 123px) 100vw, 123px\" \/>Dragi prijatelji, planinarke i planinari, kako smo ve\u0107 najavili, pozivamo vas na prvi &#8220;Pohod slavonskim planinama&#8221; trasom SPP-a od Petrovog vrha preko Omanovca do Strmca i otvaranje pro\u0161irene &#8211; zaokru\u017eene trase Slavonskog planinarskog puta.<\/p>\n<\/div>\n<div class=\"itemFullText\">\n<p style=\"text-align: justify;\">Slavonski planinarski put uspostavljen je 27. srpnja 1957. kao prva planinarska obilaznica u Hrvatskoj. Put je zapo\u010dinjao na \u017eeljezni\u010dkoj postaji Lond\u017eica, a vodio je preko Krndije i Papuka do Strmca na Psunju. Put je imao 20 kontrolnih to\u010daka, a po du\u017eini je bio gotovo upola manji od dana\u0161nje trase.<\/p>\n<p style=\"text-align: justify;\">Nakon Domovinskog rata SPP je obnovljen i ponovno otvoren 1. srpnja 2000. Nova trasa imala je 18 kontrolnih to\u010daka i oblik potkove koja zapo\u010dinje na Omanovcu iznad Pakraca, a zavr\u0161ava na Petrovu vrhu kod Daruvara. Neznatne izmjene na trasi puta dogodile su se 2003. godine kada je tiskano novo izdanje dnevnika sa 20 KT.<\/p>\n<p style=\"text-align: justify;\">Slavonski planinarski savez ove godine zapo\u010dinje s odr\u017eavanjem &#8220;Pohoda slavonskim planinama&#8221;, i otvara novu dionicu koja spaja Pl.dom Petrov vrh i Pl. dom Omanovac. Time SPP postaje kru\u017ena obilaznica s 31 obaveznom i 4 neobavezne kontrolne to\u010dke. S pro\u0161irenjem trase utvr\u0111en je i druga\u010diji raspored te pove\u0107an broj KT te pripremljen novi Dnevnik SPP.<\/p>\n<p style=\"text-align: justify;\">Prvi pohod odr\u017eat \u0107e se 21. i 22. svibnja. 2011. Dvodnevni pohod slavonskim planinama odr\u017eavat \u0107e se svake godine tre\u0107eg vikenda u svibnju, a svaki put obilazit \u0107e se jedna dionica SPP-a. Na taj na\u010din za pet godina obi\u0107i \u0107e se cijela trasa SPP-a i zapo\u010deti ponovno od po\u010detka. Planinari koji to \u017eele, osim dnevnika SPP-a mo\u0107i \u0107e kupiti karton pohoda u koji \u0107e utiskivati prigodni pe\u010dat Pohoda. Sudionici svih pet Pohoda dobivaju spomen plaketu, a za sve koji SPP prije\u0111u &#8220;u jednom dahu&#8221; (a takvih je do sad bilo samo 7) predvi\u0111eno je posebno priznanje.<\/p>\n<h2 style=\"text-align: justify;\"><strong>PROGRAM POHODA:<\/strong><\/h2>\n<p style=\"text-align: justify;\">Ako netko \u017eeli u dom do\u0107i u petak nave\u010der, za rezervaciju smje\u0161taja i informacije o prehrani treba obratiti izravno: Slavko Pokorny, mob:0915830288<\/p>\n<p style=\"text-align: justify;\"><strong>21.05. subota<\/strong><\/p>\n<ul style=\"text-align: justify;\">\n<li>7,00\u00a0 &#8211; okupljanje sudionika ispred pl. doma Petrov vrh iznad Daruvara.<br \/>Pozdravna rije\u010d organizatora, otvaranja nove dionice te progla\u0161enja novog Dnevnika SPP va\u017ee\u0107im<\/li>\n<\/ul>\n<ul style=\"text-align: justify;\">\n<li>7,30\u00a0 kre\u0107e se na pohod. u dvije grupe:<br \/>A) zahtjevnija &#8211; za one koji planiraju hodati svih 10 sati do Omanovca (ve\u0107a pauza u \u0160panovici)<br \/>B) prosje\u010dna &#8211; za one koji planiraju hodati 6 sati do \u0160panovice, a poslije toga se prebacuju vozilima do Omanovca<\/li>\n<\/ul>\n<p><img loading=\"lazy\" decoding=\"async\" src=\"https:\/\/www.slavonski-planinari.hr\/arhiva\/wp-content\/uploads\/2023\/01\/logo_spp.jpg\" width=\"171\" height=\"159\" alt=\"\" class=\"wp-image-1306 alignleft size-full\" style=\"float: right;\" \/>Satnica prvog dana: manastir Pakra (2 h), Veliki Javornik (2 h), \u0160panovica (2 h), \u010caklovac (2 h)\u00a0 Omanovca (2 h) &#8211; ukupno 10 h.<\/p>\n<p style=\"text-align: justify;\">Svaka grupa \u0107e imati svoje vodi\u010de. U \u0160panovici \u0107e biti ponu\u0111eni osvje\u017eavaju\u0107i napitci po popularnim cijenama (u selu nema trgovine) i \u010daj ako bude hladno. Organizirana prehrana nije predvi\u0111ena. Onima koji to \u017eele, prevest \u0107e se prtljaga (presvlaka, hrana i sl) do odmori\u0161ta i kasnije do doma na Omanovcu. Za grupu B i one iz grupe A, koji ne \u017eele nastaviti dalje od\u00a0 \u0160panovice, organizirat \u0107e se prijevoz (ako nemaju svoj) do Omanovca po popularnoj cijeni. Zbog planiranja, potrebno je prijaviti potrebe za prijevozom osoba najkasnije do 18.05.2011.<\/p>\n<ul style=\"text-align: justify;\">\n<li>19,00 &#8211; 06,00\u00a0 ve\u010dera, odmor i no\u0107enje u pl.domu Omanovac<\/li>\n<\/ul>\n<p style=\"text-align: justify;\">Smje\u0161taj i prehranu organizira domar pl. doma Omanovac, pa se za rezervaciju smje\u0161taja i informacije o prehrani treba obratiti izravno na: Zdravko \u010catak-Bijeli, tel. 034\/411-442 mob. 099 213 03 63.<\/p>\n<p style=\"text-align: justify;\">Po \u017eelji ili ako ne bude mjesta u domu, mo\u017ee se no\u0107iti u \u0161atorima na livadi pored doma bez naknade ili u dnevnom boravku na svojim prostirkama i vre\u0107ama ( u dogovoru s domarom)<strong><\/strong><\/p>\n<p style=\"text-align: justify;\"><strong>22.05. nedjelja<\/strong><\/p>\n<ul style=\"text-align: justify;\">\n<li>7,00 nastavak pohoda u dvije grupe:<br \/>A) zahtjevnija &#8211; za one koji \u017eele hodati do Strmca (9 sati hoda)<br \/>B) prosje\u010dna &#8211; za one koji \u017eele hodati do Vodostaja i poslije vozilima do Strmca<\/li>\n<\/ul>\n<p style=\"text-align: justify;\">Satnica drugoga dana: \u0160iroki brijeg (3,5 h), Vodostaj (1 h), Brezovo polje (2 h) Strmac (2,5 h) ukupno 9 h.<\/p>\n<p style=\"text-align: justify;\">Svaka grupa \u0107e imati svoje vodi\u010de. Na Vodostaju \u0107e biti ponu\u0111eni osvje\u017eavaju\u0107i napitci po popularnim cijenama\u00a0 i \u010daj ako bude hladno. Organizirana prehrana nije predvi\u0111ena. Onima koji to \u017eele, prevest \u0107e se prtljaga(presvlaka, hrana i sl) do odmori\u0161ta i kasnije do pl. ku\u0107e na Strmcu. Za grupu B i one iz grupe A, koji ne \u017eele nastaviti dalje od\u00a0 Vodostaja, organizirat \u0107e se prijevoz (ako nemaju svoj) do Omanovca po popularnoj cijeni. Zbog planiranja, potrebno je prijaviti potrebe za prijevozom osoba najkasnije do 18.05.2011.<\/p>\n<ul style=\"text-align: justify;\">\n<li>17,00 &#8211; 18,00 sati &#8211; dolazak do pl.ku\u0107e Strmac, zavr\u0161etak Pohoda<\/li>\n<\/ul>\n<p style=\"text-align: justify;\">Za one koji \u017eele topli obrok na kraju puta ili preno\u0107iti na Strmcu, potrebno je to dogovoriti s domarom: \u017deljko Br\u010di\u0107 &#8211; Du\u0161a , mob 0981952320.<\/p>\n<p style=\"text-align: justify;\">Za one koji nemaju svoj prijevoz i treba ih vratiti (samo voza\u010de ili sve zajedno) do vozila parkiranih kod doma Petrov vrh, organizirat \u0107e se prijevoz po popularnoj cijeni. Zbog planiranja, potrebno je prijaviti potrebe za prijevozom osoba najkasnije do 18.05.2011.<\/p>\n<p style=\"text-align: justify;\"><strong>Dodatne mogu\u0107nosti:<\/strong><\/p>\n<ul style=\"text-align: justify;\">\n<li>najavljena je manja grupa (3-4) entuzijasta koji planiraju turno pro\u0107i cijeli SPP u 9-10 dana. Oni \u0107e krenuti zajedno s grupom A i u ponedjeljak nastaviti SPP-om sve do 29.5. kada bi trebali ponovno do\u0107i do doma Petrov vrh. Putem \u0107e ih, po potrebi, pomagati povjerenici koji odr\u017eavaju dionice SPP.\u00a0 Ako im se jo\u0161 netko \u017eeli pridru\u017eiti, mora biti kondicijski spreman i po\u0161tivati dogovorna pravila grupe. Veza za dogovor: Berislav Tkalac, 0996764736.<\/li>\n<li>tko ne mo\u017ee do\u0107i u subotu u jutro, mo\u017ee se Pohodu pridru\u017eiti u \u0160panovici oko 13,00 sati (uz najavu) ili u nedjelju u jutro<\/li>\n<li>svi koji bi do\u0161li zajedno s &#8220;ja\u010dim hoda\u010dima&#8221;, a nisu spremni na ve\u0107e napore, mogu provesti ugodan vikend kra\u0107im turama ozna\u010denim stazama oko domova u vlastitoj organizaciji (nisu predvi\u0111eni vodi\u010di)<\/li>\n<\/ul>\n<p style=\"text-align: justify;\">Artkli koji \u0107e biti u prodaji:<\/p>\n<ul style=\"text-align: justify;\">\n<li>novi dnevnik SPP<\/li>\n<li>bed\u017e<\/li>\n<li>majica<\/li>\n<li>spomen karton Pohoda s tabelom za prigodne pe\u010date<\/li>\n<\/ul>\n<p style=\"text-align: justify;\">Molimo najave dolaska, a naro\u010dito potreba za prijevozom osoba \u010dim prije, a najkasnije 18.5.2011. isklju\u010divo na e-mail adresu:<span>\u00a0<\/span><span id=\"cloakd7caa803f6862c913c7754924207115c\"><a href=\"mailto:slavonski.planinari@gmail.com\">slavonski.planinari@gmail.com<\/a><\/span>.<\/p>\n<p style=\"text-align: justify;\">Organizator osigurava: vodi\u010de, jutarnji \u010daj i pecivo, prijevoz rezervnih stvari i opreme,\u00a0 osvje\u017eavaju\u0107e napitke na odmori\u0161tima, po najavi i dogovoru: prijevoz ljudi, doprema npr. svje\u017eeg kruha i sl.<\/p>\n<p style=\"text-align: justify;\">Rezervacije i dogovore oko no\u0107enja i toplih obroka treba izravno dogovarati s domarima objekata (kontakti navedeni u gornjem tekstu).<\/p>\n<p style=\"text-align: justify;\">Za sva poja\u0161njenja, pitanja, najave i sl: Otmar Tosenberger, 091\/1814119, e-mail:\u00a0<span>\u00a0<\/span><span id=\"cloakbb8f9822283f16beea2d527dc7cd6dbe\"><a href=\"mailto:slavonski.planinari@gmail.com\">slavonski.planinari@gmail.com<\/a><\/span>, a za pitanja u vezi trase Pohoda: \u017darko Ro\u010dek,\u00a0 098\/1390-864.<\/p>\n<p style=\"text-align: center;\">Dobro do\u0161li !<\/p>\n<\/div>\n<p>[\/et_pb_text][\/et_pb_column][\/et_pb_row][\/et_pb_section]<\/p>\n","protected":false},"excerpt":{"rendered":"<p>Dragi prijatelji, planinarke i planinari, kako smo ve\u0107 najavili, pozivamo vas na prvi &#8220;Pohod slavonskim planinama&#8221; trasom SPP-a od Petrovog vrha preko Omanovca do Strmca i otvaranje pro\u0161irene &#8211; zaokru\u017eene trase Slavonskog planinarskog puta. Slavonski planinarski put uspostavljen je 27. srpnja 1957. kao prva planinarska obilaznica u Hrvatskoj. Put je zapo\u010dinjao na \u017eeljezni\u010dkoj postaji Lond\u017eica, [&hellip;]<\/p>\n","protected":false},"author":1,"featured_media":0,"comment_status":"closed","ping_status":"open","sticky":false,"template":"","format":"standard","meta":{"_et_pb_use_builder":"on","_et_pb_old_content":"","_et_gb_content_width":"1080","footnotes":""},"categories":[25],"tags":[],"class_list":["post-1304","post","type-post","status-publish","format-standard","hentry","category-25"],"_links":{"self":[{"href":"https:\/\/www.slavonski-planinari.hr\/arhiva\/wp-json\/wp\/v2\/posts\/1304","targetHints":{"allow":["GET"]}}],"collection":[{"href":"https:\/\/www.slavonski-planinari.hr\/arhiva\/wp-json\/wp\/v2\/posts"}],"about":[{"href":"https:\/\/www.slavonski-planinari.hr\/arhiva\/wp-json\/wp\/v2\/types\/post"}],"author":[{"embeddable":true,"href":"https:\/\/www.slavonski-planinari.hr\/arhiva\/wp-json\/wp\/v2\/users\/1"}],"replies":[{"embeddable":true,"href":"https:\/\/www.slavonski-planinari.hr\/arhiva\/wp-json\/wp\/v2\/comments?post=1304"}],"version-history":[{"count":0,"href":"https:\/\/www.slavonski-planinari.hr\/arhiva\/wp-json\/wp\/v2\/posts\/1304\/revisions"}],"wp:attachment":[{"href":"https:\/\/www.slavonski-planinari.hr\/arhiva\/wp-json\/wp\/v2\/media?parent=1304"}],"wp:term":[{"taxonomy":"category","embeddable":true,"href":"https:\/\/www.slavonski-planinari.hr\/arhiva\/wp-json\/wp\/v2\/categories?post=1304"},{"taxonomy":"post_tag","embeddable":true,"href":"https:\/\/www.slavonski-planinari.hr\/arhiva\/wp-json\/wp\/v2\/tags?post=1304"}],"curies":[{"name":"wp","href":"https:\/\/api.w.org\/{rel}","templated":true}]}}