{"id":1297,"date":"2011-05-01T11:12:00","date_gmt":"2011-05-01T10:12:00","guid":{"rendered":"https:\/\/www.slavonski-planinari.hr\/arhiva\/?p=1297"},"modified":"2023-01-02T11:15:03","modified_gmt":"2023-01-02T10:15:03","slug":"od-ivane-do-tadije","status":"publish","type":"post","link":"https:\/\/www.slavonski-planinari.hr\/arhiva\/od-ivane-do-tadije\/","title":{"rendered":"Od Ivane do Tadije"},"content":{"rendered":"<p>[et_pb_section fb_built=&#8221;1&#8243; _builder_version=&#8221;4.19.4&#8243; _module_preset=&#8221;default&#8221; custom_padding=&#8221;4px||72px|||&#8221; global_colors_info=&#8221;{}&#8221; theme_builder_area=&#8221;post_content&#8221;][et_pb_row _builder_version=&#8221;4.19.4&#8243; _module_preset=&#8221;default&#8221; global_colors_info=&#8221;{}&#8221; theme_builder_area=&#8221;post_content&#8221;][et_pb_column type=&#8221;4_4&#8243; _builder_version=&#8221;4.19.4&#8243; _module_preset=&#8221;default&#8221; global_colors_info=&#8221;{}&#8221; theme_builder_area=&#8221;post_content&#8221;][et_pb_text _builder_version=&#8221;4.19.4&#8243; _module_preset=&#8221;default&#8221; hover_enabled=&#8221;0&#8243; global_colors_info=&#8221;{}&#8221; theme_builder_area=&#8221;post_content&#8221; sticky_enabled=&#8221;0&#8243;]<\/p>\n<div class=\"itemIntroText\">\n<p style=\"text-align: justify;\"><strong><img loading=\"lazy\" decoding=\"async\" src=\"https:\/\/www.slavonski-planinari.hr\/arhiva\/wp-content\/uploads\/2023\/01\/tadija1.jpg\" width=\"171\" height=\"121\" alt=\"\" class=\"wp-image-1299 alignleft size-full\" \/>&#8220;Od Ivane do Tadije&#8221; &#8211; planinarska manifestacija HPD &#8220;Dilj gora&#8221;, Slavonski Brod<\/strong><\/p>\n<p style=\"text-align: justify;\">Dana 17.04.2011. godine planinari HPD \u201eDilj gora\u201c Slavonski Brod zapo\u010deli su s planinarskom manifestacijom \u201eOd Ivane do Tadije\u201c koja je posve\u0107ena velikim knji\u017eevnicima i pjesnicima, Ivani Brli\u0107-Ma\u017eurani\u0107 i Dragutinu Tadijanovi\u0107u, kojom prilikom je otvorena i nova planinarska staza istoga imena.<\/p>\n<\/div>\n<div class=\"itemFullText\">\n<p style=\"text-align: justify;\">\n<p style=\"text-align: justify;\">Manifestacija je zapo\u010dela okupljanjem planinara i ljubitelja pisane rije\u010di pred Planinarskim domom \u201e\u0110uro Pilar\u201c na Brodskom brdu. Ono najva\u017enije, odazvalo se puno mladih i \u0161kolske mlade\u017ei. Nakon doru\u010dka i pozdravne rije\u010di predsjednice HPD \u201eDilj gora\u201c Marice Petri\u010devi\u0107, krenulo se prema Brli\u0107evcu, gdje je pored ku\u0107e u kojoj je \u017eivjela i stvarala Ivana Brli\u0107-Ma\u017eurani\u0107 sudionicima pohoda prof. Tandari\u0107 pribli\u017eio stvarala\u0161tvo i \u017eivot knji\u017eevnice.<\/p>\n<p style=\"text-align: justify;\"><img loading=\"lazy\" decoding=\"async\" src=\"https:\/\/www.slavonski-planinari.hr\/arhiva\/wp-content\/uploads\/2023\/01\/tadija2.jpg\" width=\"458\" height=\"315\" alt=\"\" class=\"wp-image-1300 aligncenter size-full\" srcset=\"https:\/\/www.slavonski-planinari.hr\/arhiva\/wp-content\/uploads\/2023\/01\/tadija2.jpg 458w, https:\/\/www.slavonski-planinari.hr\/arhiva\/wp-content\/uploads\/2023\/01\/tadija2-300x206.jpg 300w\" sizes=\"(max-width: 458px) 100vw, 458px\" \/><\/p>\n<p style=\"text-align: justify;\">Od Brli\u0107evca put vodi dalje prema kapelici Sv. Petke, koju su obnovili i uredili planinari Slavonskog Broda, omiljenom izleti\u0161tu Bro\u0111ana. Tu se odmorilo, a na\u0161 planinarski prijatelj Zlatko Gorec upoznao nas je s radovima brodskih planinara na obnovi kapele i izvora i ure\u0111enju prostora.<\/p>\n<p style=\"text-align: justify;\">Put smo nastavili dalje prema selu Rastu\u0161je, rodnom selu pjesnika Dragutina Tadijanovi\u0107a. Ispred pjesnikove rodne ku\u0107e u Rastu\u0161ju sudionike pohoda pozdravio je pjesnikov praunuk, koji je zatim sve pozvao u dvori\u0161te gdje je slijedilo detaljnije upoznavanje sa \u017eivotom i radom pjesnika Dragutina Tadijanovi\u0107a. Sjedili smo uz potok od \u010dijih su vrba nastajale \u201esrebrne svirale\u201c, gledali polja na kojima su rasla \u201evisoka \u017euta \u017eita\u201c i prozore iza kojih je \u201edugo u no\u0107, u gluhu zimsku no\u0107\u201c pjesnikova mati tkala. Naime, pjesnik je od ro\u0111enja do 1923. godine \u017eivio u Rastu\u0161ju i tu su nastale njegove najljep\u0161e, najemotivnije pjesme. Na ovom pohodu mogli smo ih uistinu do\u017eivjeti.<\/p>\n<p style=\"text-align: justify;\"><img loading=\"lazy\" decoding=\"async\" src=\"https:\/\/www.slavonski-planinari.hr\/arhiva\/wp-content\/uploads\/2023\/01\/tadija3.jpg\" width=\"469\" height=\"320\" alt=\"\" class=\"wp-image-1301 aligncenter size-full\" srcset=\"https:\/\/www.slavonski-planinari.hr\/arhiva\/wp-content\/uploads\/2023\/01\/tadija3.jpg 469w, https:\/\/www.slavonski-planinari.hr\/arhiva\/wp-content\/uploads\/2023\/01\/tadija3-300x205.jpg 300w\" sizes=\"(max-width: 469px) 100vw, 469px\" \/><\/p>\n<p style=\"text-align: justify;\">Planinarska staza vodi\u00a0 uz polja Rastu\u0161ja lagano uzbrdo u \u0161umu i \u0161umom dalje do \u201e\u0160ume striborove\u201c, carstva ma\u0161te na\u0161e knji\u017eevnice Ivane Brli\u0107-Ma\u017eurani\u0107, gdje su Bro\u0111ani uredili dje\u010dje igrali\u0161te, tu se odmara i vra\u0107a mislima u djetinjstvo u \u201epri\u010de iz davnine\u201c koje su nas tada ispunjale. Zadnja dionica staze ide Brodskim brdom do Planinarskog doma \u201e\u0110uro Pilar\u201c, gdje slijedi odmor, objed i planinarska veselica.<\/p>\n<p style=\"text-align: justify;\">Planinar je, bez sumnje, emotivna osoba i ova manifestacija kao sjedinjenje pjesme i proze, emocija i planinarstva, \u017eivota i rada u prirodi, ispunila je sva o\u010dekivanja pravog planinara.<\/p>\n<p style=\"text-align: justify;\"><img loading=\"lazy\" decoding=\"async\" src=\"https:\/\/www.slavonski-planinari.hr\/arhiva\/wp-content\/uploads\/2023\/01\/tadija4.jpg\" width=\"469\" height=\"320\" alt=\"\" class=\"wp-image-1302 aligncenter size-full\" srcset=\"https:\/\/www.slavonski-planinari.hr\/arhiva\/wp-content\/uploads\/2023\/01\/tadija4.jpg 469w, https:\/\/www.slavonski-planinari.hr\/arhiva\/wp-content\/uploads\/2023\/01\/tadija4-300x205.jpg 300w\" sizes=\"(max-width: 469px) 100vw, 469px\" \/><\/p>\n<p style=\"text-align: justify;\">Sve \u010destitke planinarima HPD \u201eDilj gora\u201c Slavonski Brod na izvrsnoj organizaciji planinarske manifestacije \u201eOd Ivane do Tadije\u201c, a isto tako na izvrsno ure\u0111enoj planinarskoj stazi istog naziva koja se pro\u0111e za 3,5 sata i svaki ju planinar bez napora mo\u017ee i treba pro\u0107i.<\/p>\n<\/div>\n<p>[\/et_pb_text][\/et_pb_column][\/et_pb_row][\/et_pb_section]<\/p>\n","protected":false},"excerpt":{"rendered":"<p>&#8220;Od Ivane do Tadije&#8221; &#8211; planinarska manifestacija HPD &#8220;Dilj gora&#8221;, Slavonski Brod Dana 17.04.2011. godine planinari HPD \u201eDilj gora\u201c Slavonski Brod zapo\u010deli su s planinarskom manifestacijom \u201eOd Ivane do Tadije\u201c koja je posve\u0107ena velikim knji\u017eevnicima i pjesnicima, Ivani Brli\u0107-Ma\u017eurani\u0107 i Dragutinu Tadijanovi\u0107u, kojom prilikom je otvorena i nova planinarska staza istoga imena. Manifestacija je zapo\u010dela [&hellip;]<\/p>\n","protected":false},"author":1,"featured_media":0,"comment_status":"closed","ping_status":"open","sticky":false,"template":"","format":"standard","meta":{"_et_pb_use_builder":"on","_et_pb_old_content":"","_et_gb_content_width":"1080","footnotes":""},"categories":[25],"tags":[],"class_list":["post-1297","post","type-post","status-publish","format-standard","hentry","category-25"],"_links":{"self":[{"href":"https:\/\/www.slavonski-planinari.hr\/arhiva\/wp-json\/wp\/v2\/posts\/1297","targetHints":{"allow":["GET"]}}],"collection":[{"href":"https:\/\/www.slavonski-planinari.hr\/arhiva\/wp-json\/wp\/v2\/posts"}],"about":[{"href":"https:\/\/www.slavonski-planinari.hr\/arhiva\/wp-json\/wp\/v2\/types\/post"}],"author":[{"embeddable":true,"href":"https:\/\/www.slavonski-planinari.hr\/arhiva\/wp-json\/wp\/v2\/users\/1"}],"replies":[{"embeddable":true,"href":"https:\/\/www.slavonski-planinari.hr\/arhiva\/wp-json\/wp\/v2\/comments?post=1297"}],"version-history":[{"count":0,"href":"https:\/\/www.slavonski-planinari.hr\/arhiva\/wp-json\/wp\/v2\/posts\/1297\/revisions"}],"wp:attachment":[{"href":"https:\/\/www.slavonski-planinari.hr\/arhiva\/wp-json\/wp\/v2\/media?parent=1297"}],"wp:term":[{"taxonomy":"category","embeddable":true,"href":"https:\/\/www.slavonski-planinari.hr\/arhiva\/wp-json\/wp\/v2\/categories?post=1297"},{"taxonomy":"post_tag","embeddable":true,"href":"https:\/\/www.slavonski-planinari.hr\/arhiva\/wp-json\/wp\/v2\/tags?post=1297"}],"curies":[{"name":"wp","href":"https:\/\/api.w.org\/{rel}","templated":true}]}}