{"id":1291,"date":"2011-05-01T11:07:00","date_gmt":"2011-05-01T10:07:00","guid":{"rendered":"https:\/\/www.slavonski-planinari.hr\/arhiva\/?p=1291"},"modified":"2023-01-02T11:10:52","modified_gmt":"2023-01-02T10:10:52","slug":"12-ti-podunavski-pjesacki-put","status":"publish","type":"post","link":"https:\/\/www.slavonski-planinari.hr\/arhiva\/12-ti-podunavski-pjesacki-put\/","title":{"rendered":"12-ti Podunavski pje\u0161a\u010dki put"},"content":{"rendered":"<p>[et_pb_section fb_built=&#8221;1&#8243; _builder_version=&#8221;4.19.4&#8243; _module_preset=&#8221;default&#8221; custom_padding=&#8221;4px||72px|||&#8221; global_colors_info=&#8221;{}&#8221; theme_builder_area=&#8221;post_content&#8221;][et_pb_row _builder_version=&#8221;4.19.4&#8243; _module_preset=&#8221;default&#8221; global_colors_info=&#8221;{}&#8221; theme_builder_area=&#8221;post_content&#8221;][et_pb_column type=&#8221;4_4&#8243; _builder_version=&#8221;4.19.4&#8243; _module_preset=&#8221;default&#8221; global_colors_info=&#8221;{}&#8221; theme_builder_area=&#8221;post_content&#8221;][et_pb_text _builder_version=&#8221;4.19.4&#8243; _module_preset=&#8221;default&#8221; hover_enabled=&#8221;0&#8243; global_colors_info=&#8221;{}&#8221; theme_builder_area=&#8221;post_content&#8221; sticky_enabled=&#8221;0&#8243;]<\/p>\n<div class=\"itemIntroText\">\n<p style=\"text-align: justify;\"><img loading=\"lazy\" decoding=\"async\" src=\"https:\/\/www.slavonski-planinari.hr\/arhiva\/wp-content\/uploads\/2023\/01\/ppp1.jpg\" width=\"100\" height=\"71\" alt=\"\" class=\"wp-image-1293 alignleft size-full\" \/>U nedjelju 17. travnja 2011. godine u povodu Dana planeta zemlja odr\u017ean je 12-ti obilazak Podunavskog pje\u0161a\u010dkog puta na trasi Bijelo Brdo -Aljma\u0161 &#8211; Erdut u organizaciji HPD &#8220;Zanatlija&#8221; Osijek.<\/p>\n<\/div>\n<div class=\"itemFullText\">\n<p style=\"text-align: justify;\">Ove godine je trasa ne\u0161to promijenjena (zbog okrupnjavanja privatnih posjeda je zagra\u0111en profil terena izme\u0111u ceste Aljma\u0161 &#8211; Erdut i Dunava) tako da je ve\u0107im dijelom put i\u0161ao pored Dunava \u0161to je uvelo osvje\u017eenje za u\u010desnike koji su redoviti ili \u010desti na ovom putu.<\/p>\n<p style=\"text-align: center;\"><a href=\"https:\/\/www.slavonski-planinari.hr\/arhiva\/wp-content\/uploads\/2023\/01\/ppp2.jpg\"><\/a><img loading=\"lazy\" decoding=\"async\" src=\"https:\/\/www.slavonski-planinari.hr\/arhiva\/wp-content\/uploads\/2023\/01\/ppp2.jpg\" width=\"625\" height=\"424\" alt=\"\" class=\"wp-image-1294 aligncenter size-full\" srcset=\"https:\/\/www.slavonski-planinari.hr\/arhiva\/wp-content\/uploads\/2023\/01\/ppp2.jpg 625w, https:\/\/www.slavonski-planinari.hr\/arhiva\/wp-content\/uploads\/2023\/01\/ppp2-480x326.jpg 480w\" sizes=\"(min-width: 0px) and (max-width: 480px) 480px, (min-width: 481px) 625px, 100vw\" \/><br \/><em><strong>Vlado Obad je poveo u\u010desnike ka Erdutu<\/strong><\/em><\/p>\n<p style=\"text-align: justify;\">Na veliku radost u\u010desnika i ove godine teglenicom su mogli u kru\u017enoj plovidbi posjetiti u\u0161\u0107e Drave u Dunav. Na kraju vi\u0161esatnog pje\u0161a\u010denja po lijepom vremenu, u\u010desnici su u Erdutu posjetili vinariju sa najve\u0107om drvenom ba\u010dvom za vino (70 000 hl), uz grah, \u010dobanac ili fi\u0161 , te program HKUD-a iz Erduta se veselili do neumitnog trenutka rastanka i odlaska ku\u0107ama.<\/p>\n<p style=\"text-align: center;\"><a href=\"https:\/\/www.slavonski-planinari.hr\/arhiva\/wp-content\/uploads\/2023\/01\/ppp3.jpg\"><\/a><img loading=\"lazy\" decoding=\"async\" src=\"https:\/\/www.slavonski-planinari.hr\/arhiva\/wp-content\/uploads\/2023\/01\/ppp3.jpg\" width=\"625\" height=\"424\" alt=\"\" class=\"wp-image-1295 aligncenter size-full\" srcset=\"https:\/\/www.slavonski-planinari.hr\/arhiva\/wp-content\/uploads\/2023\/01\/ppp3.jpg 625w, https:\/\/www.slavonski-planinari.hr\/arhiva\/wp-content\/uploads\/2023\/01\/ppp3-480x326.jpg 480w\" sizes=\"(min-width: 0px) and (max-width: 480px) 480px, (min-width: 481px) 625px, 100vw\" \/><br \/><em><strong>U\u010desnici u vo\u017enji teglenicom<\/strong><\/em><\/p>\n<p style=\"text-align: justify;\">Na ovogodi\u0161njoj manifestaciji okupilo se 338 u\u010desnika iz 23 planinarska dru\u0161tva iz Hrvatske, BiH i Srbije.<\/p>\n<\/div>\n<p>[\/et_pb_text][\/et_pb_column][\/et_pb_row][\/et_pb_section]<\/p>\n","protected":false},"excerpt":{"rendered":"<p>U nedjelju 17. travnja 2011. godine u povodu Dana planeta zemlja odr\u017ean je 12-ti obilazak Podunavskog pje\u0161a\u010dkog puta na trasi Bijelo Brdo -Aljma\u0161 &#8211; Erdut u organizaciji HPD &#8220;Zanatlija&#8221; Osijek. Ove godine je trasa ne\u0161to promijenjena (zbog okrupnjavanja privatnih posjeda je zagra\u0111en profil terena izme\u0111u ceste Aljma\u0161 &#8211; Erdut i Dunava) tako da je ve\u0107im [&hellip;]<\/p>\n","protected":false},"author":1,"featured_media":0,"comment_status":"closed","ping_status":"open","sticky":false,"template":"","format":"standard","meta":{"_et_pb_use_builder":"on","_et_pb_old_content":"","_et_gb_content_width":"1080","footnotes":""},"categories":[25],"tags":[],"class_list":["post-1291","post","type-post","status-publish","format-standard","hentry","category-25"],"_links":{"self":[{"href":"https:\/\/www.slavonski-planinari.hr\/arhiva\/wp-json\/wp\/v2\/posts\/1291","targetHints":{"allow":["GET"]}}],"collection":[{"href":"https:\/\/www.slavonski-planinari.hr\/arhiva\/wp-json\/wp\/v2\/posts"}],"about":[{"href":"https:\/\/www.slavonski-planinari.hr\/arhiva\/wp-json\/wp\/v2\/types\/post"}],"author":[{"embeddable":true,"href":"https:\/\/www.slavonski-planinari.hr\/arhiva\/wp-json\/wp\/v2\/users\/1"}],"replies":[{"embeddable":true,"href":"https:\/\/www.slavonski-planinari.hr\/arhiva\/wp-json\/wp\/v2\/comments?post=1291"}],"version-history":[{"count":0,"href":"https:\/\/www.slavonski-planinari.hr\/arhiva\/wp-json\/wp\/v2\/posts\/1291\/revisions"}],"wp:attachment":[{"href":"https:\/\/www.slavonski-planinari.hr\/arhiva\/wp-json\/wp\/v2\/media?parent=1291"}],"wp:term":[{"taxonomy":"category","embeddable":true,"href":"https:\/\/www.slavonski-planinari.hr\/arhiva\/wp-json\/wp\/v2\/categories?post=1291"},{"taxonomy":"post_tag","embeddable":true,"href":"https:\/\/www.slavonski-planinari.hr\/arhiva\/wp-json\/wp\/v2\/tags?post=1291"}],"curies":[{"name":"wp","href":"https:\/\/api.w.org\/{rel}","templated":true}]}}