{"id":1238,"date":"2011-02-24T10:21:00","date_gmt":"2011-02-24T09:21:00","guid":{"rendered":"https:\/\/www.slavonski-planinari.hr\/arhiva\/?p=1238"},"modified":"2023-01-02T10:24:34","modified_gmt":"2023-01-02T09:24:34","slug":"xxix-papucki-jaglaci","status":"publish","type":"post","link":"https:\/\/www.slavonski-planinari.hr\/arhiva\/xxix-papucki-jaglaci\/","title":{"rendered":"XXIX. Papu\u010dki jaglaci"},"content":{"rendered":"<p>[et_pb_section fb_built=&#8221;1&#8243; _builder_version=&#8221;4.19.4&#8243; _module_preset=&#8221;default&#8221; custom_padding=&#8221;4px||72px|||&#8221; global_colors_info=&#8221;{}&#8221; theme_builder_area=&#8221;post_content&#8221;][et_pb_row _builder_version=&#8221;4.19.4&#8243; _module_preset=&#8221;default&#8221; global_colors_info=&#8221;{}&#8221; theme_builder_area=&#8221;post_content&#8221;][et_pb_column type=&#8221;4_4&#8243; _builder_version=&#8221;4.19.4&#8243; _module_preset=&#8221;default&#8221; global_colors_info=&#8221;{}&#8221; theme_builder_area=&#8221;post_content&#8221;][et_pb_text _builder_version=&#8221;4.19.4&#8243; _module_preset=&#8221;default&#8221; hover_enabled=&#8221;0&#8243; global_colors_info=&#8221;{}&#8221; theme_builder_area=&#8221;post_content&#8221; sticky_enabled=&#8221;0&#8243;]<\/p>\n<div class=\"itemIntroText\">\n<p style=\"text-align: justify;\"><img loading=\"lazy\" decoding=\"async\" src=\"https:\/\/www.slavonski-planinari.hr\/arhiva\/wp-content\/uploads\/2023\/01\/24022011_jaglaci1.jpg\" width=\"100\" height=\"71\" alt=\"\" class=\"wp-image-1240 alignleft size-full\" \/>HPD Sokolovac Po\u017eega ima zadovoljstvo priop\u0107iti kako se ovogodi\u0161nja, tradicionalna planinarska priredba,\u00a0 XXIX. &#8221;Papu\u010dki jaglaci&#8221; odr\u017eava u nedjelju\u00a0 20. o\u017eujka 2011. godine u Velikoj.<\/p>\n<\/div>\n<div class=\"itemFullText\">\n<p style=\"text-align: justify;\">Uz poziv Vama i Va\u0161im ljubiteljima prirode za sudjelovanje na &#8221;Papu\u010dkim jaglacima&#8221;, dajemo na uvid kra\u0107i sinopsis ove priredbe.<\/p>\n<p style=\"text-align: justify;\">Okupljanje svih sudionika zakazano je do 9 sati ispred Planinarskog doma &#8221;Lapjak&#8221; u Velikoj. Napominjemo kako \u0107e istog dana biti otvorenje donjeg dijela Doma, dok \u0107e kretanje na planinarske izlete, ru\u010dak i planinarska veselica biti organizirani na parkingu Doma.<\/p>\n<p style=\"text-align: justify;\">Pozdravne rije\u010di organizatora su u 9 sati, a odlazak na planinarske izlete u pratnji vodi\u010da zakazan je za 9:15 s parkinga.<\/p>\n<p style=\"text-align: justify;\">Evo i ponude za ovogodi\u0161nje izlete:<\/p>\n<ol style=\"text-align: justify;\">\n<li>Planinarski dom \u2013 Lapjak \u2013 Tauberove stijene \u2013 Dom<\/li>\n<li>Planinarski dom \u2013 Mali\u0161\u010dak \u2013 Dom<\/li>\n<li>Planinarski dom \u2013 Nevolja\u0161 \u2013 Jankovac \u2013 Duboka &#8211; Dom<\/li>\n<li>Planinarski dom \u2013 Duboka \u2013 Jankovac \u2013 Duboka \u2013 Dom<\/li>\n<li>Planinarski dom \u2013 \u010ce\u0161ljakova\u010dki vis \u2013 Plan. ku\u0107a\u00a0 &#8221;Tri\u0161njica&#8221; \u2013 Duboka \u2013 Dom<\/li>\n<li>Izlet u nepoznato \u2013 Dom<\/li>\n<li>Planinarski dom \u2013 Duboka \u2013 plan. ku\u0107a &#8221;Tri\u0161njica \u2013 Duboka \u2013 Dom<\/li>\n<\/ol>\n<p style=\"text-align: justify;\">Molimo sva dru\u0161tva da pri dolasku na\u00a0 &#8221;Papu\u010dke jaglace&#8221; svakako prijave svoje dru\u0161tvo i broj sudionika. Unaprijed se zahvaljujemo.<\/p>\n<p style=\"text-align: justify;\"><img loading=\"lazy\" decoding=\"async\" src=\"https:\/\/www.slavonski-planinari.hr\/arhiva\/wp-content\/uploads\/2023\/01\/24022011_jaglaci2.jpg\" width=\"621\" height=\"423\" alt=\"\" class=\"wp-image-1241 aligncenter size-full\" srcset=\"https:\/\/www.slavonski-planinari.hr\/arhiva\/wp-content\/uploads\/2023\/01\/24022011_jaglaci2.jpg 621w, https:\/\/www.slavonski-planinari.hr\/arhiva\/wp-content\/uploads\/2023\/01\/24022011_jaglaci2-480x327.jpg 480w\" sizes=\"(min-width: 0px) and (max-width: 480px) 480px, (min-width: 481px) 621px, 100vw\" \/><\/p>\n<p style=\"text-align: justify;\">Ru\u010dak za sve sudionike je od 12 \u2013 14 sati. Prodaja bonova po dolasku (kod Doma) ili po prethodnoj, ranijoj narud\u017ebi. (Livak 099\/256-4000, Lovri\u0107 099\/291-4900). Planinarska veselica zapo\u010dinje u 13 sati.<\/p>\n<p style=\"text-align: justify;\">Kao i prija\u0161njih godina, molimo planinarska dru\u0161tva koja na &#8221;Papu\u010dke jaglace&#8221; dolaze autobusima, da su du\u017eni autobuse parkirati kod \u017eupne crkve. Osobne automobile treba svakako parkirati isklju\u010divo na parkingu kod bazena. Napominjemo kako \u0107e do 11 sati kod parkirali\u0161ta biti zaprije\u010dena cesta kako bi se promet mogao uredno regulirati, a vozila parkirati.<\/p>\n<\/div>\n<p>[\/et_pb_text][\/et_pb_column][\/et_pb_row][\/et_pb_section]<\/p>\n","protected":false},"excerpt":{"rendered":"<p>HPD Sokolovac Po\u017eega ima zadovoljstvo priop\u0107iti kako se ovogodi\u0161nja, tradicionalna planinarska priredba,\u00a0 XXIX. &#8221;Papu\u010dki jaglaci&#8221; odr\u017eava u nedjelju\u00a0 20. o\u017eujka 2011. godine u Velikoj. Uz poziv Vama i Va\u0161im ljubiteljima prirode za sudjelovanje na &#8221;Papu\u010dkim jaglacima&#8221;, dajemo na uvid kra\u0107i sinopsis ove priredbe. Okupljanje svih sudionika zakazano je do 9 sati ispred Planinarskog doma &#8221;Lapjak&#8221; [&hellip;]<\/p>\n","protected":false},"author":1,"featured_media":0,"comment_status":"closed","ping_status":"open","sticky":false,"template":"","format":"standard","meta":{"_et_pb_use_builder":"on","_et_pb_old_content":"","_et_gb_content_width":"1080","footnotes":""},"categories":[25],"tags":[],"class_list":["post-1238","post","type-post","status-publish","format-standard","hentry","category-25"],"_links":{"self":[{"href":"https:\/\/www.slavonski-planinari.hr\/arhiva\/wp-json\/wp\/v2\/posts\/1238","targetHints":{"allow":["GET"]}}],"collection":[{"href":"https:\/\/www.slavonski-planinari.hr\/arhiva\/wp-json\/wp\/v2\/posts"}],"about":[{"href":"https:\/\/www.slavonski-planinari.hr\/arhiva\/wp-json\/wp\/v2\/types\/post"}],"author":[{"embeddable":true,"href":"https:\/\/www.slavonski-planinari.hr\/arhiva\/wp-json\/wp\/v2\/users\/1"}],"replies":[{"embeddable":true,"href":"https:\/\/www.slavonski-planinari.hr\/arhiva\/wp-json\/wp\/v2\/comments?post=1238"}],"version-history":[{"count":0,"href":"https:\/\/www.slavonski-planinari.hr\/arhiva\/wp-json\/wp\/v2\/posts\/1238\/revisions"}],"wp:attachment":[{"href":"https:\/\/www.slavonski-planinari.hr\/arhiva\/wp-json\/wp\/v2\/media?parent=1238"}],"wp:term":[{"taxonomy":"category","embeddable":true,"href":"https:\/\/www.slavonski-planinari.hr\/arhiva\/wp-json\/wp\/v2\/categories?post=1238"},{"taxonomy":"post_tag","embeddable":true,"href":"https:\/\/www.slavonski-planinari.hr\/arhiva\/wp-json\/wp\/v2\/tags?post=1238"}],"curies":[{"name":"wp","href":"https:\/\/api.w.org\/{rel}","templated":true}]}}